

{"id":2950,"date":"2015-09-10T00:31:03","date_gmt":"2015-09-09T22:31:03","guid":{"rendered":"http:\/\/catalinx.ro\/wordpress\/?p=2950"},"modified":"2015-09-10T00:36:15","modified_gmt":"2015-09-09T22:36:15","slug":"il-lansara-si-pe-asta-la-apa","status":"publish","type":"post","link":"https:\/\/catalinx.ro\/wordpress\/?p=2950","title":{"rendered":"\u00cel lansara \u0219i pe asta la apa"},"content":{"rendered":"<div id=\"fb-root\"><\/div>\n<p>&#8220;<em>You probably heard that more and more android customers are switching to iPhone<\/em>&#8221; e ceva ce zice nenea ala pe care nu \u0219tiu cum \u00eel cheam\u0103 \u00een prezentarea Iphone 6s.<\/p>\n<p>Bahahahaha! Right.<\/p>\n<p>Da,\u00a0 am v\u0103zut prezentarea Apple, \u00eenregistrat\u0103,\u00a0 ca nu mai am telefon iPhone de mult sa vad streamingul.<\/p>\n<p>E mai mult despre software \u0219i nu am nimic de comentat. Oamenii se pricep la asta. Chiar fac din c\u0103cat bici.<\/p>\n<p>Ce aduce nou pe pia\u021ba iPhone6s?<\/p>\n<p>&#8220;3d touch&#8221; &#8211; flegme \u0219i\u00a0 muci. O g\u0103selni\u021b\u0103 pe care &#8221; au inventat-o&#8221; ei care e de fapt un senzor de for\u021b\u0103 pentru ap\u0103sarea pe ecranul capacitiv sa \u00ee\u021bi ofere ni\u0219te meniuri contextuale \u00een func\u021bie de cum apesi.\u00a0 Ceva asem\u0103n\u0103tor e pe Samsung cred ca de la S4, doar ca pe long press short press, etc. Deci da, a trebuit sa vina Apple sa o fac\u0103 primii #calumea. Doar ca nu. Huawei au anun\u021bat deja tehnologia \u0219i au lansat-o acu&#8217; o s\u0103pt\u0103m\u00e2n\u0103 (hihihi) pe <a href=\"http:\/\/mashable.com\/2015\/09\/02\/huawei-mate-s-force-touch\/#.6HQ56iNJik.\">Mate S<\/a>.<br \/>\n\u0218i \u0103\u0219tia de la Huawei au \u0219i un UI interesant.<br \/>\nAltfel, cum spuneam integrarea \u0103stora de op\u021biuni \u00een ios 9 al lor e apetisanta, recunosc.<\/p>\n<p>Ce-au mai inventat?<br \/>\nUumm, blitzul pentru camera frontala, aia de selfie.<br \/>\nVe\u021bi zice: Ce mah?<br \/>\nRelax, au un booster la ecran, c\u00e2nd dai cu bli\u021bul se face alb \u0219i baga mai mult curent \u00een vena, zic ei, lumineaz\u0103 3x fata de str\u0103lucirea maxima pe modul normal.<br \/>\nDeci nimic cu adev\u0103rat hardware. Doar ceva tweaking firmware \u0219i adaptare soft. Bine \u0219i asa, bravo lor ca s-au g\u00e2ndit la asta.<\/p>\n<p>Camera foto de 12 megapicsi,\u00a0 nene! 50% \u00een plus&#8230;fata de vechiul iPhone, haha.<br \/>\n\u00ce\u021bi dai seama? Eu am de 20MP la Z3, zilele trecute,\u00a0 la Berlin parca, Sony a venit cu Z5,\u00a0 care are camera de 23 de megapixeli.<\/p>\n<p>Ca sa nu fiu c\u00e2rnat,\u00a0 \u0219i la mine, cele mai mi\u0219to poze pe automatic, cu HDR and shit le scot atunci c\u00e2nd camera se seteaz\u0103 singura la 8MP. Surplusul pana la 20 e folosit la noise reduction \u0219i alte calibr\u0103ri\/ filtre.<\/p>\n<p>Adev\u0103rul e ca pozele pe care le-am v\u0103zut \u00een prezentarea \u0103lora \u0219i care ei sus\u021bin ca nu sunt aranjate ci fix scoase din camera\u00a0 par sa arate mai bine un pic\u00a0 dec\u00e2t ce scot eu din Z3. \u0218i pozele de la Z3 sunt un pic peste alea din iPhone 6.<br \/>\nMa rog, nu \u0219tiu exact, poate o mai conta \u0219i \u0219oferul,\u00a0 cum se spunea pe vremuri.<\/p>\n<p>Ah, au mai inventat &#8220;live photo&#8221;, un fel de <a href=\"https:\/\/vine.co\/\">Vine ( care sunt ni\u0219te filmule\u021be de 6s) <\/a>,\u00a0 doar ca mai scurte, de 1.5 sec,\u00a0 sau 1.5 x 2, nu re\u021bin sigur.<br \/>\nCe re\u021bin e ca tehnologia e pu\u021bin diferita. Imaginea se salveaz\u0103 tot ca poza, nu e nevoie sa faci nimic \u00een plus, iar play dai pe baza de force feedback de ala.<br \/>\nMmm. Mizerii, de\u0219i e posibil sa prind\u0103.<\/p>\n<p><img loading=\"lazy\" decoding=\"async\" data-attachment-id=\"2949\" data-permalink=\"https:\/\/catalinx.ro\/wordpress\/?attachment_id=2949#main\" data-orig-file=\"https:\/\/catalinx.ro\/wordpress\/wp-content\/uploads\/2015\/09\/wpid-wp-14418354144242.jpg\" data-orig-size=\"1240,698\" data-comments-opened=\"1\" data-image-meta=\"{&quot;aperture&quot;:&quot;0&quot;,&quot;credit&quot;:&quot;&quot;,&quot;camera&quot;:&quot;&quot;,&quot;caption&quot;:&quot;&quot;,&quot;created_timestamp&quot;:&quot;0&quot;,&quot;copyright&quot;:&quot;&quot;,&quot;focal_length&quot;:&quot;0&quot;,&quot;iso&quot;:&quot;0&quot;,&quot;shutter_speed&quot;:&quot;0&quot;,&quot;title&quot;:&quot;&quot;,&quot;orientation&quot;:&quot;0&quot;}\" data-image-title=\"wpid-wp-1441835414424.jpg\" data-image-description=\"\" data-image-caption=\"\" data-large-file=\"https:\/\/catalinx.ro\/wordpress\/wp-content\/uploads\/2015\/09\/wpid-wp-14418354144242-1024x576.jpg\" class=\"alignleft size-large wp-image-2949\" src=\"http:\/\/catalinx.ro\/wordpress\/wp-content\/uploads\/2015\/09\/wpid-wp-14418354144242-1024x576.jpg\" alt=\"wpid-wp-1441835414424.jpg\" width=\"700\" height=\"394\" srcset=\"https:\/\/catalinx.ro\/wordpress\/wp-content\/uploads\/2015\/09\/wpid-wp-14418354144242-1024x576.jpg 1024w, https:\/\/catalinx.ro\/wordpress\/wp-content\/uploads\/2015\/09\/wpid-wp-14418354144242-300x169.jpg 300w, https:\/\/catalinx.ro\/wordpress\/wp-content\/uploads\/2015\/09\/wpid-wp-14418354144242-640x360.jpg 640w, https:\/\/catalinx.ro\/wordpress\/wp-content\/uploads\/2015\/09\/wpid-wp-14418354144242.jpg 1240w\" sizes=\"auto, (max-width: 700px) 100vw, 700px\" \/><\/p>\n<p>Au mai inventat filmarea 4k \u0219i sunt m\u00e2ndri de ea.<br \/>\nCam cum am eu pe z3 de o ve\u0219nicie deja.<br \/>\n<iframe loading=\"lazy\" width=\"560\" height=\"315\" src=\"https:\/\/www.youtube.com\/embed\/cvmtYc2Sup4\" frameborder=\"0\" allowfullscreen><\/iframe><br \/>\nZ5 filmeaz\u0103 \u00een 8MP&#8230;<br \/>\nCu rezolu\u021bia r\u0103m\u00e2ne cum am stabilit 6s+ are full HD, celalalt mai pu\u021bin.\u00a0 Toat\u0103 lumea a trecut la 2500+. Pana \u0219i allview.\u00a0 Z5 premium merge \u00een 4k,\u00a0 c\u00e2nd e cazul.<\/p>\n<p>Wifi de 866mbps, zic ei. Asta suna bine . Sa vedem.<\/p>\n<p>Au scos procesorul A9,\u00a0 care promit aia de la Apple ca e cu 90%\u00a0 mai iute dec\u00e2t anteriorul, la video, iar la sarcini \u00een general cam cu 70%.<br \/>\nSa vedem .<br \/>\nPe scurt, Apple,\u00a0 cum ne-a obi\u0219nuit,\u00a0 face ca guvernul \u0219i inaugureaz\u0103 fiecare km de autostrada, chiar dac\u0103 ei sunt un pic mai mult ramasi im urma.<\/p>\n<p>\u00cen ultima vreme \u00eemi las\u0103 impresia ca fac doar design de carcase pe care le numeroteaza din 0.S \u00een 0.S.<\/p>\n<p>Eh, sa le fie de bine. \u0218i lor ai fanilor.<\/p>\n","protected":false},"excerpt":{"rendered":"<p>&#8220;You probably heard that more and more android customers are switching to iPhone&#8221; e ceva ce zice nenea ala pe care nu \u0219tiu cum \u00eel&hellip;<\/p>\n","protected":false},"author":1,"featured_media":2949,"comment_status":"open","ping_status":"open","sticky":false,"template":"","format":"standard","meta":{"jetpack_post_was_ever_published":false,"_jetpack_newsletter_access":"","_jetpack_dont_email_post_to_subs":false,"_jetpack_newsletter_tier_id":0,"_jetpack_memberships_contains_paywalled_content":false,"_jetpack_memberships_contains_paid_content":false,"footnotes":"","jetpack_publicize_message":"","jetpack_publicize_feature_enabled":true,"jetpack_social_post_already_shared":true,"jetpack_social_options":{"image_generator_settings":{"template":"highway","default_image_id":0,"font":"","enabled":false},"version":2}},"categories":[229],"tags":[585,584],"class_list":["post-2950","post","type-post","status-publish","format-standard","has-post-thumbnail","hentry","category-tech","tag-apple","tag-iphone-6s"],"views":1152,"jetpack_publicize_connections":[],"jetpack_featured_media_url":"https:\/\/catalinx.ro\/wordpress\/wp-content\/uploads\/2015\/09\/wpid-wp-14418354144242.jpg","jetpack_sharing_enabled":true,"jetpack_shortlink":"https:\/\/wp.me\/p4Eq23-LA","jetpack-related-posts":[],"_links":{"self":[{"href":"https:\/\/catalinx.ro\/wordpress\/index.php?rest_route=\/wp\/v2\/posts\/2950","targetHints":{"allow":["GET"]}}],"collection":[{"href":"https:\/\/catalinx.ro\/wordpress\/index.php?rest_route=\/wp\/v2\/posts"}],"about":[{"href":"https:\/\/catalinx.ro\/wordpress\/index.php?rest_route=\/wp\/v2\/types\/post"}],"author":[{"embeddable":true,"href":"https:\/\/catalinx.ro\/wordpress\/index.php?rest_route=\/wp\/v2\/users\/1"}],"replies":[{"embeddable":true,"href":"https:\/\/catalinx.ro\/wordpress\/index.php?rest_route=%2Fwp%2Fv2%2Fcomments&post=2950"}],"version-history":[{"count":4,"href":"https:\/\/catalinx.ro\/wordpress\/index.php?rest_route=\/wp\/v2\/posts\/2950\/revisions"}],"predecessor-version":[{"id":2954,"href":"https:\/\/catalinx.ro\/wordpress\/index.php?rest_route=\/wp\/v2\/posts\/2950\/revisions\/2954"}],"wp:featuredmedia":[{"embeddable":true,"href":"https:\/\/catalinx.ro\/wordpress\/index.php?rest_route=\/wp\/v2\/media\/2949"}],"wp:attachment":[{"href":"https:\/\/catalinx.ro\/wordpress\/index.php?rest_route=%2Fwp%2Fv2%2Fmedia&parent=2950"}],"wp:term":[{"taxonomy":"category","embeddable":true,"href":"https:\/\/catalinx.ro\/wordpress\/index.php?rest_route=%2Fwp%2Fv2%2Fcategories&post=2950"},{"taxonomy":"post_tag","embeddable":true,"href":"https:\/\/catalinx.ro\/wordpress\/index.php?rest_route=%2Fwp%2Fv2%2Ftags&post=2950"}],"curies":[{"name":"wp","href":"https:\/\/api.w.org\/{rel}","templated":true}]}}