

{"id":32178,"date":"2025-09-04T04:58:00","date_gmt":"2025-09-04T03:58:00","guid":{"rendered":"https:\/\/catalinx.ro\/wordpress\/?p=32178"},"modified":"2025-09-03T06:48:33","modified_gmt":"2025-09-03T05:48:33","slug":"nu-e-nicio-problema-nu-pleaca-lumea-sta-aci-si-suporta","status":"publish","type":"post","link":"https:\/\/catalinx.ro\/wordpress\/?p=32178","title":{"rendered":"&#8220;Nu e nicio problem\u0103, nu pleac\u0103 lumea, st\u0103 aci \u0219i suport\u0103&#8221;"},"content":{"rendered":"<div id=\"fb-root\"><\/div>\n\n<p>Asta e de acum 2 luni, comentariu de la un clip video: <br \/><\/p>\n\n\n\n<figure class=\"wp-block-image size-full\"><img loading=\"lazy\" decoding=\"async\" width=\"550\" height=\"149\" data-attachment-id=\"32179\" data-permalink=\"https:\/\/catalinx.ro\/wordpress\/?attachment_id=32179#main\" data-orig-file=\"https:\/\/catalinx.ro\/wordpress\/wp-content\/uploads\/2025\/07\/image-6.png\" data-orig-size=\"550,149\" data-comments-opened=\"1\" data-image-meta=\"{&quot;aperture&quot;:&quot;0&quot;,&quot;credit&quot;:&quot;&quot;,&quot;camera&quot;:&quot;&quot;,&quot;caption&quot;:&quot;&quot;,&quot;created_timestamp&quot;:&quot;0&quot;,&quot;copyright&quot;:&quot;&quot;,&quot;focal_length&quot;:&quot;0&quot;,&quot;iso&quot;:&quot;0&quot;,&quot;shutter_speed&quot;:&quot;0&quot;,&quot;title&quot;:&quot;&quot;,&quot;orientation&quot;:&quot;0&quot;}\" data-image-title=\"image\" data-image-description=\"\" data-image-caption=\"\" data-medium-file=\"https:\/\/catalinx.ro\/wordpress\/wp-content\/uploads\/2025\/07\/image-6-480x130.png\" data-large-file=\"https:\/\/catalinx.ro\/wordpress\/wp-content\/uploads\/2025\/07\/image-6.png\" src=\"https:\/\/catalinx.ro\/wordpress\/wp-content\/uploads\/2025\/07\/image-6.png\" alt=\"\" class=\"wp-image-32179\" srcset=\"https:\/\/catalinx.ro\/wordpress\/wp-content\/uploads\/2025\/07\/image-6.png 550w, https:\/\/catalinx.ro\/wordpress\/wp-content\/uploads\/2025\/07\/image-6-480x130.png 480w, https:\/\/catalinx.ro\/wordpress\/wp-content\/uploads\/2025\/07\/image-6-200x54.png 200w\" sizes=\"auto, (max-width: 550px) 100vw, 550px\" \/><\/figure>\n\n\n\n<p>C\u0103 tot se vorbe\u0219te, c\u0103 nu e c\u0103 nu pleac\u0103 nimeni. C\u0103. <\/p>\n\n\n\n<p>In anii trecu\u021bi , urm\u00e2nd covidului a fost un val de rom\u00e2ni care se \u00eentorceau acas\u0103 \u0219i al\u021bii care pl\u0103nuiau.&nbsp; Statisticienii rom\u00e2ni au observat \u0219i au fost degrab\u0103 s\u0103 publice c\u0103 Rom\u00e2nia a avut pentru scurt timp migra\u021bie pozitiv\u0103, inclusiv la categoria copii mici. Adic\u0103 p\u0103rin\u021bi care s-au \u00eentors cu ei. <\/p>\n\n\n\n<p>Au contribuit \u0219i o parte din primul val de emigran\u021bi care s-au \u00eentors &#8220;la pensie&#8221; \u00een Rom\u00e2nia. Un hack , anume, iau pensii \u00een afara Rom\u00e2niei, la o valoare mai mare , conform muncii de acolo, \u0219i o cheltuiesc \u00een Rom\u00e2nia. <\/p>\n\n\n\n<p>Un num\u0103r de cunoscu\u021bi ziceau c\u0103 pl\u0103nuiesc s\u0103 se \u00eentoarc\u0103, inclusiv doi veri. C\u0103 erau s\u0103tui de Germania, Italia &#8230; <\/p>\n\n\n\n<p>Am privit asta circumspect.<\/p>\n\n\n\n<p>Este OK, de la final de anul trecut p\u00e2n\u0103 acum s-au sucit to\u021bi cunoscu\u021bii. <\/p>\n\n\n\n<p>Bine , v\u0103rul din Germania \u00eenc\u0103 zicea c\u0103 vrea s\u0103 se \u00eentoarc\u0103. S\u0103 se \u00eentoarc\u0103 \u00een Portugalia, de unde a mers in Germania cu o scurt\u0103 oprire \u00een Rom\u00e2nia \u00een timpul crizei de la \u00eenceput de 2010 <\/p>\n\n\n\n<p>Dinamica popula\u021biei care se schimbase \u00eenspre bine s-a \u00eentrerupt brusc . <\/p>\n\n\n\n<p>Motivele sunt simple. Dinamica popula\u021biei era dat\u0103 de investi\u021biile \u0219i cheltuielile f\u0103cute de statul rom\u00e2n , dar care erau nesustenabile relativ la veniturile de la buget. Adic\u0103 pe c\u00e2r. De cum s-a umblat la deficit, de cum politicile devin t\u0103ioase &#8211; &#8216;ai, pa-pa-pa-pa-pa, pe sistemul \u0219tiut .<\/p>\n\n\n\n<p>Asta e \u0219i asta e tot. <\/p>\n\n\n\n<p>Pe unde m-am plimbat prin \u021bar\u0103 vara asta am tot v\u0103zut case de v\u00e2nzare central prin ora\u0219e turistice \u0219i buc\u0103\u021bi de teren . Ca un f\u0103cut , toate aveau numere de telefon italiene . Probabil c\u0103 nu toate , dar a\u0219a e cu biasul observa\u021bional. Oricum destul de des. <\/p>\n\n\n\n<p>\u00ce\u0219i lichideaz\u0103 italienii investi\u021biile \u00een Rom\u00e2nia , \u0219tii ce zic? <\/p>\n\n\n\n<p>Acum mi\u0219c\u0103rile de popula\u021bie se \u00eent\u00e2mpl\u0103 mult, mult mai repede dec\u00e2t \u00een anii trecu\u021bi . <\/p>\n\n\n\n<p>Lumea face mi\u0219c\u0103ri \u0219i ia decizii de mutare \u0219i la v\u00e2rste de 40+ , relativ u\u0219or fa\u021b\u0103 de anterior. Pentru c\u0103 deja avem to\u021bi&nbsp; cunoscu\u021bi \u0219i prieteni peste tot . <\/p>\n\n\n\n<p>Erau discu\u021bii c\u0103 oamenii nu se mai mut\u0103 dup\u0103 o v\u00e2rst\u0103 c\u0103 prietenii lor sunt \u00eentr-un loc. <\/p>\n\n\n\n<p>Acum prietenii no\u0219tri sunt in mai multe locuri sau peste tot&#8230; La copiii mei observ c\u0103 situa\u021bia e \u0219i mai divers\u0103. <\/p>\n\n\n\n<p>\u0218i este bine, pentru c\u0103 asta e libertate \u0219i asta ajut\u0103 la democra\u021bie. <\/p>\n\n\n\n<p>Nu exist\u0103 nici libertate nici democra\u021bie f\u0103r\u0103 op\u021biuni. <\/p>\n\n\n\n<p>Ce fac Bolovan \u0219i Mucu\u0219or din asta, e treaba lor \u0219i v\u0103d eu cum se descurc\u0103 , le port de grij\u0103 cam c\u00e2t \u00eemi poart\u0103 ei mie. <\/p>\n","protected":false},"excerpt":{"rendered":"<p>Asta e de acum 2 luni, comentariu de la un clip video: C\u0103 tot se vorbe\u0219te, c\u0103 nu e c\u0103 nu pleac\u0103 nimeni. C\u0103. In&hellip;<\/p>\n","protected":false},"author":2,"featured_media":32179,"comment_status":"open","ping_status":"open","sticky":false,"template":"","format":"standard","meta":{"jetpack_post_was_ever_published":false,"_jetpack_newsletter_access":"","_jetpack_dont_email_post_to_subs":false,"_jetpack_newsletter_tier_id":0,"_jetpack_memberships_contains_paywalled_content":false,"_jetpack_memberships_contains_paid_content":false,"footnotes":"","jetpack_publicize_message":"","jetpack_publicize_feature_enabled":true,"jetpack_social_post_already_shared":true,"jetpack_social_options":{"image_generator_settings":{"template":"highway","default_image_id":0,"font":"","enabled":false},"version":2}},"categories":[3499,170,4528],"tags":[6572,1020,6571],"class_list":["post-32178","post","type-post","status-publish","format-standard","has-post-thumbnail","hentry","category-economie","category-politice","category-romania","tag-criza-2025","tag-politica","tag-taieri-2025"],"views":466,"jetpack_publicize_connections":[],"jetpack_featured_media_url":"https:\/\/catalinx.ro\/wordpress\/wp-content\/uploads\/2025\/07\/image-6.png","jetpack_sharing_enabled":true,"jetpack_shortlink":"https:\/\/wp.me\/p4Eq23-8n0","jetpack-related-posts":[],"_links":{"self":[{"href":"https:\/\/catalinx.ro\/wordpress\/index.php?rest_route=\/wp\/v2\/posts\/32178","targetHints":{"allow":["GET"]}}],"collection":[{"href":"https:\/\/catalinx.ro\/wordpress\/index.php?rest_route=\/wp\/v2\/posts"}],"about":[{"href":"https:\/\/catalinx.ro\/wordpress\/index.php?rest_route=\/wp\/v2\/types\/post"}],"author":[{"embeddable":true,"href":"https:\/\/catalinx.ro\/wordpress\/index.php?rest_route=\/wp\/v2\/users\/2"}],"replies":[{"embeddable":true,"href":"https:\/\/catalinx.ro\/wordpress\/index.php?rest_route=%2Fwp%2Fv2%2Fcomments&post=32178"}],"version-history":[{"count":4,"href":"https:\/\/catalinx.ro\/wordpress\/index.php?rest_route=\/wp\/v2\/posts\/32178\/revisions"}],"predecessor-version":[{"id":33078,"href":"https:\/\/catalinx.ro\/wordpress\/index.php?rest_route=\/wp\/v2\/posts\/32178\/revisions\/33078"}],"wp:featuredmedia":[{"embeddable":true,"href":"https:\/\/catalinx.ro\/wordpress\/index.php?rest_route=\/wp\/v2\/media\/32179"}],"wp:attachment":[{"href":"https:\/\/catalinx.ro\/wordpress\/index.php?rest_route=%2Fwp%2Fv2%2Fmedia&parent=32178"}],"wp:term":[{"taxonomy":"category","embeddable":true,"href":"https:\/\/catalinx.ro\/wordpress\/index.php?rest_route=%2Fwp%2Fv2%2Fcategories&post=32178"},{"taxonomy":"post_tag","embeddable":true,"href":"https:\/\/catalinx.ro\/wordpress\/index.php?rest_route=%2Fwp%2Fv2%2Ftags&post=32178"}],"curies":[{"name":"wp","href":"https:\/\/api.w.org\/{rel}","templated":true}]}}