

{"id":32416,"date":"2025-07-22T10:50:17","date_gmt":"2025-07-22T09:50:17","guid":{"rendered":"https:\/\/catalinx.ro\/wordpress\/?p=32416"},"modified":"2025-07-22T10:50:30","modified_gmt":"2025-07-22T09:50:30","slug":"sfantul-piedone","status":"publish","type":"post","link":"https:\/\/catalinx.ro\/wordpress\/?p=32416","title":{"rendered":"Sf\u00e2ntul Piedone"},"content":{"rendered":"<div id=\"fb-root\"><\/div>\n\n<p>Nu \u0219tiu ce-au g\u0103sit, sau n-au g\u0103sit procurorii la perchezi\u021bie, dac\u0103 e sau nu vinovat de trafic de influen\u021b\u0103 \u00een cazul <strong><a href=\"https:\/\/hotnews.ro\/cristian-popescu-piedone-perchezitii-dna-2028639\">\u0103sta<\/a><\/strong>. <br \/>Dar am re\u021binut asta \u0219i am r\u00e2s :<\/p>\n\n\n\n<figure class=\"wp-block-image size-full\"><img loading=\"lazy\" decoding=\"async\" width=\"1350\" height=\"198\" data-attachment-id=\"32417\" data-permalink=\"https:\/\/catalinx.ro\/wordpress\/?attachment_id=32417#main\" data-orig-file=\"https:\/\/catalinx.ro\/wordpress\/wp-content\/uploads\/2025\/07\/image-54.png\" data-orig-size=\"1350,198\" data-comments-opened=\"1\" data-image-meta=\"{&quot;aperture&quot;:&quot;0&quot;,&quot;credit&quot;:&quot;&quot;,&quot;camera&quot;:&quot;&quot;,&quot;caption&quot;:&quot;&quot;,&quot;created_timestamp&quot;:&quot;0&quot;,&quot;copyright&quot;:&quot;&quot;,&quot;focal_length&quot;:&quot;0&quot;,&quot;iso&quot;:&quot;0&quot;,&quot;shutter_speed&quot;:&quot;0&quot;,&quot;title&quot;:&quot;&quot;,&quot;orientation&quot;:&quot;0&quot;}\" data-image-title=\"image\" data-image-description=\"\" data-image-caption=\"\" data-medium-file=\"https:\/\/catalinx.ro\/wordpress\/wp-content\/uploads\/2025\/07\/image-54-480x70.png\" data-large-file=\"https:\/\/catalinx.ro\/wordpress\/wp-content\/uploads\/2025\/07\/image-54.png\" src=\"https:\/\/catalinx.ro\/wordpress\/wp-content\/uploads\/2025\/07\/image-54.png\" alt=\"\" class=\"wp-image-32417\" srcset=\"https:\/\/catalinx.ro\/wordpress\/wp-content\/uploads\/2025\/07\/image-54.png 1350w, https:\/\/catalinx.ro\/wordpress\/wp-content\/uploads\/2025\/07\/image-54-480x70.png 480w, https:\/\/catalinx.ro\/wordpress\/wp-content\/uploads\/2025\/07\/image-54-200x29.png 200w, https:\/\/catalinx.ro\/wordpress\/wp-content\/uploads\/2025\/07\/image-54-768x113.png 768w\" sizes=\"auto, (max-width: 1350px) 100vw, 1350px\" \/><\/figure>\n\n\n\n<p>Am r\u00e2s \u0219i la demonstrarea prezum\u021biei de nevinov\u0103\u021bie, nu at\u00e2t de mult, c\u0103 \u0219tiu cum cunoa\u0219te Piedone limba rom\u00e2n\u0103, c\u00e2t la partea a doua, trolaj grosier. <br \/>Dar, da, probabil c\u0103 a \u0219i deranjat. <\/p>\n\n\n\n<p><\/p>\n\n\n\n<p><\/p>\n","protected":false},"excerpt":{"rendered":"<p>Nu \u0219tiu ce-au g\u0103sit, sau n-au g\u0103sit procurorii la perchezi\u021bie, dac\u0103 e sau nu vinovat de trafic de influen\u021b\u0103 \u00een cazul \u0103sta. Dar am re\u021binut&hellip;<\/p>\n","protected":false},"author":2,"featured_media":18612,"comment_status":"open","ping_status":"open","sticky":false,"template":"","format":"standard","meta":{"jetpack_post_was_ever_published":false,"_jetpack_newsletter_access":"","_jetpack_dont_email_post_to_subs":false,"_jetpack_newsletter_tier_id":0,"_jetpack_memberships_contains_paywalled_content":false,"_jetpack_memberships_contains_paid_content":false,"footnotes":"","jetpack_publicize_message":"","jetpack_publicize_feature_enabled":true,"jetpack_social_post_already_shared":true,"jetpack_social_options":{"image_generator_settings":{"template":"highway","default_image_id":0,"font":"","enabled":false},"version":2}},"categories":[170],"tags":[6624],"class_list":["post-32416","post","type-post","status-publish","format-standard","has-post-thumbnail","hentry","category-politice","tag-piedone-saltat-de-dna"],"views":462,"jetpack_publicize_connections":[],"jetpack_featured_media_url":"https:\/\/catalinx.ro\/wordpress\/wp-content\/uploads\/2020\/11\/catholic_cross.png","jetpack_sharing_enabled":true,"jetpack_shortlink":"https:\/\/wp.me\/p4Eq23-8qQ","jetpack-related-posts":[],"_links":{"self":[{"href":"https:\/\/catalinx.ro\/wordpress\/index.php?rest_route=\/wp\/v2\/posts\/32416","targetHints":{"allow":["GET"]}}],"collection":[{"href":"https:\/\/catalinx.ro\/wordpress\/index.php?rest_route=\/wp\/v2\/posts"}],"about":[{"href":"https:\/\/catalinx.ro\/wordpress\/index.php?rest_route=\/wp\/v2\/types\/post"}],"author":[{"embeddable":true,"href":"https:\/\/catalinx.ro\/wordpress\/index.php?rest_route=\/wp\/v2\/users\/2"}],"replies":[{"embeddable":true,"href":"https:\/\/catalinx.ro\/wordpress\/index.php?rest_route=%2Fwp%2Fv2%2Fcomments&post=32416"}],"version-history":[{"count":2,"href":"https:\/\/catalinx.ro\/wordpress\/index.php?rest_route=\/wp\/v2\/posts\/32416\/revisions"}],"predecessor-version":[{"id":32419,"href":"https:\/\/catalinx.ro\/wordpress\/index.php?rest_route=\/wp\/v2\/posts\/32416\/revisions\/32419"}],"wp:featuredmedia":[{"embeddable":true,"href":"https:\/\/catalinx.ro\/wordpress\/index.php?rest_route=\/wp\/v2\/media\/18612"}],"wp:attachment":[{"href":"https:\/\/catalinx.ro\/wordpress\/index.php?rest_route=%2Fwp%2Fv2%2Fmedia&parent=32416"}],"wp:term":[{"taxonomy":"category","embeddable":true,"href":"https:\/\/catalinx.ro\/wordpress\/index.php?rest_route=%2Fwp%2Fv2%2Fcategories&post=32416"},{"taxonomy":"post_tag","embeddable":true,"href":"https:\/\/catalinx.ro\/wordpress\/index.php?rest_route=%2Fwp%2Fv2%2Ftags&post=32416"}],"curies":[{"name":"wp","href":"https:\/\/api.w.org\/{rel}","templated":true}]}}