

{"id":32523,"date":"2025-09-05T06:23:32","date_gmt":"2025-09-05T05:23:32","guid":{"rendered":"https:\/\/catalinx.ro\/wordpress\/?p=32523"},"modified":"2025-09-05T08:36:36","modified_gmt":"2025-09-05T07:36:36","slug":"anaf-lucreaza-grav","status":"publish","type":"post","link":"https:\/\/catalinx.ro\/wordpress\/?p=32523","title":{"rendered":"ANAF lucreaz\u0103 grav"},"content":{"rendered":"<div id=\"fb-root\"><\/div>\n\n<p>Acum 5 ani contabilul meu a comis o eroare \u00een Declara\u021bia Unic\u0103 depus\u0103 \u00een 2021. Nu a inclus sume declarate pe 2020, doar pe 2021.  Anterior, 2016-2018, sumele erau declarate ca estimare pentru anul \u00een curs, adic\u0103 pe 25 mai 2016 pentru 2016 \u0219i tot a\u0219a. <\/p>\n\n\n\n<p><br \/>\u00cen 2019  am \u00eenchis PFA-ul , c\u0103 aveam \u0219i firm\u0103  din 2018 \u0219i declara\u021bia din 2020 a fost depus\u0103 retroactiv, adic\u0103  la 25 mai 2020 a declarat ( din nou) veniturile din 2019 &#8211; asta func\u021bioneaz\u0103 ca o rectificativ\u0103, dar erau acelea\u0219i sume.  La 25 mai 2021 a depus declara\u021bia cu sumele din 2021 \u0219i 2020 a fost omis. <br \/><br \/>Eu nu m-am prins c\u0103 n-aveam timp atunci s\u0103 \u00een\u021beleg declara\u021biile, dar am f\u0103cut plata. Bani pe care ANAF nu i-a folosit, am scris articoul <a href=\"https:\/\/catalinx.ro\/wordpress\/?p=31791\">\u0103sta <\/a>, acum \u00eemi \u0219i dau seama de ce.  C\u0103 declara\u021bia nu era completat\u0103 corect. <br \/>OK, dup\u0103 4 ani m-am plictisit v\u0103z\u00e2ndu-i cum b\u0103lteau acolo \u0219i le-am zis s\u0103-i compenseze, s\u0103 nu-i mai lase \u00een stingere, c\u0103 nu mai pl\u0103tesc al\u021bii p\u00e2n\u0103 nu \u00eei folosesc pe aceia. <br \/><br \/>I-au folosit mi-am mai aplicat ni\u0219te penaliz\u0103ri modice, de c\u00e2\u021biva lei, c\u0103 de ce nu, doar st\u0103tuser\u0103 banii \u0103ia nefolosi\u021bi at\u00e2ta timp din cauza mea, c\u0103 nu le-am spus s\u0103-i foloseasc\u0103, le-am pl\u0103tit \u0219i pe alea ca s\u0103 fiu pe zero \u0219i au mai ap\u0103rut unele mici,  de 1-2 lei, zici c\u0103 sunt \u0103ia de la banc\u0103 c\u00e2nd vrei s\u0103-nchizi contul, dar ho, c\u0103 nu cred c\u0103 mai am mult nici cu ANAF. Nu conteaz\u0103. Eram oarecum pe zero, sau ceva de genul. <br \/><\/p>\n\n\n\n<figure class=\"wp-block-image size-full\"><img loading=\"lazy\" decoding=\"async\" width=\"941\" height=\"585\" data-attachment-id=\"32524\" data-permalink=\"https:\/\/catalinx.ro\/wordpress\/?attachment_id=32524#main\" data-orig-file=\"https:\/\/catalinx.ro\/wordpress\/wp-content\/uploads\/2025\/07\/image-83.png\" data-orig-size=\"941,585\" data-comments-opened=\"1\" data-image-meta=\"{&quot;aperture&quot;:&quot;0&quot;,&quot;credit&quot;:&quot;&quot;,&quot;camera&quot;:&quot;&quot;,&quot;caption&quot;:&quot;&quot;,&quot;created_timestamp&quot;:&quot;0&quot;,&quot;copyright&quot;:&quot;&quot;,&quot;focal_length&quot;:&quot;0&quot;,&quot;iso&quot;:&quot;0&quot;,&quot;shutter_speed&quot;:&quot;0&quot;,&quot;title&quot;:&quot;&quot;,&quot;orientation&quot;:&quot;0&quot;}\" data-image-title=\"image\" data-image-description=\"\" data-image-caption=\"\" data-medium-file=\"https:\/\/catalinx.ro\/wordpress\/wp-content\/uploads\/2025\/07\/image-83-480x298.png\" data-large-file=\"https:\/\/catalinx.ro\/wordpress\/wp-content\/uploads\/2025\/07\/image-83.png\" src=\"https:\/\/catalinx.ro\/wordpress\/wp-content\/uploads\/2025\/07\/image-83.png\" alt=\"\" class=\"wp-image-32524\" srcset=\"https:\/\/catalinx.ro\/wordpress\/wp-content\/uploads\/2025\/07\/image-83.png 941w, https:\/\/catalinx.ro\/wordpress\/wp-content\/uploads\/2025\/07\/image-83-480x298.png 480w, https:\/\/catalinx.ro\/wordpress\/wp-content\/uploads\/2025\/07\/image-83-200x124.png 200w, https:\/\/catalinx.ro\/wordpress\/wp-content\/uploads\/2025\/07\/image-83-768x477.png 768w\" sizes=\"auto, (max-width: 941px) 100vw, 941px\" \/><\/figure>\n\n\n\n<p><br \/><br \/>Dup\u0103 care, la nici o lun\u0103 am primit scrisoare acas\u0103 c\u0103 am o datorie,  c\u0103 ei au \u00een eviden\u021bele lor faptul c\u0103 am c\u00e2\u0219tigat mai mul\u021bi bani \u00een 2020 \u0219i trebuia s\u0103 declar asta- da?! M-am uitam, am descoperit eroarea, i-am spus contabilului, sper c\u0103 a corectat p\u00e2n\u0103 c\u00e2nd citi\u021bi voi articolul , dac\u0103 nu, \u00eenseamn\u0103 c\u0103 am corectat eu \u0219i am \u0219i pl\u0103tit, c\u0103 nu stau a\u0219a. <\/p>\n\n\n\n<p>E amuzant c\u0103 \u00een scrisoare prin po\u0219t\u0103 la num\u0103rul de telefon apar  stelu\u021be ***, la varianta online  nu ( l-am scos eu, c\u0103 m\u0103 g\u00e2ndesc c\u0103 dac\u0103 nu l-au pus pe versiunea tip\u0103rit\u0103, poate n-o fi public, habar n-am. <\/p>\n\n\n\n<p>Ce vreau eu s\u0103 spun e c\u0103  ANAF probabil c\u0103 putea face asta oric\u00e2nd , dar au f\u0103cut-o acum \u0219i nu cred c\u0103 au f\u0103cut-o  pentru c\u0103 le-am cerut eu s\u0103 compenseze sumele, ci pentru c\u0103   la 5 ani se prescriu orice datorii. <br \/><br \/>Am discutat cu contabilul \u0219i asta e procedura lor, mereu ac\u021bioneaz\u0103 doar pe sumele care sunt pe cale s\u0103 expire. Nu \u0219tiu de ce,  eu, evident c\u0103 le-am pl\u0103tit sumele din moment  ce li le pl\u0103tisem oricum \u0219i nu le \u00eencasaser\u0103, dar nu, nu s-a apucat ANAF de lucru, apas\u0103 \u0219i ei un buton din c\u00e2nd \u00een c\u00e2nd &#8211; revin cu motiva\u021bia acestei afirma\u021bii, c\u0103, din una \u00een alta am descoperit alte probleme care m\u0103 prejudiciaz\u0103 pe mine.  Normal c\u0103 pe mine. <\/p>\n\n\n\n<p>Ce e amuzant e c\u0103 i-au trimis \u0219i so\u021biei o notificare similar\u0103, de\u0219i \u00een cazul ei se \u00een\u0219al\u0103, ea a \u00eenchis \u0219i PFA \u0219i tot, le-a \u0219i dus notificarea de \u00eenchidere PFA, demult.<br \/><\/p>\n\n\n\n<p><strong>Post Scriptum:<\/strong> <em>Azi diminea\u021b\u0103, la circa o lun\u0103 de la situa\u021bie \u0219i de c\u00e2nd am scris articolul \u0103sta, au ap\u0103rut \u0219i sumele restante pe site-ul ANAF. Pe care le-am pl\u0103tit. <\/em><br \/><br \/><\/p>\n","protected":false},"excerpt":{"rendered":"<p>Acum 5 ani contabilul meu a comis o eroare \u00een Declara\u021bia Unic\u0103 depus\u0103 \u00een 2021. Nu a inclus sume declarate pe 2020, doar pe 2021.&hellip;<\/p>\n","protected":false},"author":2,"featured_media":25717,"comment_status":"open","ping_status":"open","sticky":false,"template":"","format":"standard","meta":{"jetpack_post_was_ever_published":false,"_jetpack_newsletter_access":"","_jetpack_dont_email_post_to_subs":false,"_jetpack_newsletter_tier_id":0,"_jetpack_memberships_contains_paywalled_content":false,"_jetpack_memberships_contains_paid_content":false,"footnotes":"","jetpack_publicize_message":"","jetpack_publicize_feature_enabled":true,"jetpack_social_post_already_shared":true,"jetpack_social_options":{"image_generator_settings":{"template":"highway","default_image_id":0,"font":"","enabled":false},"version":2}},"categories":[60,2639],"tags":[6667,6666,6665],"class_list":["post-32523","post","type-post","status-publish","format-standard","has-post-thumbnail","hentry","category-servicii-impecabile","category-taxe","tag-anaf-2025","tag-anaf-lucreaza-inainte-de-prescriptie","tag-anaf-notificari-nedeclarare"],"views":469,"jetpack_publicize_connections":[],"jetpack_featured_media_url":"https:\/\/catalinx.ro\/wordpress\/wp-content\/uploads\/2023\/09\/ANAF-Logoc.png","jetpack_sharing_enabled":true,"jetpack_shortlink":"https:\/\/wp.me\/p4Eq23-8sz","jetpack-related-posts":[],"_links":{"self":[{"href":"https:\/\/catalinx.ro\/wordpress\/index.php?rest_route=\/wp\/v2\/posts\/32523","targetHints":{"allow":["GET"]}}],"collection":[{"href":"https:\/\/catalinx.ro\/wordpress\/index.php?rest_route=\/wp\/v2\/posts"}],"about":[{"href":"https:\/\/catalinx.ro\/wordpress\/index.php?rest_route=\/wp\/v2\/types\/post"}],"author":[{"embeddable":true,"href":"https:\/\/catalinx.ro\/wordpress\/index.php?rest_route=\/wp\/v2\/users\/2"}],"replies":[{"embeddable":true,"href":"https:\/\/catalinx.ro\/wordpress\/index.php?rest_route=%2Fwp%2Fv2%2Fcomments&post=32523"}],"version-history":[{"count":2,"href":"https:\/\/catalinx.ro\/wordpress\/index.php?rest_route=\/wp\/v2\/posts\/32523\/revisions"}],"predecessor-version":[{"id":33127,"href":"https:\/\/catalinx.ro\/wordpress\/index.php?rest_route=\/wp\/v2\/posts\/32523\/revisions\/33127"}],"wp:featuredmedia":[{"embeddable":true,"href":"https:\/\/catalinx.ro\/wordpress\/index.php?rest_route=\/wp\/v2\/media\/25717"}],"wp:attachment":[{"href":"https:\/\/catalinx.ro\/wordpress\/index.php?rest_route=%2Fwp%2Fv2%2Fmedia&parent=32523"}],"wp:term":[{"taxonomy":"category","embeddable":true,"href":"https:\/\/catalinx.ro\/wordpress\/index.php?rest_route=%2Fwp%2Fv2%2Fcategories&post=32523"},{"taxonomy":"post_tag","embeddable":true,"href":"https:\/\/catalinx.ro\/wordpress\/index.php?rest_route=%2Fwp%2Fv2%2Ftags&post=32523"}],"curies":[{"name":"wp","href":"https:\/\/api.w.org\/{rel}","templated":true}]}}