

{"id":32605,"date":"2025-09-08T04:45:50","date_gmt":"2025-09-08T03:45:50","guid":{"rendered":"https:\/\/catalinx.ro\/wordpress\/?p=32605"},"modified":"2025-08-08T07:44:34","modified_gmt":"2025-08-08T06:44:34","slug":"la-mare-la-romani-ca-la-romani","status":"publish","type":"post","link":"https:\/\/catalinx.ro\/wordpress\/?p=32605","title":{"rendered":"La mare la rom\u00e2ni, ca la rom\u00e2ni"},"content":{"rendered":"<div id=\"fb-root\"><\/div>\n\n<p>B\u0103, anul \u0103sta nu am mai fost \u00een Bulgaria la mare, de\u0219i cam trebuia, dar vacan\u021ba scurt\u0103 , \u00een fine, motive personale. <\/p>\n\n\n\n<p>Nu, n-am fost \u00een Rom\u00e2nia, lol. <br \/>Pentru c\u0103 <a href=\"https:\/\/www.digi24.ro\/magazin\/timp-liber\/vacante\/taxa-de-50-de-lei-pe-cearsaf-pe-plaja-la-mamaia-protectia-consumatorului-spune-ca-e-ilegal-dar-nu-da-amenzi-3357727\">uite<\/a>. <br \/><\/p>\n\n\n\n<figure class=\"wp-block-image size-full\"><img loading=\"lazy\" decoding=\"async\" width=\"814\" height=\"834\" data-attachment-id=\"32606\" data-permalink=\"https:\/\/catalinx.ro\/wordpress\/?attachment_id=32606#main\" data-orig-file=\"https:\/\/catalinx.ro\/wordpress\/wp-content\/uploads\/2025\/08\/image-3.png\" data-orig-size=\"814,834\" data-comments-opened=\"1\" data-image-meta=\"{&quot;aperture&quot;:&quot;0&quot;,&quot;credit&quot;:&quot;&quot;,&quot;camera&quot;:&quot;&quot;,&quot;caption&quot;:&quot;&quot;,&quot;created_timestamp&quot;:&quot;0&quot;,&quot;copyright&quot;:&quot;&quot;,&quot;focal_length&quot;:&quot;0&quot;,&quot;iso&quot;:&quot;0&quot;,&quot;shutter_speed&quot;:&quot;0&quot;,&quot;title&quot;:&quot;&quot;,&quot;orientation&quot;:&quot;0&quot;}\" data-image-title=\"image\" data-image-description=\"\" data-image-caption=\"\" data-medium-file=\"https:\/\/catalinx.ro\/wordpress\/wp-content\/uploads\/2025\/08\/image-3-468x480.png\" data-large-file=\"https:\/\/catalinx.ro\/wordpress\/wp-content\/uploads\/2025\/08\/image-3.png\" src=\"https:\/\/catalinx.ro\/wordpress\/wp-content\/uploads\/2025\/08\/image-3.png\" alt=\"\" class=\"wp-image-32606\" srcset=\"https:\/\/catalinx.ro\/wordpress\/wp-content\/uploads\/2025\/08\/image-3.png 814w, https:\/\/catalinx.ro\/wordpress\/wp-content\/uploads\/2025\/08\/image-3-468x480.png 468w, https:\/\/catalinx.ro\/wordpress\/wp-content\/uploads\/2025\/08\/image-3-195x200.png 195w, https:\/\/catalinx.ro\/wordpress\/wp-content\/uploads\/2025\/08\/image-3-768x787.png 768w\" sizes=\"auto, (max-width: 814px) 100vw, 814px\" \/><\/figure>\n\n\n\n<p>Din ce v\u0103d pe facebucii si instagramii cunoscu\u021bilor care au mers \u00een Rom\u00e2nia la mare, cam lejer, r\u0103sfirare, nu prea e aglomerat, am auzit, c\u0103 cu excep\u021bia \u201dMamaia Nord\u201e, unde-s gr\u0103mad\u0103 de apartamente pe o f\u00e2\u0219ie de plaj\u0103.  Cam a\u0219a zi ea \u0219i <a href=\"https:\/\/stirileprotv.ro\/stiri\/travel\/romania-isi-saboteaza-singura-turismul-litoralul-e-pustiu-in-plin-sezon-dupa-lipsa-voucherelor-de-vacanta.html\">Esca<\/a>. <br \/><br \/><br \/><br \/>Cic\u0103 \u00eentrebarea principal\u0103 e \u201dde ce s\u0103 pui tax\u0103 pe cearceaf\u201d, eu cred c\u0103 \u00eentreabarea corect\u0103 e de ce s\u0103 mergi acolo?  Nu  e vorba c\u0103 de \u0219ezlong sau cearceaf. C\u0103 atunci c\u00e2nd mergi acolo mai cumperi o \u00eenghe\u021bat\u0103, un suc, o ceva \u0219i realitatea e c\u0103 sunt prea multe sectoare de plaj\u0103 \u00eenchiriate \u00eenspre administrare, care a\u0219teapt\u0103 turi\u0219ti spre a-i spolia.  \u0218i nu o s\u0103 dea faliment pe proteste, ci doar pe absen\u021be. <br \/><br \/>B\u0103i, mie dac\u0103 nu \u00eemi place de unii, nu e c\u0103 nu m\u0103 mai duc s\u0103 stau la ei la \u0219ezlong, cearceaf ce-o fi. Nu mai cump\u0103r nici ap\u0103 plat\u0103 de la ei, nimic.  Nu e vorba de bani, cel pu\u021bin nu acum, la mine, ci de servicii.<br \/><br \/>Dac\u0103  nu g\u0103sesc o bucat\u0103 de plaj\u0103 neadminitrat\u0103 cu acces care s\u0103 merite efortul nu mai merg deloc la marea aia, nu m\u0103 intereseaz\u0103. <\/p>\n\n\n\n<p>Nu am o problem\u0103 cu faptul c\u0103 lumea merge \u00eenc\u0103 la mare \u00een Rom\u00e2nia, \u00een general, m\u0103 bucur\u0103 \u0219i m\u0103 surprinde c\u0103 le place. <br \/>Am doar o problem\u0103 cu a\u0219tept\u0103rile. <br \/>Oricum, cred c\u0103 s-a schimbat destul. Statul a observat asta deja de acum c\u00e2\u021biva ani \u0219i a (re)compensat, nemeritoriu, dup\u0103 p\u0103rerea mea, nu angaja\u021bii bugetari, ci hotelierii, cu voucherele oferite angaja\u021bilor de la stat, pentru a revigora turismul. <br \/>Nu s-a revigorat nimic, a fost o \u021b\u00e2\u021b\u0103 de supt, oamenii \u0103ia erau cumva \u00eempin\u0219i s\u0103 mearg\u0103 la mare \u00een Rom\u00e2nia \u0219i s\u0103 consume, c\u0103 aveau reducere \u0219i \u00eentre\u021bineau un status quo. <\/p>\n\n\n\n<p>S-au scos, se vede la turismul de litoral rom\u00e2nesc. <br \/>\u00cen rest e bine, <a href=\"https:\/\/www.nationaltv.ro\/stiri\/probleme-de-mediu-pe-litoral\">mici probleme de mediu<\/a>, <a href=\"https:\/\/newsweek.ro\/sanatate\/probleme-la-un-spital-de-pe-litoral-in-plin-sezon-estival-este-nevoie-de-cel-putin-4-medici\">mici probleme \u00een zona de s\u0103n\u0103tate<\/a>, aspecte din astea decorative, altfel totul merge conform a\u0219tept\u0103rilor. <\/p>\n\n\n\n<p><\/p>\n","protected":false},"excerpt":{"rendered":"<p>B\u0103, anul \u0103sta nu am mai fost \u00een Bulgaria la mare, de\u0219i cam trebuia, dar vacan\u021ba scurt\u0103 , \u00een fine, motive personale. Nu, n-am fost&hellip;<\/p>\n","protected":false},"author":2,"featured_media":32606,"comment_status":"open","ping_status":"open","sticky":false,"template":"","format":"standard","meta":{"jetpack_post_was_ever_published":false,"_jetpack_newsletter_access":"","_jetpack_dont_email_post_to_subs":false,"_jetpack_newsletter_tier_id":0,"_jetpack_memberships_contains_paywalled_content":false,"_jetpack_memberships_contains_paid_content":false,"footnotes":"","jetpack_publicize_message":"","jetpack_publicize_feature_enabled":true,"jetpack_social_post_already_shared":true,"jetpack_social_options":{"image_generator_settings":{"template":"highway","default_image_id":0,"font":"","enabled":false},"version":2}},"categories":[60],"tags":[],"class_list":["post-32605","post","type-post","status-publish","format-standard","has-post-thumbnail","hentry","category-servicii-impecabile"],"views":392,"jetpack_publicize_connections":[],"jetpack_featured_media_url":"https:\/\/catalinx.ro\/wordpress\/wp-content\/uploads\/2025\/08\/image-3.png","jetpack_sharing_enabled":true,"jetpack_shortlink":"https:\/\/wp.me\/p4Eq23-8tT","jetpack-related-posts":[],"_links":{"self":[{"href":"https:\/\/catalinx.ro\/wordpress\/index.php?rest_route=\/wp\/v2\/posts\/32605","targetHints":{"allow":["GET"]}}],"collection":[{"href":"https:\/\/catalinx.ro\/wordpress\/index.php?rest_route=\/wp\/v2\/posts"}],"about":[{"href":"https:\/\/catalinx.ro\/wordpress\/index.php?rest_route=\/wp\/v2\/types\/post"}],"author":[{"embeddable":true,"href":"https:\/\/catalinx.ro\/wordpress\/index.php?rest_route=\/wp\/v2\/users\/2"}],"replies":[{"embeddable":true,"href":"https:\/\/catalinx.ro\/wordpress\/index.php?rest_route=%2Fwp%2Fv2%2Fcomments&post=32605"}],"version-history":[{"count":1,"href":"https:\/\/catalinx.ro\/wordpress\/index.php?rest_route=\/wp\/v2\/posts\/32605\/revisions"}],"predecessor-version":[{"id":32607,"href":"https:\/\/catalinx.ro\/wordpress\/index.php?rest_route=\/wp\/v2\/posts\/32605\/revisions\/32607"}],"wp:featuredmedia":[{"embeddable":true,"href":"https:\/\/catalinx.ro\/wordpress\/index.php?rest_route=\/wp\/v2\/media\/32606"}],"wp:attachment":[{"href":"https:\/\/catalinx.ro\/wordpress\/index.php?rest_route=%2Fwp%2Fv2%2Fmedia&parent=32605"}],"wp:term":[{"taxonomy":"category","embeddable":true,"href":"https:\/\/catalinx.ro\/wordpress\/index.php?rest_route=%2Fwp%2Fv2%2Fcategories&post=32605"},{"taxonomy":"post_tag","embeddable":true,"href":"https:\/\/catalinx.ro\/wordpress\/index.php?rest_route=%2Fwp%2Fv2%2Ftags&post=32605"}],"curies":[{"name":"wp","href":"https:\/\/api.w.org\/{rel}","templated":true}]}}