

{"id":32737,"date":"2025-09-07T03:50:16","date_gmt":"2025-09-07T02:50:16","guid":{"rendered":"https:\/\/catalinx.ro\/wordpress\/?p=32737"},"modified":"2025-08-21T17:44:52","modified_gmt":"2025-08-21T16:44:52","slug":"ultrascurt-spezial","status":"publish","type":"post","link":"https:\/\/catalinx.ro\/wordpress\/?p=32737","title":{"rendered":"Spezial"},"content":{"rendered":"<div id=\"fb-root\"><\/div>\n\n<p>Domnul care de\u021bine bijuteria asta, po\u021bi s\u0103 \u00eei spui lejer rabl\u0103 sau cazan, c\u0103 e din 1979, dar bijuterie, \u00eemi este apropiat din mai multe puncte de vedere. <\/p>\n\n\n\n<p>Nu numai c\u0103 e na\u0219ul meu de botez, dar e un tip cu spirit libertin , cu o gur\u0103 mare, a c\u0103rui via\u021b\u0103 a fost afectat\u0103 din cauzele astea, inteligent \u0219i adeha\u0219dist, cam ca mine.<\/p>\n\n\n\n<p>Spre deosebire de mine se pricepe la brichisit ma\u0219ini&nbsp; . <\/p>\n\n\n\n<p>A cump\u0103rat ma\u0219ina asta acum c\u00e2\u021biva ani, curgea rugina din ea \u0219i avea ceva oal\u0103 unde se prind telescoapele din spate , spart\u0103.&nbsp; A restaurat-o \u0219i dac\u0103 tot a f\u0103cut aia, a convertit-o la GPL. Probabil c\u0103 cu autoriza\u021bii \u0219i tot ce trebuie, domnule poli\u021bist .<\/p>\n\n\n\n<p>S-a apucat de ea de c\u00e2\u021biva ani, dar serios de c\u00e2nd a ie\u0219it la pensie . O parcheaz\u0103 suspendat\u0103 pe un elevator in curtea casei.<\/p>\n\n\n\n<p><\/p>\n\n\n\n<figure class=\"wp-block-image size-large\"><img loading=\"lazy\" decoding=\"async\" width=\"1025\" height=\"1366\" data-attachment-id=\"32729\" data-permalink=\"https:\/\/catalinx.ro\/wordpress\/?attachment_id=32729#main\" data-orig-file=\"https:\/\/catalinx.ro\/wordpress\/wp-content\/uploads\/2025\/08\/Mercedes-benz-197928129.jpg\" data-orig-size=\"1025,1366\" data-comments-opened=\"1\" data-image-meta=\"{&quot;aperture&quot;:&quot;1.8&quot;,&quot;credit&quot;:&quot;&quot;,&quot;camera&quot;:&quot;ASUS_I002D&quot;,&quot;caption&quot;:&quot;&quot;,&quot;created_timestamp&quot;:&quot;1755359352&quot;,&quot;copyright&quot;:&quot;&quot;,&quot;focal_length&quot;:&quot;5.58&quot;,&quot;iso&quot;:&quot;25&quot;,&quot;shutter_speed&quot;:&quot;0.004005571&quot;,&quot;title&quot;:&quot;&quot;,&quot;orientation&quot;:&quot;1&quot;}\" data-image-title=\"Mercedes-benz-1979 (1)\" data-image-description=\"\" data-image-caption=\"\" data-medium-file=\"https:\/\/catalinx.ro\/wordpress\/wp-content\/uploads\/2025\/08\/Mercedes-benz-197928129-360x480.jpg\" data-large-file=\"https:\/\/catalinx.ro\/wordpress\/wp-content\/uploads\/2025\/08\/Mercedes-benz-197928129.jpg\" src=\"https:\/\/catalinx.ro\/wordpress\/wp-content\/uploads\/2025\/08\/Mercedes-benz-197928129.jpg\" alt=\"\" class=\"wp-image-32729\" srcset=\"https:\/\/catalinx.ro\/wordpress\/wp-content\/uploads\/2025\/08\/Mercedes-benz-197928129.jpg 1025w, https:\/\/catalinx.ro\/wordpress\/wp-content\/uploads\/2025\/08\/Mercedes-benz-197928129-360x480.jpg 360w, https:\/\/catalinx.ro\/wordpress\/wp-content\/uploads\/2025\/08\/Mercedes-benz-197928129-150x200.jpg 150w, https:\/\/catalinx.ro\/wordpress\/wp-content\/uploads\/2025\/08\/Mercedes-benz-197928129-768x1024.jpg 768w\" sizes=\"auto, (max-width: 1025px) 100vw, 1025px\" \/><\/figure>\n\n\n\n<figure class=\"wp-block-image\"><img loading=\"lazy\" decoding=\"async\" width=\"480\" height=\"430\" data-attachment-id=\"32728\" data-permalink=\"https:\/\/catalinx.ro\/wordpress\/?attachment_id=32728#main\" data-orig-file=\"https:\/\/catalinx.ro\/wordpress\/wp-content\/uploads\/2025\/08\/Mercedes-Benz-1979.jpg\" data-orig-size=\"1366,1223\" data-comments-opened=\"1\" data-image-meta=\"{&quot;aperture&quot;:&quot;1.8&quot;,&quot;credit&quot;:&quot;&quot;,&quot;camera&quot;:&quot;ASUS_I002D&quot;,&quot;caption&quot;:&quot;&quot;,&quot;created_timestamp&quot;:&quot;1755354098&quot;,&quot;copyright&quot;:&quot;&quot;,&quot;focal_length&quot;:&quot;5.58&quot;,&quot;iso&quot;:&quot;25&quot;,&quot;shutter_speed&quot;:&quot;0.0009137&quot;,&quot;title&quot;:&quot;&quot;,&quot;orientation&quot;:&quot;1&quot;}\" data-image-title=\"Mercedes-Benz-1979\" data-image-description=\"\" data-image-caption=\"\" data-medium-file=\"https:\/\/catalinx.ro\/wordpress\/wp-content\/uploads\/2025\/08\/Mercedes-Benz-1979-480x430.jpg\" data-large-file=\"https:\/\/catalinx.ro\/wordpress\/wp-content\/uploads\/2025\/08\/Mercedes-Benz-1979.jpg\" src=\"https:\/\/catalinx.ro\/wordpress\/wp-content\/uploads\/2025\/08\/Mercedes-Benz-1979-480x430.jpg\" alt=\"\" class=\"wp-image-32728\" srcset=\"https:\/\/catalinx.ro\/wordpress\/wp-content\/uploads\/2025\/08\/Mercedes-Benz-1979-480x430.jpg 480w, https:\/\/catalinx.ro\/wordpress\/wp-content\/uploads\/2025\/08\/Mercedes-Benz-1979-200x179.jpg 200w, https:\/\/catalinx.ro\/wordpress\/wp-content\/uploads\/2025\/08\/Mercedes-Benz-1979-768x688.jpg 768w, https:\/\/catalinx.ro\/wordpress\/wp-content\/uploads\/2025\/08\/Mercedes-Benz-1979.jpg 1366w\" sizes=\"auto, (max-width: 480px) 100vw, 480px\" \/><\/figure>\n\n\n\n<p>Doar visez la vremea c\u00e2nd voi fi la pensie. Nu m\u0103 pricep s\u0103 repar ma\u0219ini, dar p\u00e2n\u0103 atunci oi \u00eenv\u0103\u021ba \u0219i aia. <\/p>\n","protected":false},"excerpt":{"rendered":"<p>Domnul care de\u021bine bijuteria asta, po\u021bi s\u0103 \u00eei spui lejer rabl\u0103 sau cazan, c\u0103 e din 1979, dar bijuterie, \u00eemi este apropiat din mai multe&hellip;<\/p>\n","protected":false},"author":2,"featured_media":32730,"comment_status":"open","ping_status":"open","sticky":false,"template":"","format":"standard","meta":{"jetpack_post_was_ever_published":false,"_jetpack_newsletter_access":"","_jetpack_dont_email_post_to_subs":false,"_jetpack_newsletter_tier_id":0,"_jetpack_memberships_contains_paywalled_content":false,"_jetpack_memberships_contains_paid_content":false,"footnotes":"","jetpack_publicize_message":"","jetpack_publicize_feature_enabled":true,"jetpack_social_post_already_shared":true,"jetpack_social_options":{"image_generator_settings":{"template":"highway","default_image_id":0,"font":"","enabled":false},"version":2}},"categories":[4482,1],"tags":[6702],"class_list":["post-32737","post","type-post","status-publish","format-standard","has-post-thumbnail","hentry","category-instagrama","category-uncategorized","tag-mercedes-vechi"],"views":422,"jetpack_publicize_connections":[],"jetpack_featured_media_url":"https:\/\/catalinx.ro\/wordpress\/wp-content\/uploads\/2025\/08\/Mercedes-benz-197928129-1.jpg","jetpack_sharing_enabled":true,"jetpack_shortlink":"https:\/\/wp.me\/p4Eq23-8w1","jetpack-related-posts":[],"_links":{"self":[{"href":"https:\/\/catalinx.ro\/wordpress\/index.php?rest_route=\/wp\/v2\/posts\/32737","targetHints":{"allow":["GET"]}}],"collection":[{"href":"https:\/\/catalinx.ro\/wordpress\/index.php?rest_route=\/wp\/v2\/posts"}],"about":[{"href":"https:\/\/catalinx.ro\/wordpress\/index.php?rest_route=\/wp\/v2\/types\/post"}],"author":[{"embeddable":true,"href":"https:\/\/catalinx.ro\/wordpress\/index.php?rest_route=\/wp\/v2\/users\/2"}],"replies":[{"embeddable":true,"href":"https:\/\/catalinx.ro\/wordpress\/index.php?rest_route=%2Fwp%2Fv2%2Fcomments&post=32737"}],"version-history":[{"count":2,"href":"https:\/\/catalinx.ro\/wordpress\/index.php?rest_route=\/wp\/v2\/posts\/32737\/revisions"}],"predecessor-version":[{"id":32777,"href":"https:\/\/catalinx.ro\/wordpress\/index.php?rest_route=\/wp\/v2\/posts\/32737\/revisions\/32777"}],"wp:featuredmedia":[{"embeddable":true,"href":"https:\/\/catalinx.ro\/wordpress\/index.php?rest_route=\/wp\/v2\/media\/32730"}],"wp:attachment":[{"href":"https:\/\/catalinx.ro\/wordpress\/index.php?rest_route=%2Fwp%2Fv2%2Fmedia&parent=32737"}],"wp:term":[{"taxonomy":"category","embeddable":true,"href":"https:\/\/catalinx.ro\/wordpress\/index.php?rest_route=%2Fwp%2Fv2%2Fcategories&post=32737"},{"taxonomy":"post_tag","embeddable":true,"href":"https:\/\/catalinx.ro\/wordpress\/index.php?rest_route=%2Fwp%2Fv2%2Ftags&post=32737"}],"curies":[{"name":"wp","href":"https:\/\/api.w.org\/{rel}","templated":true}]}}