

{"id":33047,"date":"2025-09-03T01:30:00","date_gmt":"2025-09-03T00:30:00","guid":{"rendered":"https:\/\/catalinx.ro\/wordpress\/?p=33047"},"modified":"2025-09-02T16:15:25","modified_gmt":"2025-09-02T15:15:25","slug":"anis-da-psd-ul-in-ei-ca-n-vite","status":"publish","type":"post","link":"https:\/\/catalinx.ro\/wordpress\/?p=33047","title":{"rendered":"ANIS: D\u0103 PSD-ul \u00een ei ca-n vite"},"content":{"rendered":"<div id=\"fb-root\"><\/div>\n\n<p>Nu chiar, dar ceva miniflagelare a\u0219a de gust. <br \/>Nu \u0219tiu de ce \u00ee\u0219i zic ANIS, c\u00e2nd ei sunt APISS, sau API\u0218 ( Asocia\u021bia Patronal\u0103 a Industriei de Software \u0219i Servicii)<br \/><\/p>\n\n\n\n<figure class=\"wp-block-image size-full\"><img loading=\"lazy\" decoding=\"async\" width=\"1113\" height=\"1051\" data-attachment-id=\"33048\" data-permalink=\"https:\/\/catalinx.ro\/wordpress\/?attachment_id=33048#main\" data-orig-file=\"https:\/\/catalinx.ro\/wordpress\/wp-content\/uploads\/2025\/09\/image-9.png\" data-orig-size=\"1113,1051\" data-comments-opened=\"1\" data-image-meta=\"{&quot;aperture&quot;:&quot;0&quot;,&quot;credit&quot;:&quot;&quot;,&quot;camera&quot;:&quot;&quot;,&quot;caption&quot;:&quot;&quot;,&quot;created_timestamp&quot;:&quot;0&quot;,&quot;copyright&quot;:&quot;&quot;,&quot;focal_length&quot;:&quot;0&quot;,&quot;iso&quot;:&quot;0&quot;,&quot;shutter_speed&quot;:&quot;0&quot;,&quot;title&quot;:&quot;&quot;,&quot;orientation&quot;:&quot;0&quot;}\" data-image-title=\"image\" data-image-description=\"\" data-image-caption=\"\" data-medium-file=\"https:\/\/catalinx.ro\/wordpress\/wp-content\/uploads\/2025\/09\/image-9-480x453.png\" data-large-file=\"https:\/\/catalinx.ro\/wordpress\/wp-content\/uploads\/2025\/09\/image-9.png\" src=\"https:\/\/catalinx.ro\/wordpress\/wp-content\/uploads\/2025\/09\/image-9.png\" alt=\"\" class=\"wp-image-33048\" srcset=\"https:\/\/catalinx.ro\/wordpress\/wp-content\/uploads\/2025\/09\/image-9.png 1113w, https:\/\/catalinx.ro\/wordpress\/wp-content\/uploads\/2025\/09\/image-9-480x453.png 480w, https:\/\/catalinx.ro\/wordpress\/wp-content\/uploads\/2025\/09\/image-9-200x189.png 200w, https:\/\/catalinx.ro\/wordpress\/wp-content\/uploads\/2025\/09\/image-9-768x725.png 768w\" sizes=\"auto, (max-width: 1113px) 100vw, 1113px\" \/><\/figure>\n\n\n\n<p><br \/>S-a sucit PSD-ul \u0219i a b\u0103gat pe sub u\u0219\u0103 \u00een pachet \u00eenapoi impozitul pe cifra de afaceri la \u0103ia marii peste 50 de meleoane de euro \u0219i a l\u0103sat vr\u0103jelile cu afilia\u021bii pentru \u0103ia mai mici, ca mine a\u0219a, pe care po\u021bi s\u0103 \u00eei \u00eencadrezi la asemenea. <br \/>Nu \u0219tiu cine e semichelul \u0103stora, o fi api\u0219ul \u0219ef, dar pare \u00eengrijorat \u0219i e bine. <\/p>\n\n\n\n<p>Zic ei :<br \/><em>IMCA (impozitul pe cifra de afaceri). \u00een loc s\u0103 fie eliminat, a\u0219a cum s-a discutat p\u00e2n\u0103 ieri, acum se p\u0103streaz\u0103. Tax\u0103 cu venituri minime la buget, dar cu efecte majore asupra companiilor mari, exportatoare, care deja sus\u021bin bugetul.<\/em><\/p>\n\n\n\n<p>B\u0103 venituri minime dar mai maxime dec\u00e2t cele declarate de mul\u021bi. Problema e valoarea de 1%, care bate la profitabilitate de 6%. Mergea un 1.5% x CA &#8211; adic\u0103 un profit impus de circa 9.5% . Dar ei \u0219tiu c\u0103 multe companii declar\u0103 profitabilitate sub 6%, iar acum cu cre\u0219terea dividendelor la 10% \u0219i 16% de la anul, vor declara \u0219i mai pu\u021bin, a\u0219a c\u0103 fac o jumuleal\u0103 cu japca. <\/p>\n\n\n\n<p>Restul sunt gargarageli &#8211; aici \u00eei ard.<br \/><\/p>\n\n\n\n<p><\/p>\n","protected":false},"excerpt":{"rendered":"<p>Nu chiar, dar ceva miniflagelare a\u0219a de gust. Nu \u0219tiu de ce \u00ee\u0219i zic ANIS, c\u00e2nd ei sunt APISS, sau API\u0218 ( Asocia\u021bia Patronal\u0103 a&hellip;<\/p>\n","protected":false},"author":2,"featured_media":32291,"comment_status":"open","ping_status":"open","sticky":false,"template":"","format":"standard","meta":{"jetpack_post_was_ever_published":false,"_jetpack_newsletter_access":"","_jetpack_dont_email_post_to_subs":false,"_jetpack_newsletter_tier_id":0,"_jetpack_memberships_contains_paywalled_content":false,"_jetpack_memberships_contains_paid_content":false,"footnotes":"","jetpack_publicize_message":"","jetpack_publicize_feature_enabled":true,"jetpack_social_post_already_shared":true,"jetpack_social_options":{"image_generator_settings":{"template":"highway","default_image_id":0,"font":"","enabled":false},"version":2}},"categories":[170,2639],"tags":[6750,6751],"class_list":["post-33047","post","type-post","status-publish","format-standard","has-post-thumbnail","hentry","category-politice","category-taxe","tag-anis","tag-corporatiile-fac-gat"],"views":266,"jetpack_publicize_connections":[],"jetpack_featured_media_url":"https:\/\/catalinx.ro\/wordpress\/wp-content\/uploads\/2025\/07\/image-35.png","jetpack_sharing_enabled":true,"jetpack_shortlink":"https:\/\/wp.me\/p4Eq23-8B1","jetpack-related-posts":[],"_links":{"self":[{"href":"https:\/\/catalinx.ro\/wordpress\/index.php?rest_route=\/wp\/v2\/posts\/33047","targetHints":{"allow":["GET"]}}],"collection":[{"href":"https:\/\/catalinx.ro\/wordpress\/index.php?rest_route=\/wp\/v2\/posts"}],"about":[{"href":"https:\/\/catalinx.ro\/wordpress\/index.php?rest_route=\/wp\/v2\/types\/post"}],"author":[{"embeddable":true,"href":"https:\/\/catalinx.ro\/wordpress\/index.php?rest_route=\/wp\/v2\/users\/2"}],"replies":[{"embeddable":true,"href":"https:\/\/catalinx.ro\/wordpress\/index.php?rest_route=%2Fwp%2Fv2%2Fcomments&post=33047"}],"version-history":[{"count":1,"href":"https:\/\/catalinx.ro\/wordpress\/index.php?rest_route=\/wp\/v2\/posts\/33047\/revisions"}],"predecessor-version":[{"id":33049,"href":"https:\/\/catalinx.ro\/wordpress\/index.php?rest_route=\/wp\/v2\/posts\/33047\/revisions\/33049"}],"wp:featuredmedia":[{"embeddable":true,"href":"https:\/\/catalinx.ro\/wordpress\/index.php?rest_route=\/wp\/v2\/media\/32291"}],"wp:attachment":[{"href":"https:\/\/catalinx.ro\/wordpress\/index.php?rest_route=%2Fwp%2Fv2%2Fmedia&parent=33047"}],"wp:term":[{"taxonomy":"category","embeddable":true,"href":"https:\/\/catalinx.ro\/wordpress\/index.php?rest_route=%2Fwp%2Fv2%2Fcategories&post=33047"},{"taxonomy":"post_tag","embeddable":true,"href":"https:\/\/catalinx.ro\/wordpress\/index.php?rest_route=%2Fwp%2Fv2%2Ftags&post=33047"}],"curies":[{"name":"wp","href":"https:\/\/api.w.org\/{rel}","templated":true}]}}