

{"id":33084,"date":"2025-09-04T07:03:00","date_gmt":"2025-09-04T06:03:00","guid":{"rendered":"https:\/\/catalinx.ro\/wordpress\/?p=33084"},"modified":"2025-09-04T09:45:26","modified_gmt":"2025-09-04T08:45:26","slug":"dictatura-pe-care-am-fi-putut-o-avea","status":"publish","type":"post","link":"https:\/\/catalinx.ro\/wordpress\/?p=33084","title":{"rendered":"Dictatura pe care am fi putut-o avea"},"content":{"rendered":"<div id=\"fb-root\"><\/div>\n\n<p>\u00cemi place enorm poza asta, am s-o fac poster. Mi-o printez pe o can\u0103, ceva. <br \/>E ca poza mea preferat\u0103 cu super-eroii mei prefera\u021bi &#8211; aia din 1927 de la conferin\u021ba de la Solvay &#8211; doar c\u0103 pe dos, lol. \u0102\u0219tia de-acim sunt antieroii. Sau cine \u0219tie, c\u0103 bucata de istorie care-i consacr\u0103 n-a fost definitivat\u0103 \u00eenc\u0103. Poate c\u0103 vor fi declara\u021bi eroi&#8230;<br \/><\/p>\n\n\n\n<figure class=\"wp-block-image size-full\"><img loading=\"lazy\" decoding=\"async\" width=\"1200\" height=\"868\" data-attachment-id=\"33089\" data-permalink=\"https:\/\/catalinx.ro\/wordpress\/?attachment_id=33089#main\" data-orig-file=\"https:\/\/catalinx.ro\/wordpress\/wp-content\/uploads\/2025\/09\/Solvay_conference_1927.jpg\" data-orig-size=\"1200,868\" data-comments-opened=\"1\" data-image-meta=\"{&quot;aperture&quot;:&quot;0&quot;,&quot;credit&quot;:&quot;&quot;,&quot;camera&quot;:&quot;&quot;,&quot;caption&quot;:&quot;&quot;,&quot;created_timestamp&quot;:&quot;0&quot;,&quot;copyright&quot;:&quot;&quot;,&quot;focal_length&quot;:&quot;0&quot;,&quot;iso&quot;:&quot;0&quot;,&quot;shutter_speed&quot;:&quot;0&quot;,&quot;title&quot;:&quot;&quot;,&quot;orientation&quot;:&quot;0&quot;}\" data-image-title=\"Solvay_conference_1927\" data-image-description=\"\" data-image-caption=\"\" data-medium-file=\"https:\/\/catalinx.ro\/wordpress\/wp-content\/uploads\/2025\/09\/Solvay_conference_1927-480x347.jpg\" data-large-file=\"https:\/\/catalinx.ro\/wordpress\/wp-content\/uploads\/2025\/09\/Solvay_conference_1927.jpg\" src=\"https:\/\/catalinx.ro\/wordpress\/wp-content\/uploads\/2025\/09\/Solvay_conference_1927.jpg\" alt=\"\" class=\"wp-image-33089\" srcset=\"https:\/\/catalinx.ro\/wordpress\/wp-content\/uploads\/2025\/09\/Solvay_conference_1927.jpg 1200w, https:\/\/catalinx.ro\/wordpress\/wp-content\/uploads\/2025\/09\/Solvay_conference_1927-480x347.jpg 480w, https:\/\/catalinx.ro\/wordpress\/wp-content\/uploads\/2025\/09\/Solvay_conference_1927-200x145.jpg 200w, https:\/\/catalinx.ro\/wordpress\/wp-content\/uploads\/2025\/09\/Solvay_conference_1927-768x556.jpg 768w\" sizes=\"auto, (max-width: 1200px) 100vw, 1200px\" \/><\/figure>\n\n\n\n<p><br \/><br \/>Lumea pe net face gargar\u0103 c\u0103 de ce au mers N\u0103stase \u0219i D\u0103ncila s\u0103 stea de vorb\u0103 cu clubul dictatorilor. <br \/>\u00cen primul r\u00e2nd pentru c\u0103 vor \u0219i pentru c\u0103 pot, au fost invita\u021bi acolo pe persoan\u0103 fizic\u0103, de oameni influen\u021bi, pentru c\u0103 clubul \u201dnostru\u201d a cam refuzat s\u0103 participe.<br \/><br \/>Pe de o parte e util s\u0103 ai pe cineva la discu\u021bii, ca s\u0103 aud\u0103 la prima m\u00e2n\u0103 ce au \u0103ia \u00een cap. \u00cen ciuda a ceea ce vede\u021bi la TV \u0219i \u00een pres\u0103, atunci c\u00e2nd se vor \u00eentoarce, vor veni cu informa\u021bii utile pentru servicii, pentru politrucii care stau imacula\u021bi \u00een prime-time-ul media \u0219i chiar \u0219i pentru alte \u021b\u0103ri din clubul nostru, care nu au trimis pe nimeni. <br \/><br \/>Desigur c\u0103 pe partea cealalt\u0103 vor fi privi\u021bi ca putini\u0219ti, aservi\u021bi ru\u0219ilor \u0219i poate c\u0103 \u0219i sunt.<\/p>\n\n\n\n<p>Dar eu din alt\u0103 direc\u021bie m\u0103 uit. C\u00e2nd privesc poza asta, am  o lic\u0103rire a alternativei la lumea noastr\u0103 de azi, a politicii pe care n-o avem, c\u0103 am ales alte direc\u021bii at\u00e2t \u00een 2004 c\u00e2t \u0219i \u00een c\u00e2nd a candidat tanti D\u0103ncila. <br \/>\u0218i mi se pare amuzant c\u0103 de ambele d\u0103\u021bi eu am fost cu \u0103\u0219tia doi. <br \/>\u00cen 2004 chiar l-am votat pe N\u0103stase pentru c\u0103 \u201dtoat\u0103 lumea-toat\u0103 lumea fur\u0103 acum cu mine\u201d, iar \u00een 2016, \u00een turul doi nu  am ajuns s\u0103 o votez pe D\u0103ncil\u0103 c\u0103 aveam treab\u0103, dar dintre ea \u0219i Joianis, pe ea a\u0219 fi votat-o f\u0103r\u0103 discu\u021bii.  Altfel nu-i apreciez pe niciunul. <br \/>\u0218i nu, nu cred c\u0103 ar fi fost mai bine cu N\u0103stase sau cu D\u0103ncila. \u00cenc\u0103 NU \u0218TIU dac\u0103 ar fi fost mai bine sau mai r\u0103u, iar nevoia de validare a vie\u021bii curente \u00eemi transmite absolut subiectiv c\u0103 e mai bine acum.<\/p>\n\n\n\n<p>Dar ce \u0219tiu e c\u0103 poza asta, acum privit\u0103 de to\u021bi drept ilegitim\u0103, ar fi fost legitim\u0103 \u0219i reprezentarea lumii \u00een care am fi tr\u0103it dac\u0103 ar fi c\u00e2\u0219tigat alegerile \u0103\u0219tia doi. <br \/>C\u0103 bine, sau r\u0103u, poza asta ne-ar fi reprezentat \u0219i pentru asta consider c\u0103 are o valoare inestimabil\u0103, pentru noi rom\u00e2nii, \u0219i c\u0103 ar trebui premiat fotograful, c\u0103 ne d\u0103 \u0219ansa s\u0103 reflect\u0103m la cum ar fi fost pe o imagine destul de vie \u0219i curent\u0103. <br \/><\/p>\n\n\n\n<figure class=\"wp-block-image size-full\"><img loading=\"lazy\" decoding=\"async\" width=\"960\" height=\"540\" data-attachment-id=\"33086\" data-permalink=\"https:\/\/catalinx.ro\/wordpress\/?attachment_id=33086#main\" data-orig-file=\"https:\/\/catalinx.ro\/wordpress\/wp-content\/uploads\/2025\/09\/Dictatura-pe-care-am-ratat-o-1.jpg\" data-orig-size=\"960,540\" data-comments-opened=\"1\" data-image-meta=\"{&quot;aperture&quot;:&quot;0&quot;,&quot;credit&quot;:&quot;&quot;,&quot;camera&quot;:&quot;&quot;,&quot;caption&quot;:&quot;&quot;,&quot;created_timestamp&quot;:&quot;0&quot;,&quot;copyright&quot;:&quot;&quot;,&quot;focal_length&quot;:&quot;0&quot;,&quot;iso&quot;:&quot;0&quot;,&quot;shutter_speed&quot;:&quot;0&quot;,&quot;title&quot;:&quot;&quot;,&quot;orientation&quot;:&quot;0&quot;}\" data-image-title=\"Dictatura-pe-care-am-ratat-o\" data-image-description=\"\" data-image-caption=\"\" data-medium-file=\"https:\/\/catalinx.ro\/wordpress\/wp-content\/uploads\/2025\/09\/Dictatura-pe-care-am-ratat-o-1-480x270.jpg\" data-large-file=\"https:\/\/catalinx.ro\/wordpress\/wp-content\/uploads\/2025\/09\/Dictatura-pe-care-am-ratat-o-1.jpg\" src=\"https:\/\/catalinx.ro\/wordpress\/wp-content\/uploads\/2025\/09\/Dictatura-pe-care-am-ratat-o-1.jpg\" alt=\"\" class=\"wp-image-33086\" srcset=\"https:\/\/catalinx.ro\/wordpress\/wp-content\/uploads\/2025\/09\/Dictatura-pe-care-am-ratat-o-1.jpg 960w, https:\/\/catalinx.ro\/wordpress\/wp-content\/uploads\/2025\/09\/Dictatura-pe-care-am-ratat-o-1-480x270.jpg 480w, https:\/\/catalinx.ro\/wordpress\/wp-content\/uploads\/2025\/09\/Dictatura-pe-care-am-ratat-o-1-200x113.jpg 200w, https:\/\/catalinx.ro\/wordpress\/wp-content\/uploads\/2025\/09\/Dictatura-pe-care-am-ratat-o-1-768x432.jpg 768w\" sizes=\"auto, (max-width: 960px) 100vw, 960px\" \/><\/figure>\n\n\n\n<p>Imagineaz\u0103-\u021bi c\u0103 tr\u0103iam \u00een \u021bara \u00een care fie N\u0103stase sau D\u0103ncila era pre\u0219edinte\/\u0103. <\/p>\n\n\n\n<p>Imagineaz\u0103-\u021bi c\u0103 tr\u0103iam \u00een \u021bara \u00een care Rom\u00e2nia era prietena Rusiei ( a Chinei s-ar putea \u00eenc\u0103 s\u0103 fie, dar nu \u0219tim noi) \u0219i \u00eenc\u0103 era prietena lui Kimmy, rom\u00e2nii \u0219i nord coreenii, na\u021biuni surori botezate de Ceau\u0219escu. <br \/>Imagineaz\u0103-\u021bi c\u0103 n-am fi ajutat Ucraina, ba, am fi cerut un pic din Ucraina \u00eenapoi. <\/p>\n\n\n\n<p>C\u0103 nu eram \u00een UE, c\u0103 UE nu ne-ar fi primit niciodat\u0103 deplin \u0219i noi am fi fost sup\u0103ra\u021bi c\u0103 ne spun nou\u0103 \u021bigani c\u00e2nd ei sunt mai plini de pureci dec\u00e2t noi, c\u0103 ne-am fi sucit ca Ungaria sau Slovacia, sau c\u0103 n-ar fi fost picior de imigrant s\u0103 lucreze \u00een Rom\u00e2nia, c\u0103 ce s\u0103 caute la noi. <\/p>\n\n\n\n<p>Imagineaz\u0103-\u021bi c\u0103 te-ar fi invitat Xi Jing Ping s\u0103 mergi pe persoan\u0103 fizic\u0103 \u0219i n-ai fi avut sarcini diplomatice trasate de guvernul en-titre. Te-ai fi dus?<br \/><br \/>\u00cenc\u0103 m\u0103 g\u00e2ndesc \u0219i de aia poza e formidabil\u0103. <\/p>\n\n\n\n<p><br \/><br \/><\/p>\n","protected":false},"excerpt":{"rendered":"<p>\u00cemi place enorm poza asta, am s-o fac poster. Mi-o printez pe o can\u0103, ceva. E ca poza mea preferat\u0103 cu super-eroii mei prefera\u021bi &#8211;&hellip;<\/p>\n","protected":false},"author":2,"featured_media":33085,"comment_status":"open","ping_status":"open","sticky":false,"template":"","format":"standard","meta":{"jetpack_post_was_ever_published":false,"_jetpack_newsletter_access":"","_jetpack_dont_email_post_to_subs":false,"_jetpack_newsletter_tier_id":0,"_jetpack_memberships_contains_paywalled_content":false,"_jetpack_memberships_contains_paid_content":false,"footnotes":"","jetpack_publicize_message":"","jetpack_publicize_feature_enabled":true,"jetpack_social_post_already_shared":true,"jetpack_social_options":{"image_generator_settings":{"template":"highway","default_image_id":0,"font":"","enabled":false},"version":2}},"categories":[500,170],"tags":[6752],"class_list":["post-33084","post","type-post","status-publish","format-standard","has-post-thumbnail","hentry","category-self","category-politice","tag-clubul-dictatorilor"],"views":560,"jetpack_publicize_connections":[],"jetpack_featured_media_url":"https:\/\/catalinx.ro\/wordpress\/wp-content\/uploads\/2025\/09\/Dictatura-pe-care-am-ratat-o.jpg","jetpack_sharing_enabled":true,"jetpack_shortlink":"https:\/\/wp.me\/p4Eq23-8BC","jetpack-related-posts":[],"_links":{"self":[{"href":"https:\/\/catalinx.ro\/wordpress\/index.php?rest_route=\/wp\/v2\/posts\/33084","targetHints":{"allow":["GET"]}}],"collection":[{"href":"https:\/\/catalinx.ro\/wordpress\/index.php?rest_route=\/wp\/v2\/posts"}],"about":[{"href":"https:\/\/catalinx.ro\/wordpress\/index.php?rest_route=\/wp\/v2\/types\/post"}],"author":[{"embeddable":true,"href":"https:\/\/catalinx.ro\/wordpress\/index.php?rest_route=\/wp\/v2\/users\/2"}],"replies":[{"embeddable":true,"href":"https:\/\/catalinx.ro\/wordpress\/index.php?rest_route=%2Fwp%2Fv2%2Fcomments&post=33084"}],"version-history":[{"count":11,"href":"https:\/\/catalinx.ro\/wordpress\/index.php?rest_route=\/wp\/v2\/posts\/33084\/revisions"}],"predecessor-version":[{"id":33104,"href":"https:\/\/catalinx.ro\/wordpress\/index.php?rest_route=\/wp\/v2\/posts\/33084\/revisions\/33104"}],"wp:featuredmedia":[{"embeddable":true,"href":"https:\/\/catalinx.ro\/wordpress\/index.php?rest_route=\/wp\/v2\/media\/33085"}],"wp:attachment":[{"href":"https:\/\/catalinx.ro\/wordpress\/index.php?rest_route=%2Fwp%2Fv2%2Fmedia&parent=33084"}],"wp:term":[{"taxonomy":"category","embeddable":true,"href":"https:\/\/catalinx.ro\/wordpress\/index.php?rest_route=%2Fwp%2Fv2%2Fcategories&post=33084"},{"taxonomy":"post_tag","embeddable":true,"href":"https:\/\/catalinx.ro\/wordpress\/index.php?rest_route=%2Fwp%2Fv2%2Ftags&post=33084"}],"curies":[{"name":"wp","href":"https:\/\/api.w.org\/{rel}","templated":true}]}}