

{"id":33110,"date":"2025-09-05T00:26:00","date_gmt":"2025-09-04T23:26:00","guid":{"rendered":"https:\/\/catalinx.ro\/wordpress\/?p=33110"},"modified":"2025-09-05T06:56:40","modified_gmt":"2025-09-05T05:56:40","slug":"a-inceput-meciul-de-a-noi-centram-noi-dam-cu-capul","status":"publish","type":"post","link":"https:\/\/catalinx.ro\/wordpress\/?p=33110","title":{"rendered":"A \u00eenceput meciul de-a noi centr\u0103m, noi d\u0103m cu capul"},"content":{"rendered":"<div id=\"fb-root\"><\/div>\n\n<p>\u0218efa \u00cenaltei Cur\u021bi de Casa\u021bie \u0219i \u00eenc\u0103 ceva <a href=\"https:\/\/hotnews.ro\/breaking-legea-privind-pensiile-magistratilor-atacata-la-ccr-de-inalta-curte-de-casatie-si-justitie-condusa-de-lia-savonea-2058931\">a atacat<\/a>, previzibil, la CeCeReu legea privind pensiile magistra\u021bilor. <\/p>\n\n\n\n<figure class=\"wp-block-image size-full\"><img loading=\"lazy\" decoding=\"async\" width=\"1182\" height=\"847\" data-attachment-id=\"33111\" data-permalink=\"https:\/\/catalinx.ro\/wordpress\/?attachment_id=33111#main\" data-orig-file=\"https:\/\/catalinx.ro\/wordpress\/wp-content\/uploads\/2025\/09\/image-13.png\" data-orig-size=\"1182,847\" data-comments-opened=\"1\" data-image-meta=\"{&quot;aperture&quot;:&quot;0&quot;,&quot;credit&quot;:&quot;&quot;,&quot;camera&quot;:&quot;&quot;,&quot;caption&quot;:&quot;&quot;,&quot;created_timestamp&quot;:&quot;0&quot;,&quot;copyright&quot;:&quot;&quot;,&quot;focal_length&quot;:&quot;0&quot;,&quot;iso&quot;:&quot;0&quot;,&quot;shutter_speed&quot;:&quot;0&quot;,&quot;title&quot;:&quot;&quot;,&quot;orientation&quot;:&quot;0&quot;}\" data-image-title=\"image\" data-image-description=\"\" data-image-caption=\"\" data-medium-file=\"https:\/\/catalinx.ro\/wordpress\/wp-content\/uploads\/2025\/09\/image-13-480x344.png\" data-large-file=\"https:\/\/catalinx.ro\/wordpress\/wp-content\/uploads\/2025\/09\/image-13.png\" src=\"https:\/\/catalinx.ro\/wordpress\/wp-content\/uploads\/2025\/09\/image-13.png\" alt=\"\" class=\"wp-image-33111\" srcset=\"https:\/\/catalinx.ro\/wordpress\/wp-content\/uploads\/2025\/09\/image-13.png 1182w, https:\/\/catalinx.ro\/wordpress\/wp-content\/uploads\/2025\/09\/image-13-480x344.png 480w, https:\/\/catalinx.ro\/wordpress\/wp-content\/uploads\/2025\/09\/image-13-200x143.png 200w, https:\/\/catalinx.ro\/wordpress\/wp-content\/uploads\/2025\/09\/image-13-768x550.png 768w\" sizes=\"auto, (max-width: 1182px) 100vw, 1182px\" \/><\/figure>\n\n\n\n<p>Pare o joac\u0103 de copii, dar ce nu v\u0103d e c\u0103 \u0103\u0219tia politicii i-au cam l\u0103sat to\u021bi din bra\u021be aproape consensual, mai pu\u021bin Mucu\u0219or. <\/p>\n\n\n\n<p>Zic c\u0103 AUR a depus 4 mo\u021biuni de cenzur\u0103 la adresa guvernului, una pe fiecare pache\u021bel din pachetul 2, mai pu\u021bin pe pachetul cu pensiilor justi\u021biei. \u0102\u0219tia sunt <em>popozi\u021bia<\/em>. <\/p>\n\n\n\n<p>Care este, pe legea pensiilor \u0219i ei s-au pus de acord. <br \/>La schema asta dac\u0103 a\u0219 fi bolovan sau semiom a\u0219 organiza ni\u0219te manifest\u0103ri publice. <br \/>C\u0103 direc\u021bia e clar\u0103 CCR e \u00een conflict de interese \u0219i o s\u0103-i doar\u0103 \u00een pul\u0103.<br \/>Dar nu \u0219tii dac\u0103 la baz\u0103 \u0219i \u0103ia de la partide vor pe bune sau joac\u0103 un joc gen uite, b\u0103, populime, noi am vrut, nu ne-am opus, dar nu s-a putut, pentru c\u0103 cecereu. Ar putea, dar cred c\u0103 CCR-ul \u00ee\u0219i sap\u0103 groapa destul de ad\u00e2nc, orice ar \u00eensemna asta .<\/p>\n\n\n\n<p><\/p>\n","protected":false},"excerpt":{"rendered":"<p>\u0218efa \u00cenaltei Cur\u021bi de Casa\u021bie \u0219i \u00eenc\u0103 ceva a atacat, previzibil, la CeCeReu legea privind pensiile magistra\u021bilor. Pare o joac\u0103 de copii, dar ce nu&hellip;<\/p>\n","protected":false},"author":2,"featured_media":33111,"comment_status":"open","ping_status":"open","sticky":false,"template":"","format":"standard","meta":{"jetpack_post_was_ever_published":false,"_jetpack_newsletter_access":"","_jetpack_dont_email_post_to_subs":false,"_jetpack_newsletter_tier_id":0,"_jetpack_memberships_contains_paywalled_content":false,"_jetpack_memberships_contains_paid_content":false,"footnotes":"","jetpack_publicize_message":"","jetpack_publicize_feature_enabled":true,"jetpack_social_post_already_shared":true,"jetpack_social_options":{"image_generator_settings":{"template":"highway","default_image_id":0,"font":"","enabled":false},"version":2}},"categories":[170],"tags":[6757,6756],"class_list":["post-33110","post","type-post","status-publish","format-standard","has-post-thumbnail","hentry","category-politice","tag-iccj-contesta-legea-pensiilor-la-ccr","tag-lia-savonea"],"views":415,"jetpack_publicize_connections":[],"jetpack_featured_media_url":"https:\/\/catalinx.ro\/wordpress\/wp-content\/uploads\/2025\/09\/image-13.png","jetpack_sharing_enabled":true,"jetpack_shortlink":"https:\/\/wp.me\/p4Eq23-8C2","jetpack-related-posts":[],"_links":{"self":[{"href":"https:\/\/catalinx.ro\/wordpress\/index.php?rest_route=\/wp\/v2\/posts\/33110","targetHints":{"allow":["GET"]}}],"collection":[{"href":"https:\/\/catalinx.ro\/wordpress\/index.php?rest_route=\/wp\/v2\/posts"}],"about":[{"href":"https:\/\/catalinx.ro\/wordpress\/index.php?rest_route=\/wp\/v2\/types\/post"}],"author":[{"embeddable":true,"href":"https:\/\/catalinx.ro\/wordpress\/index.php?rest_route=\/wp\/v2\/users\/2"}],"replies":[{"embeddable":true,"href":"https:\/\/catalinx.ro\/wordpress\/index.php?rest_route=%2Fwp%2Fv2%2Fcomments&post=33110"}],"version-history":[{"count":3,"href":"https:\/\/catalinx.ro\/wordpress\/index.php?rest_route=\/wp\/v2\/posts\/33110\/revisions"}],"predecessor-version":[{"id":33125,"href":"https:\/\/catalinx.ro\/wordpress\/index.php?rest_route=\/wp\/v2\/posts\/33110\/revisions\/33125"}],"wp:featuredmedia":[{"embeddable":true,"href":"https:\/\/catalinx.ro\/wordpress\/index.php?rest_route=\/wp\/v2\/media\/33111"}],"wp:attachment":[{"href":"https:\/\/catalinx.ro\/wordpress\/index.php?rest_route=%2Fwp%2Fv2%2Fmedia&parent=33110"}],"wp:term":[{"taxonomy":"category","embeddable":true,"href":"https:\/\/catalinx.ro\/wordpress\/index.php?rest_route=%2Fwp%2Fv2%2Fcategories&post=33110"},{"taxonomy":"post_tag","embeddable":true,"href":"https:\/\/catalinx.ro\/wordpress\/index.php?rest_route=%2Fwp%2Fv2%2Ftags&post=33110"}],"curies":[{"name":"wp","href":"https:\/\/api.w.org\/{rel}","templated":true}]}}