

{"id":33139,"date":"2025-09-06T12:09:00","date_gmt":"2025-09-06T11:09:00","guid":{"rendered":"https:\/\/catalinx.ro\/wordpress\/?p=33139"},"modified":"2025-09-06T09:36:39","modified_gmt":"2025-09-06T08:36:39","slug":"tanguirile-apia","status":"publish","type":"post","link":"https:\/\/catalinx.ro\/wordpress\/?p=33139","title":{"rendered":"T\u00e2nguirile APIA"},"content":{"rendered":"<div id=\"fb-root\"><\/div>\n\n<p>Pe mediafax se <a href=\"https:\/\/www.mediafax.ro\/economic\/proiectul-de-impozitare-auto-contestat-de-producatorii-si-importatorii-de-automobile-care-cer-premierului-reanalizarea-lui-apia-actuala-propunere-este-gresita-si-incompleta-23606174\" target=\"_blank\" rel=\"noreferrer noopener\">t\u00e2nguiesc<\/a> \u0103ia de la APIA c\u0103 taxele nu ii iau pe ei \u00een considere. Eu b\u0103nuiesc c\u0103 \u0103\u0219tia au vrut s\u0103 ruleze o schem\u0103 \u00een c\u00e2rd\u0103\u0219ie cu politrucii \u0219i s\u0103 pun\u0103 \u0103\u0219tia impozite mari pe rablele vechi, ca s\u0103 &#8220;stimuleze&#8221; v\u00e2nzarea de rable noi, c\u0103 nu prea se v\u00e2nd \u00een Rom\u00e2nia. <\/p>\n\n\n\n<p>Nu am vreo dovad\u0103 \u00een sensul \u0103sta, dar cum pun problema m\u0103 face s\u0103 m\u0103 g\u00e2ndesc la asta.<\/p>\n\n\n\n<p>\u0218i sper c\u0103 Bolozaurul s\u0103 le-o dea prin cabin\u0103, cum ne-a dat-o \u0219i nou\u0103. <\/p>\n\n\n\n<p>Singurul argument relevant este primul din lista asta. <\/p>\n\n\n\n<p>A\u0219a e, cilindreea e o metod\u0103 \u00eenvechit\u0103 \u0219i incomplet\u0103, chiar \u0219i coroborat\u0103 cu norma Euro, dar \u0219i norma de emisii  codoi e un pic hoa\u021b\u0103. Mai ales aia la hibride cu sub 50g\/100km. <\/p>\n\n\n\n<p><\/p>\n\n\n\n<figure class=\"wp-block-image size-large\"><img loading=\"lazy\" decoding=\"async\" width=\"1080\" height=\"1835\" data-attachment-id=\"33138\" data-permalink=\"https:\/\/catalinx.ro\/wordpress\/?attachment_id=33138#main\" data-orig-file=\"https:\/\/catalinx.ro\/wordpress\/wp-content\/uploads\/2025\/09\/Screenshot_20250905-20051043928129.jpg\" data-orig-size=\"1080,1835\" data-comments-opened=\"1\" data-image-meta=\"{&quot;aperture&quot;:&quot;0&quot;,&quot;credit&quot;:&quot;&quot;,&quot;camera&quot;:&quot;&quot;,&quot;caption&quot;:&quot;&quot;,&quot;created_timestamp&quot;:&quot;0&quot;,&quot;copyright&quot;:&quot;&quot;,&quot;focal_length&quot;:&quot;0&quot;,&quot;iso&quot;:&quot;0&quot;,&quot;shutter_speed&quot;:&quot;0&quot;,&quot;title&quot;:&quot;&quot;,&quot;orientation&quot;:&quot;0&quot;}\" data-image-title=\"Screenshot_20250905-200510439 (1)\" data-image-description=\"\" data-image-caption=\"\" data-medium-file=\"https:\/\/catalinx.ro\/wordpress\/wp-content\/uploads\/2025\/09\/Screenshot_20250905-20051043928129-283x480.jpg\" data-large-file=\"https:\/\/catalinx.ro\/wordpress\/wp-content\/uploads\/2025\/09\/Screenshot_20250905-20051043928129.jpg\" src=\"https:\/\/catalinx.ro\/wordpress\/wp-content\/uploads\/2025\/09\/Screenshot_20250905-20051043928129.jpg\" alt=\"\" class=\"wp-image-33138\" srcset=\"https:\/\/catalinx.ro\/wordpress\/wp-content\/uploads\/2025\/09\/Screenshot_20250905-20051043928129.jpg 1080w, https:\/\/catalinx.ro\/wordpress\/wp-content\/uploads\/2025\/09\/Screenshot_20250905-20051043928129-283x480.jpg 283w, https:\/\/catalinx.ro\/wordpress\/wp-content\/uploads\/2025\/09\/Screenshot_20250905-20051043928129-118x200.jpg 118w, https:\/\/catalinx.ro\/wordpress\/wp-content\/uploads\/2025\/09\/Screenshot_20250905-20051043928129-768x1305.jpg 768w, https:\/\/catalinx.ro\/wordpress\/wp-content\/uploads\/2025\/09\/Screenshot_20250905-20051043928129-904x1536.jpg 904w\" sizes=\"auto, (max-width: 1080px) 100vw, 1080px\" \/><\/figure>\n\n\n\n<p>Dar mai departe, zice a\u0219a : C\u0103 diferen\u021bele sunt insuficiente \u00eentre vehiculele vechi sau noi \u0219i c\u0103 favorizeaz\u0103 men\u021binerea \u0219i importul de ma\u0219ini vechi&#8230;<\/p>\n\n\n\n<p>Da, dar \u00eencurajarea ar trebui men\u021binut\u0103.  Ei spun c\u0103  vehiculele Euro 6 \u201dvechi de 10 ani\u201d e taxat la fel ca unul nou. <br \/>\u0218I?!!!<\/p>\n\n\n\n<p>Gen futu-v\u0103 \u00een gur\u0103 de produc\u0103tori, vre\u021bi s\u0103 spune\u021bi c\u0103 vehiculele Euro 6 de acum 10 ani nu prea sunt euro6? De ce? C\u0103 a\u021bi furat la emisii? C\u0103 le face\u021bi perisabile ? Atunci muie &#8211; un vehicul Euro6 de azi chiar TREBUIE taxat la fel ca unul de acum 10 ani \u0219i c\u0103rui produc\u0103tor nu-i convine are op\u021biunea de a da faliment \u0219i de a suge pula cu to\u021bi agaricii care-l promoveaz\u0103. <\/p>\n\n\n\n<p>Aia cu \u201dimpactul bugetar limitat\u201d e o gargarageal\u0103 comercial\u0103, c\u0103 domne, lumea cump\u0103r\u0103 SH-ul , nu noi \u0219i nu stimuleaz\u0103 str\u00e2ngerea de TVA \u0219i acumularea de table. Adic\u0103 fix cum \u0219i trebuie. Muie. <\/p>\n\n\n\n<p>Este foarte bine c\u0103 propunerea APIA nu a fost luat\u0103 \u00een considerare, c\u0103-s irelevan\u021bi ca \u0218tefan B\u0103nic\u0103 Jr. \u00eentre Pa\u0219te \u0219i Cr\u0103ciun. <\/p>\n","protected":false},"excerpt":{"rendered":"<p>Pe mediafax se t\u00e2nguiesc \u0103ia de la APIA c\u0103 taxele nu ii iau pe ei \u00een considere. Eu b\u0103nuiesc c\u0103 \u0103\u0219tia au vrut s\u0103 ruleze&hellip;<\/p>\n","protected":false},"author":2,"featured_media":28895,"comment_status":"open","ping_status":"open","sticky":false,"template":"","format":"standard","meta":{"jetpack_post_was_ever_published":false,"_jetpack_newsletter_access":"","_jetpack_dont_email_post_to_subs":false,"_jetpack_newsletter_tier_id":0,"_jetpack_memberships_contains_paywalled_content":false,"_jetpack_memberships_contains_paid_content":false,"footnotes":"","jetpack_publicize_message":"","jetpack_publicize_feature_enabled":true,"jetpack_social_post_already_shared":true,"jetpack_social_options":{"image_generator_settings":{"template":"highway","default_image_id":0,"font":"","enabled":false},"version":2}},"categories":[3499,170,2639],"tags":[],"class_list":["post-33139","post","type-post","status-publish","format-standard","has-post-thumbnail","hentry","category-economie","category-politice","category-taxe"],"views":474,"jetpack_publicize_connections":[],"jetpack_featured_media_url":"https:\/\/catalinx.ro\/wordpress\/wp-content\/uploads\/2024\/10\/flying-cars.jpg","jetpack_sharing_enabled":true,"jetpack_shortlink":"https:\/\/wp.me\/p4Eq23-8Cv","jetpack-related-posts":[],"_links":{"self":[{"href":"https:\/\/catalinx.ro\/wordpress\/index.php?rest_route=\/wp\/v2\/posts\/33139","targetHints":{"allow":["GET"]}}],"collection":[{"href":"https:\/\/catalinx.ro\/wordpress\/index.php?rest_route=\/wp\/v2\/posts"}],"about":[{"href":"https:\/\/catalinx.ro\/wordpress\/index.php?rest_route=\/wp\/v2\/types\/post"}],"author":[{"embeddable":true,"href":"https:\/\/catalinx.ro\/wordpress\/index.php?rest_route=\/wp\/v2\/users\/2"}],"replies":[{"embeddable":true,"href":"https:\/\/catalinx.ro\/wordpress\/index.php?rest_route=%2Fwp%2Fv2%2Fcomments&post=33139"}],"version-history":[{"count":1,"href":"https:\/\/catalinx.ro\/wordpress\/index.php?rest_route=\/wp\/v2\/posts\/33139\/revisions"}],"predecessor-version":[{"id":33140,"href":"https:\/\/catalinx.ro\/wordpress\/index.php?rest_route=\/wp\/v2\/posts\/33139\/revisions\/33140"}],"wp:featuredmedia":[{"embeddable":true,"href":"https:\/\/catalinx.ro\/wordpress\/index.php?rest_route=\/wp\/v2\/media\/28895"}],"wp:attachment":[{"href":"https:\/\/catalinx.ro\/wordpress\/index.php?rest_route=%2Fwp%2Fv2%2Fmedia&parent=33139"}],"wp:term":[{"taxonomy":"category","embeddable":true,"href":"https:\/\/catalinx.ro\/wordpress\/index.php?rest_route=%2Fwp%2Fv2%2Fcategories&post=33139"},{"taxonomy":"post_tag","embeddable":true,"href":"https:\/\/catalinx.ro\/wordpress\/index.php?rest_route=%2Fwp%2Fv2%2Ftags&post=33139"}],"curies":[{"name":"wp","href":"https:\/\/api.w.org\/{rel}","templated":true}]}}