

{"id":33257,"date":"2025-12-06T02:08:00","date_gmt":"2025-12-06T02:08:00","guid":{"rendered":"https:\/\/catalinx.ro\/wordpress\/?p=33257"},"modified":"2025-09-12T14:25:55","modified_gmt":"2025-09-12T13:25:55","slug":"pronumele-meu-e-ba","status":"publish","type":"post","link":"https:\/\/catalinx.ro\/wordpress\/?p=33257","title":{"rendered":"Pronumele meu e \u201db\u0103\u201d"},"content":{"rendered":"<div id=\"fb-root\"><\/div>\n\n<p>M-a \u00eentrebat cineva \u00eentr-o \u0219edin\u021b\u0103 pe la \u00eenceput c\u0103 dac\u0103 am un pronume favorit. I-o fi fost cumva s\u0103 m\u0103 intrebe dac\u0103 sunt b\u0103rbat sau c\u00e2\u0219tig\u0103toarea Eurovisionului din Austria.  Nu \u0219tiu dac\u0103 de la claia de p\u0103r din cap sau alte motive. <br \/>I-am spus c\u0103 da, am, dar nu are sens \u00een englez\u0103.  <\/p>\n\n\n\n<p>C\u0103 nu conteaz\u0103, c\u0103care este, s\u0103-l fac cunoscut. \u0218i l-am f\u0103cut pe \u201db\u0103\u201d cunoscut interna\u021bional. <\/p>\n\n\n\n<p>M-a \u00eentrebat c\u0103 ce <strong> fel<\/strong> de gen este \u0219i i-am spus c\u0103 e un fel de gen &#8230; autocitez \u201dvillageois masculin\u201d. C\u0103 dac\u0103 e diferit de diferit de masculinul normal. <\/p>\n\n\n\n<p>-Nu, e mai mult treab\u0103 de polite\u021be. <\/p>\n\n\n\n<p>-Deci e un fel de titlu, cum ar fi Doctor?<\/p>\n\n\n\n<p>-Exact, un fel de doctor, dar mai informal. <\/p>\n\n\n\n<p>-\u0218i pentru femei se spune tot a\u0219a?<\/p>\n\n\n\n<p>-C&#8217;est tres impolis d&#8217;appeler un femme comme ca!<\/p>\n\n\n\n<p>-\u0218i-atunci cum?<\/p>\n\n\n\n<p>-\u201dF\u0103!\u201d<\/p>\n\n\n\n<p>-Deci este un gen p\u00e2n\u0103 la urm\u0103. P\u0103i da, am zis!<\/p>\n\n\n\n<p>Am discutat ce era \u0219i am crezut c\u0103 r\u0103m\u00e2ne a\u0219a, ca o glum\u0103 la care am r\u00e2s doar eu \u00een sinea mea. <br \/>Dar a verificat cumva informa\u021bia cu o alt\u0103 doamn\u0103 de origine rom\u00e2n\u0103, care  m-a dat \u00een primire. Cu urm\u0103toarea ocazie mi-a zis c\u0103 n-a fost frumos ce-am f\u0103cut ( eu cred c\u0103 da?) \u0219i m-a \u00eentrebat ce e cu  umorul b\u0103rba\u021bilor rom\u00e2ni, c\u0103 \u00eenva\u021b\u0103m str\u0103inii,  din rom\u00e2ne\u0219te, numai expresii vulgare \u0219i nu le spunem traducerea corect\u0103? C\u0103 e imatur. Eeeh.  Drept care a zis c-o s\u0103 mi se adreseze cu \u201dba\u201d de-acum \u00eencolo ( e greu de pronun\u021bat \u201d\u0103\u201d).<\/p>\n\n\n\n<p>P\u0103i nu asta am cerut?<\/p>\n\n\n\n<p>Doar c\u0103 e pu\u021bin ciudat c\u00e2nd aud  \u201dCould ba please do the needful?\u201d Ba!<\/p>\n","protected":false},"excerpt":{"rendered":"<p>M-a \u00eentrebat cineva \u00eentr-o \u0219edin\u021b\u0103 pe la \u00eenceput c\u0103 dac\u0103 am un pronume favorit. I-o fi fost cumva s\u0103 m\u0103 intrebe dac\u0103 sunt b\u0103rbat sau&hellip;<\/p>\n","protected":false},"author":2,"featured_media":31171,"comment_status":"open","ping_status":"open","sticky":false,"template":"","format":"standard","meta":{"jetpack_post_was_ever_published":false,"_jetpack_newsletter_access":"","_jetpack_dont_email_post_to_subs":false,"_jetpack_newsletter_tier_id":0,"_jetpack_memberships_contains_paywalled_content":false,"_jetpack_memberships_contains_paid_content":false,"footnotes":"","jetpack_publicize_message":"","jetpack_publicize_feature_enabled":true,"jetpack_social_post_already_shared":true,"jetpack_social_options":{"image_generator_settings":{"template":"highway","default_image_id":0,"font":"","enabled":false},"version":2}},"categories":[3],"tags":[],"class_list":["post-33257","post","type-post","status-publish","format-standard","has-post-thumbnail","hentry","category-general-trash"],"views":416,"jetpack_publicize_connections":[],"jetpack_featured_media_url":"https:\/\/catalinx.ro\/wordpress\/wp-content\/uploads\/2025\/04\/ss-120503-obama-year4-02.webp","jetpack_sharing_enabled":true,"jetpack_shortlink":"https:\/\/wp.me\/p4Eq23-8Ep","jetpack-related-posts":[],"_links":{"self":[{"href":"https:\/\/catalinx.ro\/wordpress\/index.php?rest_route=\/wp\/v2\/posts\/33257","targetHints":{"allow":["GET"]}}],"collection":[{"href":"https:\/\/catalinx.ro\/wordpress\/index.php?rest_route=\/wp\/v2\/posts"}],"about":[{"href":"https:\/\/catalinx.ro\/wordpress\/index.php?rest_route=\/wp\/v2\/types\/post"}],"author":[{"embeddable":true,"href":"https:\/\/catalinx.ro\/wordpress\/index.php?rest_route=\/wp\/v2\/users\/2"}],"replies":[{"embeddable":true,"href":"https:\/\/catalinx.ro\/wordpress\/index.php?rest_route=%2Fwp%2Fv2%2Fcomments&post=33257"}],"version-history":[{"count":4,"href":"https:\/\/catalinx.ro\/wordpress\/index.php?rest_route=\/wp\/v2\/posts\/33257\/revisions"}],"predecessor-version":[{"id":33262,"href":"https:\/\/catalinx.ro\/wordpress\/index.php?rest_route=\/wp\/v2\/posts\/33257\/revisions\/33262"}],"wp:featuredmedia":[{"embeddable":true,"href":"https:\/\/catalinx.ro\/wordpress\/index.php?rest_route=\/wp\/v2\/media\/31171"}],"wp:attachment":[{"href":"https:\/\/catalinx.ro\/wordpress\/index.php?rest_route=%2Fwp%2Fv2%2Fmedia&parent=33257"}],"wp:term":[{"taxonomy":"category","embeddable":true,"href":"https:\/\/catalinx.ro\/wordpress\/index.php?rest_route=%2Fwp%2Fv2%2Fcategories&post=33257"},{"taxonomy":"post_tag","embeddable":true,"href":"https:\/\/catalinx.ro\/wordpress\/index.php?rest_route=%2Fwp%2Fv2%2Ftags&post=33257"}],"curies":[{"name":"wp","href":"https:\/\/api.w.org\/{rel}","templated":true}]}}