

{"id":33541,"date":"2025-10-27T16:22:20","date_gmt":"2025-10-27T15:22:20","guid":{"rendered":"https:\/\/catalinx.ro\/wordpress\/?p=33541"},"modified":"2025-10-27T16:22:20","modified_gmt":"2025-10-27T15:22:20","slug":"umiditate","status":"publish","type":"post","link":"https:\/\/catalinx.ro\/wordpress\/?p=33541","title":{"rendered":"Umiditate"},"content":{"rendered":"<div id=\"fb-root\"><\/div>\n\n<p>Ini\u021bial am crezut c\u0103 am uitat eu s\u0103 \u00eencarc camera de ap\u0103 GoPro, \u00eens\u0103 n-am uitat, apoi am crezut c\u0103 poate camera are ceva cureni de desc\u0103rcare parazi\u021bi sau poate c\u0103 bateria e de vin\u0103. Asta pentru c\u0103 m-am trezit \u00een balt\u0103 cu camera chioar\u0103. Nu pornea, nu nimic, te mai a\u0219tep\u021bi s\u0103 se descarce de la 100% la 50 la 30 sau s\u0103 fie pe low battery, dar era efectiv moart\u0103.<\/p>\n\n\n\n<p>Dup\u0103 care am observat c\u0103 un telefon r\u0103mas \u00een camer\u0103 timp de dou\u0103 zile s a desc\u0103rcat de la 100% la 0% \u0219i f\u0103r\u0103 s\u0103 spunem f\u0103r\u0103 s\u0103 fie conectat la mai nimic. M-am tot \u00eentrebat dac\u0103 ne consum\u0103 cineva bateriile c\u00e2nd nu st\u0103m \u00een camer\u0103, sau dac\u0103 o fi ceva special.<\/p>\n\n\n\n<p> Dup\u0103 care am observat c\u0103 bateria extern\u0103 cu care am plecat\u00a0 de acas\u0103 \u00eenc\u0103rcat\u0103 100%, dup\u0103 \u0219apte zile, c\u00e2nd am avut prima dat\u0103 nevoie s\u0103 folosesc era troanc\u0103. B\u0103, nimic nu mai avea, nici m\u0103car nu se aprindea ledul care \u021bi-arat\u0103 c\u0103 e 0%. Iar bateria \u00een sine n-are nicio problem\u0103. Nu e folosit\u0103 de multe ori, nici nu e foarte veche \u0219i \u00een UK \u021bine \u00eenc\u0103rcat\u0103 \u0219i dou\u0103 luni f\u0103r\u0103 s\u0103 o folosesc.<\/p>\n\n\n\n<p>Aici aerul condi\u021bionat merge \u00een camer\u0103 aproape tot timpul, de fapt tot timpul, cu excep\u021bia ocaziilor \u00een care \u00eel oprim noi ca s\u0103&nbsp; dormim \u0219i peste noapte pere\u021bii se umezesc. <\/p>\n\n\n\n<p>A\u0219a c\u0103 \u00eemi imaginez c\u0103 umiditatea e at\u00e2t de mare probabil dep\u0103\u0219e\u0219te 80%. At\u00e2t de mult c\u0103 bateriile se se descarc\u0103 prin aerul umed. Dubios, \u00een sensul c\u0103 n am mai \u00eent\u00e2lnit p\u00e2n\u0103 acum nic\u0103ieri \u00een alt\u0103 vacan\u021b\u0103, dar \u00eemi imaginez c\u0103 este posibil. <\/p>\n\n\n\n<p>\u0218i totodat\u0103 m\u0103 \u00eentreb cum ar fi s\u0103 tr\u0103iesc aici. Meh.<\/p>\n\n\n\n<p><\/p>\n","protected":false},"excerpt":{"rendered":"<p>Ini\u021bial am crezut c\u0103 am uitat eu s\u0103 \u00eencarc camera de ap\u0103 GoPro, \u00eens\u0103 n-am uitat, apoi am crezut c\u0103 poate camera are ceva cureni&hellip;<\/p>\n","protected":false},"author":2,"featured_media":33540,"comment_status":"open","ping_status":"open","sticky":false,"template":"","format":"standard","meta":{"jetpack_post_was_ever_published":false,"_jetpack_newsletter_access":"","_jetpack_dont_email_post_to_subs":false,"_jetpack_newsletter_tier_id":0,"_jetpack_memberships_contains_paywalled_content":false,"_jetpack_memberships_contains_paid_content":false,"footnotes":"","jetpack_publicize_message":"","jetpack_publicize_feature_enabled":true,"jetpack_social_post_already_shared":true,"jetpack_social_options":{"image_generator_settings":{"template":"highway","default_image_id":0,"font":"","enabled":false},"version":2}},"categories":[6800,229,359],"tags":[],"class_list":["post-33541","post","type-post","status-publish","format-standard","has-post-thumbnail","hentry","category-jamaica","category-tech","category-de-vacanta"],"views":404,"jetpack_publicize_connections":[],"jetpack_featured_media_url":"https:\/\/catalinx.ro\/wordpress\/wp-content\/uploads\/2025\/09\/P_20250920_120748-scaled.jpg","jetpack_sharing_enabled":true,"jetpack_shortlink":"https:\/\/wp.me\/p4Eq23-8IZ","jetpack-related-posts":[],"_links":{"self":[{"href":"https:\/\/catalinx.ro\/wordpress\/index.php?rest_route=\/wp\/v2\/posts\/33541","targetHints":{"allow":["GET"]}}],"collection":[{"href":"https:\/\/catalinx.ro\/wordpress\/index.php?rest_route=\/wp\/v2\/posts"}],"about":[{"href":"https:\/\/catalinx.ro\/wordpress\/index.php?rest_route=\/wp\/v2\/types\/post"}],"author":[{"embeddable":true,"href":"https:\/\/catalinx.ro\/wordpress\/index.php?rest_route=\/wp\/v2\/users\/2"}],"replies":[{"embeddable":true,"href":"https:\/\/catalinx.ro\/wordpress\/index.php?rest_route=%2Fwp%2Fv2%2Fcomments&post=33541"}],"version-history":[{"count":1,"href":"https:\/\/catalinx.ro\/wordpress\/index.php?rest_route=\/wp\/v2\/posts\/33541\/revisions"}],"predecessor-version":[{"id":33974,"href":"https:\/\/catalinx.ro\/wordpress\/index.php?rest_route=\/wp\/v2\/posts\/33541\/revisions\/33974"}],"wp:featuredmedia":[{"embeddable":true,"href":"https:\/\/catalinx.ro\/wordpress\/index.php?rest_route=\/wp\/v2\/media\/33540"}],"wp:attachment":[{"href":"https:\/\/catalinx.ro\/wordpress\/index.php?rest_route=%2Fwp%2Fv2%2Fmedia&parent=33541"}],"wp:term":[{"taxonomy":"category","embeddable":true,"href":"https:\/\/catalinx.ro\/wordpress\/index.php?rest_route=%2Fwp%2Fv2%2Fcategories&post=33541"},{"taxonomy":"post_tag","embeddable":true,"href":"https:\/\/catalinx.ro\/wordpress\/index.php?rest_route=%2Fwp%2Fv2%2Ftags&post=33541"}],"curies":[{"name":"wp","href":"https:\/\/api.w.org\/{rel}","templated":true}]}}