

{"id":33823,"date":"2025-10-21T01:39:00","date_gmt":"2025-10-21T00:39:00","guid":{"rendered":"https:\/\/catalinx.ro\/wordpress\/?p=33823"},"modified":"2025-10-16T13:05:36","modified_gmt":"2025-10-16T12:05:36","slug":"o-sa-creasca-salariul-minim-dar-nu-ca-sa-fie-ajutati-cei-cu-venituri-mici","status":"publish","type":"post","link":"https:\/\/catalinx.ro\/wordpress\/?p=33823","title":{"rendered":"Probabil c\u0103 o s\u0103 creasc\u0103 salariul minim, dar nu ca s\u0103 fie ajuta\u021bi cei cu venituri mici"},"content":{"rendered":"<div id=\"fb-root\"><\/div>\n\n<p>Cum zice \u0219tirea asta, \u201d<a href=\"https:\/\/www.mediafax.ro\/economic\/cristian-socol-15-argumente-pentru-cresterea-salariului-minim-in-2026-23626130\">iat\u0103 15 argumente pentru cre\u0219terea salariului minim din 2026<\/a>\u201d din care ce cele care conteaz\u0103 nu au fost stipulate, dar domnul Cristian Socol nu zice din astea, c\u0103 e ru\u0219ine. <\/p>\n\n\n\n<p>Argumentul numero uno este deficitul. Care cu toate t\u0103ierile \u0219i cu tot luatul, tot mare e. \u0218i nu mai de unde pula mea s\u0103 mai iei, dac\u0103 nu mai \u0219i dai. A\u0219a c\u0103 opereaz\u0103 p\u00e2rghia care s-a mai operat p\u00e2n\u0103 acum, m\u0103resc salariul minim p\u00e2n\u0103 unde se poate \u0219i mai sug de acolo. A nu se \u00een\u021belege c\u0103 mi se pare o idee proast\u0103. Nu, e o idee bun\u0103, doar c\u0103 de \u0103lea 15 argumente din articol nu-i pas\u0103 nim\u0103nui.<\/p>\n\n\n\n<p>Argumentul numero due este c\u0103, informal, salariile minime deja ca sunt mai mari, c\u0103 \u201d<em>nu mai vrea nimeni s\u0103 munceasc\u0103 pe banii \u0103\u0219tia<\/em>\u201d &#8211; sun\u0103 cunoscut? P\u00e2n\u0103 \u0219i muncitorii din Asia mai primesc pe sub m\u00e2n\u0103, informal , sume peste salariul minim, nu dau sursa dar e la prima m\u00e2n\u0103. P\u0103i dac\u0103 a\u0219a, statul s-a prins c\u0103 e mai degrab\u0103 o evitare a unor taxe nivelul curent al salariului minim, a\u0219a c\u0103 \u201dhai, b\u0103, s\u0103 <em><a href=\"https:\/\/www.conjugare.ro\/romana.php?conjugare=lua\">lom<strong> <\/strong><\/a><\/em>\u0219i noi la buget partea \u021b\u0103rii!\u201d No?<\/p>\n\n\n\n<p>Se cac\u0103 pe ei p\u00e2n\u0103 la ce valoare ar trebui s\u0103 creasc\u0103 salariul minim , c\u0103 sunt mai multe formule \u0219i legi \u0219i baleiaz\u0103 \u00eentre 4326 \u0219i 4774 \u0219i la cum v\u0103d eu lucrurile, patronatele conduse de ni\u0219te patrone\u021bi Hagi Todo\u0219i, unii a\u0219a ca mine, dar mai pro\u0219ti, or s\u0103 se trag\u0103 pe cur c\u0103 se \u00eenchid afacerile, c\u0103 costul muncii e prea mare, adic\u0103 p\u0103ruial\u0103 pe \u0103lea 15 motive invocate de domnul Socol, dar a\u0219a la vr\u0103jeal\u0103.<br \/><\/p>\n\n\n\n<p>Eu a\u0219 pune pula pe mas\u0103 altfel \u0219i a\u0219 cere sus\u021binerea popula\u021biei, dac\u0103 a\u0219 fi patrone\u021bii \u0103\u0219tia. Facem 4800, ca s\u0103 fie sum\u0103 rotund\u0103, \u0219i c\u00e2t mai punem noi peste 4050 c\u00e2t e acuma, mai t\u0103ia\u021bi voi de la stat de la taxe. Deci 750 ad\u0103uga\u021bi la costul muncii 750 u\u0219ura\u021bi de la taxe. \u0218i ad\u0103ugate progresiv la valori mai mari ale salariilor.  Asta ar duce salariul minim net la 4074 de lei, adic\u0103 800 de euro \u0219i ar reduce taxarea pe munc\u0103, la nivelul \u0103sta de salarizare, la 15%.  Bam!<\/p>\n\n\n\n<p>Treaba asta ne-ar muta \u0219i pe noi pe fusul orar al Europei Centrale, din ni\u0219te puncte de vedere. <br \/>O s\u0103 se \u00eent\u00e2mple a\u0219a ceva? <br \/><strong><a href=\"https:\/\/www.digi24.ro\/stiri\/actualitate\/politica\/purtatoarea-de-cuvant-a-guvernului-in-principiu-salariul-minim-nu-va-creste-de-anul-viitor-3459351\">Nu! Normal, \u00een pula mea!<\/a><\/strong><br \/>C\u0103 aia ziceam , \u0103lea 15 motive sunt la mi\u0219to.<\/p>\n\n\n\n<figure class=\"wp-block-image size-full\"><img loading=\"lazy\" decoding=\"async\" width=\"1045\" height=\"723\" data-attachment-id=\"33824\" data-permalink=\"https:\/\/catalinx.ro\/wordpress\/?attachment_id=33824#main\" data-orig-file=\"https:\/\/catalinx.ro\/wordpress\/wp-content\/uploads\/2025\/10\/image-30.png\" data-orig-size=\"1045,723\" data-comments-opened=\"1\" data-image-meta=\"{&quot;aperture&quot;:&quot;0&quot;,&quot;credit&quot;:&quot;&quot;,&quot;camera&quot;:&quot;&quot;,&quot;caption&quot;:&quot;&quot;,&quot;created_timestamp&quot;:&quot;0&quot;,&quot;copyright&quot;:&quot;&quot;,&quot;focal_length&quot;:&quot;0&quot;,&quot;iso&quot;:&quot;0&quot;,&quot;shutter_speed&quot;:&quot;0&quot;,&quot;title&quot;:&quot;&quot;,&quot;orientation&quot;:&quot;0&quot;}\" data-image-title=\"image\" data-image-description=\"\" data-image-caption=\"\" data-medium-file=\"https:\/\/catalinx.ro\/wordpress\/wp-content\/uploads\/2025\/10\/image-30-480x332.png\" data-large-file=\"https:\/\/catalinx.ro\/wordpress\/wp-content\/uploads\/2025\/10\/image-30.png\" src=\"https:\/\/catalinx.ro\/wordpress\/wp-content\/uploads\/2025\/10\/image-30.png\" alt=\"\" class=\"wp-image-33824\" srcset=\"https:\/\/catalinx.ro\/wordpress\/wp-content\/uploads\/2025\/10\/image-30.png 1045w, https:\/\/catalinx.ro\/wordpress\/wp-content\/uploads\/2025\/10\/image-30-480x332.png 480w, https:\/\/catalinx.ro\/wordpress\/wp-content\/uploads\/2025\/10\/image-30-200x138.png 200w, https:\/\/catalinx.ro\/wordpress\/wp-content\/uploads\/2025\/10\/image-30-768x531.png 768w\" sizes=\"auto, (max-width: 1045px) 100vw, 1045px\" \/><\/figure>\n\n\n\n<p><\/p>\n","protected":false},"excerpt":{"rendered":"<p>Cum zice \u0219tirea asta, \u201diat\u0103 15 argumente pentru cre\u0219terea salariului minim din 2026\u201d din care ce cele care conteaz\u0103 nu au fost stipulate, dar domnul&hellip;<\/p>\n","protected":false},"author":2,"featured_media":33824,"comment_status":"open","ping_status":"open","sticky":false,"template":"","format":"standard","meta":{"jetpack_post_was_ever_published":false,"_jetpack_newsletter_access":"","_jetpack_dont_email_post_to_subs":false,"_jetpack_newsletter_tier_id":0,"_jetpack_memberships_contains_paywalled_content":false,"_jetpack_memberships_contains_paid_content":false,"footnotes":"","jetpack_publicize_message":"","jetpack_publicize_feature_enabled":true,"jetpack_social_post_already_shared":true,"jetpack_social_options":{"image_generator_settings":{"template":"highway","default_image_id":0,"font":"","enabled":false},"version":2}},"categories":[1],"tags":[],"class_list":["post-33823","post","type-post","status-publish","format-standard","has-post-thumbnail","hentry","category-uncategorized"],"views":389,"jetpack_publicize_connections":[],"jetpack_featured_media_url":"https:\/\/catalinx.ro\/wordpress\/wp-content\/uploads\/2025\/10\/image-30.png","jetpack_sharing_enabled":true,"jetpack_shortlink":"https:\/\/wp.me\/p4Eq23-8Nx","jetpack-related-posts":[],"_links":{"self":[{"href":"https:\/\/catalinx.ro\/wordpress\/index.php?rest_route=\/wp\/v2\/posts\/33823","targetHints":{"allow":["GET"]}}],"collection":[{"href":"https:\/\/catalinx.ro\/wordpress\/index.php?rest_route=\/wp\/v2\/posts"}],"about":[{"href":"https:\/\/catalinx.ro\/wordpress\/index.php?rest_route=\/wp\/v2\/types\/post"}],"author":[{"embeddable":true,"href":"https:\/\/catalinx.ro\/wordpress\/index.php?rest_route=\/wp\/v2\/users\/2"}],"replies":[{"embeddable":true,"href":"https:\/\/catalinx.ro\/wordpress\/index.php?rest_route=%2Fwp%2Fv2%2Fcomments&post=33823"}],"version-history":[{"count":2,"href":"https:\/\/catalinx.ro\/wordpress\/index.php?rest_route=\/wp\/v2\/posts\/33823\/revisions"}],"predecessor-version":[{"id":33839,"href":"https:\/\/catalinx.ro\/wordpress\/index.php?rest_route=\/wp\/v2\/posts\/33823\/revisions\/33839"}],"wp:featuredmedia":[{"embeddable":true,"href":"https:\/\/catalinx.ro\/wordpress\/index.php?rest_route=\/wp\/v2\/media\/33824"}],"wp:attachment":[{"href":"https:\/\/catalinx.ro\/wordpress\/index.php?rest_route=%2Fwp%2Fv2%2Fmedia&parent=33823"}],"wp:term":[{"taxonomy":"category","embeddable":true,"href":"https:\/\/catalinx.ro\/wordpress\/index.php?rest_route=%2Fwp%2Fv2%2Fcategories&post=33823"},{"taxonomy":"post_tag","embeddable":true,"href":"https:\/\/catalinx.ro\/wordpress\/index.php?rest_route=%2Fwp%2Fv2%2Ftags&post=33823"}],"curies":[{"name":"wp","href":"https:\/\/api.w.org\/{rel}","templated":true}]}}