

{"id":33845,"date":"2025-10-19T08:38:11","date_gmt":"2025-10-19T07:38:11","guid":{"rendered":"https:\/\/catalinx.ro\/wordpress\/?p=33845"},"modified":"2025-10-18T18:47:12","modified_gmt":"2025-10-18T17:47:12","slug":"terorism-de-ferentari","status":"publish","type":"post","link":"https:\/\/catalinx.ro\/wordpress\/?p=33845","title":{"rendered":"Terorism de Ferentari"},"content":{"rendered":"<div id=\"fb-root\"><\/div>\n\n<p>Uite de asta nu mi-a pl\u0103cut niciodat\u0103 la bloc \u0219i de asta am fobie de gaz, iar \u00een Rom\u00e2nia nu am nici m\u0103car butelie ( au ai mei) &#8211; \u00een UK am gaz doar la central\u0103 \u00een camera tehnic\u0103 \u0219i cer verific\u0103ri mai des dec\u00e2t prevede legea. \u0218i c\u0103 am verificare de la so\u021bie din timp\u00a0 \u00een timp \u0219i r\u0103spunsul &#8221; anul \u0103sta nu vreau s\u0103 mai dau bani&#8221; ar genera discu\u021bii mai scumpe dec\u00e2t g\u0103zarul.<\/p>\n\n\n\n<p><br \/>Pentru c\u0103 la cas\u0103, dac\u0103-s io prost de bubui, bubui eu \u0219i familia mea, dar pe curent electric, mai pu\u021bin bau \u0219i mai mult Dorele! Dar la bloc e a\u0219a plin de pro\u0219ti ( \u00een\u00a0 sensul c\u0103 e densitatea de oameni mai mare, nu c\u0103 am fi \u021b\u0103ranii mai de\u0219tep\u021bi, nu ) de bubuie de m\u0103 \u00eentreb cum de nu e c\u00e2te o deflagra\u021bie ca asta s\u0103pt\u0103m\u00e2nal, dar asta pentru c\u0103 uneori se manifest\u0103 sub form\u0103 de inunda\u021bii, incendii, astea. <br \/><br \/>Bine, de data asta problema pare standard &#8211; locuitorii declar\u0103 c\u0103 au sunat, c\u0103 vine Dorel \u201dsugi pula e totul OK\u201d, merge a\u0219a. Mi se pare perfect natural ( pentru Ferentexas oricum) &#8211; am v\u0103zut \u0219i eu pe unde am locuit \u00een Bucure\u0219ti tot a\u0219a &#8211; c\u0103 cineva a sunat la Distrigaz c\u0103 mirosea a gaz pe scara blocului, au venit \u0103ia, <a href=\"https:\/\/hotnews.ro\/raspunsul-uriasei-companii-care-alimenta-blocul-din-rahova-echipele-de-interventie-ale-companiei-au-ajuns-la-fata-locului-in-momentul-producerii-exploziei-distrigaz-este-cea-mai-ma-2088965\"><strong>au declarat ei<\/strong><\/a><a href=\"https:\/\/hotnews.ro\/raspunsul-uriasei-companii-care-alimenta-blocul-din-rahova-echipele-de-interventie-ale-companiei-au-ajuns-la-fata-locului-in-momentul-producerii-exploziei-distrigaz-este-cea-mai-ma-2088965\"> c\u0103 oprit gazul<\/a>, \u0219i cineva a venit \u0219i l-a deschis, c\u0103 ce pula lui,<a href=\"https:\/\/www.getyarn.io\/yarn-clip\/7d31a08f-d931-4c32-9df8-d45e91bf2111\"> manual override<\/a>. Dar n-au \u021binut scuturile &#8211; cum ar veni, scuturi pula!<\/p>\n\n\n\n<p><br \/>Poate s\u0103 fie oricum, informa\u021biile sunt contradictorii pentru c\u0103 toat\u0103 lumea minte \u0219i ideea e c\u0103 oriunde ar fi vina e absolut acceptabil \u0219i trivial p\u00e2n\u0103 nu se \u00eent\u00e2mpl\u0103 nimic \u0219i complet absurd \u0219i criminalii trebuie pedepsi\u021bi, c\u00e2nd se \u00eent\u00e2mpl\u0103 ceva.<\/p>\n\n\n\n<figure class=\"wp-block-image size-full\"><img loading=\"lazy\" decoding=\"async\" width=\"1280\" height=\"720\" data-attachment-id=\"33846\" data-permalink=\"https:\/\/catalinx.ro\/wordpress\/?attachment_id=33846#main\" data-orig-file=\"https:\/\/catalinx.ro\/wordpress\/wp-content\/uploads\/2025\/10\/whatsapp-image-2025-10-17-at-09-51-58_e825da35-1-e1760685421492-1024x684-1.webp\" data-orig-size=\"1280,720\" data-comments-opened=\"1\" data-image-meta=\"{&quot;aperture&quot;:&quot;0&quot;,&quot;credit&quot;:&quot;&quot;,&quot;camera&quot;:&quot;&quot;,&quot;caption&quot;:&quot;&quot;,&quot;created_timestamp&quot;:&quot;0&quot;,&quot;copyright&quot;:&quot;&quot;,&quot;focal_length&quot;:&quot;0&quot;,&quot;iso&quot;:&quot;0&quot;,&quot;shutter_speed&quot;:&quot;0&quot;,&quot;title&quot;:&quot;&quot;,&quot;orientation&quot;:&quot;0&quot;}\" data-image-title=\"whatsapp-image-2025-10-17-at-09-51-58_e825da35-1-e1760685421492-1024&amp;#215;684\" data-image-description=\"\" data-image-caption=\"\" data-medium-file=\"https:\/\/catalinx.ro\/wordpress\/wp-content\/uploads\/2025\/10\/whatsapp-image-2025-10-17-at-09-51-58_e825da35-1-e1760685421492-1024x684-1-480x270.webp\" data-large-file=\"https:\/\/catalinx.ro\/wordpress\/wp-content\/uploads\/2025\/10\/whatsapp-image-2025-10-17-at-09-51-58_e825da35-1-e1760685421492-1024x684-1.webp\" src=\"https:\/\/catalinx.ro\/wordpress\/wp-content\/uploads\/2025\/10\/whatsapp-image-2025-10-17-at-09-51-58_e825da35-1-e1760685421492-1024x684-1.webp\" alt=\"\" class=\"wp-image-33846\" srcset=\"https:\/\/catalinx.ro\/wordpress\/wp-content\/uploads\/2025\/10\/whatsapp-image-2025-10-17-at-09-51-58_e825da35-1-e1760685421492-1024x684-1.webp 1280w, https:\/\/catalinx.ro\/wordpress\/wp-content\/uploads\/2025\/10\/whatsapp-image-2025-10-17-at-09-51-58_e825da35-1-e1760685421492-1024x684-1-480x270.webp 480w, https:\/\/catalinx.ro\/wordpress\/wp-content\/uploads\/2025\/10\/whatsapp-image-2025-10-17-at-09-51-58_e825da35-1-e1760685421492-1024x684-1-200x113.webp 200w, https:\/\/catalinx.ro\/wordpress\/wp-content\/uploads\/2025\/10\/whatsapp-image-2025-10-17-at-09-51-58_e825da35-1-e1760685421492-1024x684-1-768x432.webp 768w\" sizes=\"auto, (max-width: 1280px) 100vw, 1280px\" \/><\/figure>\n\n\n\n<p>Sigur, situa\u021biile \u0103stea sunt foarte rare &#8211; natural &#8211; \u0219i \u201dn-am io ghinionul \u0103sta\u201d.<\/p>\n\n\n\n<p>Dar vecinii mei, da, nu chiar explozie s\u0103 d\u0103r\u00e2me tot blocul , dar ori\u0219ic\u00e2t. <a href=\"https:\/\/catalinx.ro\/wordpress\/?p=4678\">[1]<\/a>, [<a href=\"https:\/\/catalinx.ro\/wordpress\/?p=13003\">2<\/a>] \u0219i mai am. <\/p>\n\n\n\n<p>Pe de alt\u0103 parte e educativ. Nu, nu cum crede\u021bi voi , altfel. <\/p>\n\n\n\n<p>Se vede clar c\u0103 po\u021bi s\u0103 \u00ee\u021bi faci \u00een cas\u0103 open space, s\u0103 d\u0103r\u00e2mi to\u021bi pere\u021bii de rezisten\u021b\u0103, c\u0103 nu pic\u0103 blocul. M\u0103 rog, nu imediat, oricum. A\u0219a c\u0103 s\u0103 vezi acuma openspace-uri de c\u00e2te 2 apartamente.<br \/><br \/>Ar trebui s\u0103 fim indigna\u021bi c\u0103 au trecut nici nu \u0219tiu c\u00e2\u021bi ani de la Colectiv \u0219i s-au schimbat vag partidele \u0219i politrucii, doar vag. C\u0103 \u00een rest tot Arafat str\u00e2nge mor\u021bii \u0219i r\u0103ni\u021bii \u0219i are sfaturi de dat, r\u0103ni\u021bii tot \u00een str\u0103in\u0103tate sunt transferat, m\u0103car acuma nu mai e B\u0103nicioiu s\u0103 zic\u0103 c\u0103 \u201davem de toate\u201d, tot n-avem de niciunele. Lux \u0219i elegan\u021b\u0103. <\/p>\n\n\n\n<p>Sunt curios \u00een c\u00e2te zile se mut\u0103 locatarii \u00eenapoi \u00een bucata de bloc r\u0103mas\u0103.<\/p>\n\n\n\n<p>Da, am v\u0103zut declara\u021biile locatarilor, pe ale Distrigajilor, pe ale lui Arahat, pute a pro\u0219ti peste tot, to\u021bi se jur\u0103 pe m\u0103-sa c\u0103 ei au \u00eenchis gazul, poate da, poate nu, e posibil s\u0103 descopere c\u0103 au avut o scurgere pe undeva \u00eenainte de robinetul \u0103la, prin p\u0103m\u00e2nt \u0219i s-a dus pe l\u00e2ng\u0103 \u021beav\u0103 in subsolul blocului \u0219i apoi \u00een bloc. <\/p>\n\n\n\n<p>Sau e posibil c\u0103 mint ca ni\u0219te gazete.&nbsp; Oricum, e tot aia &#8211; ghinion.<\/p>\n\n\n\n<p><\/p>\n","protected":false},"excerpt":{"rendered":"<p>Uite de asta nu mi-a pl\u0103cut niciodat\u0103 la bloc \u0219i de asta am fobie de gaz, iar \u00een Rom\u00e2nia nu am nici m\u0103car butelie (&hellip;<\/p>\n","protected":false},"author":2,"featured_media":33846,"comment_status":"open","ping_status":"open","sticky":false,"template":"","format":"standard","meta":{"jetpack_post_was_ever_published":false,"_jetpack_newsletter_access":"","_jetpack_dont_email_post_to_subs":false,"_jetpack_newsletter_tier_id":0,"_jetpack_memberships_contains_paywalled_content":false,"_jetpack_memberships_contains_paid_content":false,"footnotes":"","jetpack_publicize_message":"","jetpack_publicize_feature_enabled":true,"jetpack_social_post_already_shared":true,"jetpack_social_options":{"image_generator_settings":{"template":"highway","default_image_id":0,"font":"","enabled":false},"version":2}},"categories":[1244,136],"tags":[6866,787,6865],"class_list":["post-33845","post","type-post","status-publish","format-standard","has-post-thumbnail","hentry","category-bucuresti","category-civilisation","tag-bloc-distrus","tag-bucuresti","tag-explozie-gaz"],"views":571,"jetpack_publicize_connections":[],"jetpack_featured_media_url":"https:\/\/catalinx.ro\/wordpress\/wp-content\/uploads\/2025\/10\/whatsapp-image-2025-10-17-at-09-51-58_e825da35-1-e1760685421492-1024x684-1.webp","jetpack_sharing_enabled":true,"jetpack_shortlink":"https:\/\/wp.me\/p4Eq23-8NT","jetpack-related-posts":[],"_links":{"self":[{"href":"https:\/\/catalinx.ro\/wordpress\/index.php?rest_route=\/wp\/v2\/posts\/33845","targetHints":{"allow":["GET"]}}],"collection":[{"href":"https:\/\/catalinx.ro\/wordpress\/index.php?rest_route=\/wp\/v2\/posts"}],"about":[{"href":"https:\/\/catalinx.ro\/wordpress\/index.php?rest_route=\/wp\/v2\/types\/post"}],"author":[{"embeddable":true,"href":"https:\/\/catalinx.ro\/wordpress\/index.php?rest_route=\/wp\/v2\/users\/2"}],"replies":[{"embeddable":true,"href":"https:\/\/catalinx.ro\/wordpress\/index.php?rest_route=%2Fwp%2Fv2%2Fcomments&post=33845"}],"version-history":[{"count":5,"href":"https:\/\/catalinx.ro\/wordpress\/index.php?rest_route=\/wp\/v2\/posts\/33845\/revisions"}],"predecessor-version":[{"id":33862,"href":"https:\/\/catalinx.ro\/wordpress\/index.php?rest_route=\/wp\/v2\/posts\/33845\/revisions\/33862"}],"wp:featuredmedia":[{"embeddable":true,"href":"https:\/\/catalinx.ro\/wordpress\/index.php?rest_route=\/wp\/v2\/media\/33846"}],"wp:attachment":[{"href":"https:\/\/catalinx.ro\/wordpress\/index.php?rest_route=%2Fwp%2Fv2%2Fmedia&parent=33845"}],"wp:term":[{"taxonomy":"category","embeddable":true,"href":"https:\/\/catalinx.ro\/wordpress\/index.php?rest_route=%2Fwp%2Fv2%2Fcategories&post=33845"},{"taxonomy":"post_tag","embeddable":true,"href":"https:\/\/catalinx.ro\/wordpress\/index.php?rest_route=%2Fwp%2Fv2%2Ftags&post=33845"}],"curies":[{"name":"wp","href":"https:\/\/api.w.org\/{rel}","templated":true}]}}