

{"id":33908,"date":"2025-10-24T14:58:39","date_gmt":"2025-10-24T13:58:39","guid":{"rendered":"https:\/\/catalinx.ro\/wordpress\/?p=33908"},"modified":"2025-10-24T15:45:35","modified_gmt":"2025-10-24T14:45:35","slug":"muie-psd-editia-cu-judecatorii","status":"publish","type":"post","link":"https:\/\/catalinx.ro\/wordpress\/?p=33908","title":{"rendered":"Muie PSD &#8211; edi\u021bia cu judec\u0103torii"},"content":{"rendered":"<div id=\"fb-root\"><\/div>\n\n<p>\u0218i \u00een special alunecosul \u0103la c\u0103ruia i-ar sta bine cu un c\u00e2rlig \u00een buz\u0103. <\/p>\n\n\n\n<p>Au propus ei <a href=\"https:\/\/hotnews.ro\/ce-modificari-propune-psd-la-legea-lui-bolojan-privind-pensiile-magistratilor-2094049\">amendamente <\/a>repede, adic\u0103 75% \u00een loc de 70 de la ultimul salariu &#8211; asta e de imagine, s\u0103 vad\u0103 judec\u0103torii c\u0103 muiePSD lucreaz\u0103 pentru ei.  Dar 65% ce are, c\u0103 am ar\u0103tat c\u0103 un cet\u0103\u021bean obi\u0219nuit, pe contributivitate c\u00e2\u0219tig\u0103 vreo<a href=\"https:\/\/catalinx.ro\/wordpress\/wp-content\/uploads\/2025\/08\/Screenshot_20250802-114316357.jpg\"> 55% din  salariul lui normat la salariul mediu<\/a> &#8211; adic\u0103 <strong>dac\u0103 respec\u021bi propri\u021bia de indexare<\/strong>, ajungi la 55% din ultimul salariu. \u0102\u0219tia DE CE s\u0103 ia mai mult? Muie. <br \/><\/p>\n\n\n\n<p>Dar \u0219mecheria e la perioada de tranzi\u021bie de 15 ani p\u00e2n\u0103 \u00eei aduc la v\u00e2rsta de pensionare de 65 de ani. Dar de ce pula mea 15 \u0219i nu o sut\u0103, c\u0103 \u00een 15 ani mai modific\u0103 c\u0103catul \u0103sta de 100 de ori. <br \/><\/p>\n\n\n\n<figure class=\"wp-block-image size-full\"><img loading=\"lazy\" decoding=\"async\" width=\"1147\" height=\"392\" data-attachment-id=\"33909\" data-permalink=\"https:\/\/catalinx.ro\/wordpress\/?attachment_id=33909#main\" data-orig-file=\"https:\/\/catalinx.ro\/wordpress\/wp-content\/uploads\/2025\/10\/image-37.png\" data-orig-size=\"1147,392\" data-comments-opened=\"1\" data-image-meta=\"{&quot;aperture&quot;:&quot;0&quot;,&quot;credit&quot;:&quot;&quot;,&quot;camera&quot;:&quot;&quot;,&quot;caption&quot;:&quot;&quot;,&quot;created_timestamp&quot;:&quot;0&quot;,&quot;copyright&quot;:&quot;&quot;,&quot;focal_length&quot;:&quot;0&quot;,&quot;iso&quot;:&quot;0&quot;,&quot;shutter_speed&quot;:&quot;0&quot;,&quot;title&quot;:&quot;&quot;,&quot;orientation&quot;:&quot;0&quot;}\" data-image-title=\"image\" data-image-description=\"\" data-image-caption=\"\" data-large-file=\"https:\/\/catalinx.ro\/wordpress\/wp-content\/uploads\/2025\/10\/image-37.png\" src=\"https:\/\/catalinx.ro\/wordpress\/wp-content\/uploads\/2025\/10\/image-37.png\" alt=\"\" class=\"wp-image-33909\" srcset=\"https:\/\/catalinx.ro\/wordpress\/wp-content\/uploads\/2025\/10\/image-37.png 1147w, https:\/\/catalinx.ro\/wordpress\/wp-content\/uploads\/2025\/10\/image-37-480x164.png 480w, https:\/\/catalinx.ro\/wordpress\/wp-content\/uploads\/2025\/10\/image-37-200x68.png 200w, https:\/\/catalinx.ro\/wordpress\/wp-content\/uploads\/2025\/10\/image-37-768x262.png 768w\" sizes=\"auto, (max-width: 1147px) 100vw, 1147px\" \/><\/figure>\n\n\n\n<p>Deja judec\u0103torii se preg\u0103tesc s\u0103 se apere de varianta cu modificarea constitu\u021biei ca s\u0103 fac\u0103 reducerea privilegiilor constitu\u021bional\u0103, cu  Art 152 din constitu\u021bie, care vizeaz\u0103 limitele revizuirii Constitu\u021biei, un articol bineinten\u021bionat \u0219i care are la aliniatul (1) o prevedere care interzice revizuirea constitu\u021biei dac\u0103 afecteaz\u0103 independen\u021ba justi\u021biei. <\/p>\n\n\n\n<p>\u00cen principiu, eliminarea privilegiilor materiale nu afecteaz\u0103 direct independen\u021ba justi\u021biei, dar ghici ce, cecereii sunt \u0103ia abilita\u021bi s\u0103 judece \u00een privin\u021ba asta \u0219i pot invalida referendumul. <br \/>Caz \u00een care referendumul ar trebui s\u0103 se concentreze pe smulgerea din m\u00e2inile justi\u021biei a capacit\u0103\u021bii s\u0103-\u0219i acorde singur\u0103, sau s\u0103 judece singur\u0103 privilegii \u0219i reformarea atribu\u021biilor CCR. <br \/>Dar nu, c\u0103 PSD au ei o schem\u0103 \u0219i g\u0103sesc c-a\u0219a o dau la pace, am\u00e2n\u00e2nd reforma p\u00e2n\u0103 la pulivar\u0103.<br \/>Gen: <\/p>\n\n\n\n<figure class=\"wp-block-image size-full\"><img loading=\"lazy\" decoding=\"async\" width=\"1033\" height=\"908\" data-attachment-id=\"33911\" data-permalink=\"https:\/\/catalinx.ro\/wordpress\/?attachment_id=33911#main\" data-orig-file=\"https:\/\/catalinx.ro\/wordpress\/wp-content\/uploads\/2025\/10\/image-38.png\" data-orig-size=\"1033,908\" data-comments-opened=\"1\" data-image-meta=\"{&quot;aperture&quot;:&quot;0&quot;,&quot;credit&quot;:&quot;&quot;,&quot;camera&quot;:&quot;&quot;,&quot;caption&quot;:&quot;&quot;,&quot;created_timestamp&quot;:&quot;0&quot;,&quot;copyright&quot;:&quot;&quot;,&quot;focal_length&quot;:&quot;0&quot;,&quot;iso&quot;:&quot;0&quot;,&quot;shutter_speed&quot;:&quot;0&quot;,&quot;title&quot;:&quot;&quot;,&quot;orientation&quot;:&quot;0&quot;}\" data-image-title=\"image\" data-image-description=\"\" data-image-caption=\"\" data-large-file=\"https:\/\/catalinx.ro\/wordpress\/wp-content\/uploads\/2025\/10\/image-38.png\" src=\"https:\/\/catalinx.ro\/wordpress\/wp-content\/uploads\/2025\/10\/image-38.png\" alt=\"\" class=\"wp-image-33911\" srcset=\"https:\/\/catalinx.ro\/wordpress\/wp-content\/uploads\/2025\/10\/image-38.png 1033w, https:\/\/catalinx.ro\/wordpress\/wp-content\/uploads\/2025\/10\/image-38-480x422.png 480w, https:\/\/catalinx.ro\/wordpress\/wp-content\/uploads\/2025\/10\/image-38-200x176.png 200w, https:\/\/catalinx.ro\/wordpress\/wp-content\/uploads\/2025\/10\/image-38-768x675.png 768w\" sizes=\"auto, (max-width: 1033px) 100vw, 1033px\" \/><\/figure>\n\n\n\n<p><br \/>Da, doar c\u0103 nu. Dac\u0103 o schimbi de nu mai arat\u0103 a reform\u0103 e clar c\u0103 nu-\u021bi dore\u0219ti s\u0103 treac\u0103. Dac\u0103 cu judec\u0103tori \u00een CCR judec\u0103tori care au  fost numi\u021bi de partidul  t\u0103u \u0219i au votat \u00eempotriv\u0103 ( adic\u0103 \u201dpentru\u201d la contesta\u021bie)  o bagi pe asta e clar ce vrei. <br \/><br \/>Cecereii care au votat pentru admiterea contesta\u021biei au fost <a href=\"https:\/\/romania.europalibera.org\/a\/ccr-decizie-pensii-magistrati\/33564967.html\">a\u0219a<\/a>: <br \/><br \/><br \/><a href=\"https:\/\/www.digi24.ro\/stiri\/actualitate\/justitie\/gheorghe-stan-propus-de-psd-pentru-functia-de-judecator-la-ccr-tot-ce-emite-mcv-si-comisia-de-la-venetia-sunt-recomandari-1126653\">Cristian Deliorga, propus de PSD. <\/a><\/p>\n\n\n\n<p><a href=\"https:\/\/www.digi24.ro\/stiri\/actualitate\/justitie\/gheorghe-stan-propus-de-psd-pentru-functia-de-judecator-la-ccr-tot-ce-emite-mcv-si-comisia-de-la-venetia-sunt-recomandari-1126653\">Gheorghe Stan, propus de PSD.<\/a><\/p>\n\n\n\n<figure class=\"wp-block-image size-full\"><img loading=\"lazy\" decoding=\"async\" width=\"1081\" height=\"257\" data-attachment-id=\"33913\" data-permalink=\"https:\/\/catalinx.ro\/wordpress\/?attachment_id=33913#main\" data-orig-file=\"https:\/\/catalinx.ro\/wordpress\/wp-content\/uploads\/2025\/10\/image-39.png\" data-orig-size=\"1081,257\" data-comments-opened=\"1\" data-image-meta=\"{&quot;aperture&quot;:&quot;0&quot;,&quot;credit&quot;:&quot;&quot;,&quot;camera&quot;:&quot;&quot;,&quot;caption&quot;:&quot;&quot;,&quot;created_timestamp&quot;:&quot;0&quot;,&quot;copyright&quot;:&quot;&quot;,&quot;focal_length&quot;:&quot;0&quot;,&quot;iso&quot;:&quot;0&quot;,&quot;shutter_speed&quot;:&quot;0&quot;,&quot;title&quot;:&quot;&quot;,&quot;orientation&quot;:&quot;0&quot;}\" data-image-title=\"image\" data-image-description=\"\" data-image-caption=\"\" data-large-file=\"https:\/\/catalinx.ro\/wordpress\/wp-content\/uploads\/2025\/10\/image-39.png\" src=\"https:\/\/catalinx.ro\/wordpress\/wp-content\/uploads\/2025\/10\/image-39.png\" alt=\"\" class=\"wp-image-33913\" srcset=\"https:\/\/catalinx.ro\/wordpress\/wp-content\/uploads\/2025\/10\/image-39.png 1081w, https:\/\/catalinx.ro\/wordpress\/wp-content\/uploads\/2025\/10\/image-39-480x114.png 480w, https:\/\/catalinx.ro\/wordpress\/wp-content\/uploads\/2025\/10\/image-39-200x48.png 200w, https:\/\/catalinx.ro\/wordpress\/wp-content\/uploads\/2025\/10\/image-39-768x183.png 768w\" sizes=\"auto, (max-width: 1081px) 100vw, 1081px\" \/><\/figure>\n\n\n\n<p><br \/><a href=\"https:\/\/romania.europalibera.org\/a\/31823610.html\">Bogdan Licu, <\/a>propus de PSD. <\/p>\n\n\n\n<figure class=\"wp-block-image size-full\"><img loading=\"lazy\" decoding=\"async\" width=\"1387\" height=\"302\" data-attachment-id=\"33914\" data-permalink=\"https:\/\/catalinx.ro\/wordpress\/?attachment_id=33914#main\" data-orig-file=\"https:\/\/catalinx.ro\/wordpress\/wp-content\/uploads\/2025\/10\/image-40.png\" data-orig-size=\"1387,302\" data-comments-opened=\"1\" data-image-meta=\"{&quot;aperture&quot;:&quot;0&quot;,&quot;credit&quot;:&quot;&quot;,&quot;camera&quot;:&quot;&quot;,&quot;caption&quot;:&quot;&quot;,&quot;created_timestamp&quot;:&quot;0&quot;,&quot;copyright&quot;:&quot;&quot;,&quot;focal_length&quot;:&quot;0&quot;,&quot;iso&quot;:&quot;0&quot;,&quot;shutter_speed&quot;:&quot;0&quot;,&quot;title&quot;:&quot;&quot;,&quot;orientation&quot;:&quot;0&quot;}\" data-image-title=\"image\" data-image-description=\"\" data-image-caption=\"\" data-large-file=\"https:\/\/catalinx.ro\/wordpress\/wp-content\/uploads\/2025\/10\/image-40.png\" src=\"https:\/\/catalinx.ro\/wordpress\/wp-content\/uploads\/2025\/10\/image-40.png\" alt=\"\" class=\"wp-image-33914\" srcset=\"https:\/\/catalinx.ro\/wordpress\/wp-content\/uploads\/2025\/10\/image-40.png 1387w, https:\/\/catalinx.ro\/wordpress\/wp-content\/uploads\/2025\/10\/image-40-480x105.png 480w, https:\/\/catalinx.ro\/wordpress\/wp-content\/uploads\/2025\/10\/image-40-200x44.png 200w, https:\/\/catalinx.ro\/wordpress\/wp-content\/uploads\/2025\/10\/image-40-768x167.png 768w\" sizes=\"auto, (max-width: 1387px) 100vw, 1387px\" \/><\/figure>\n\n\n\n<p><a href=\"https:\/\/www.libertatea.ro\/stiri\/cine-este-mihaela-ciochina-presedinte-ccr-numita-klaus-iohannis-judecator-curtea-constitutionala-5377652\">Mihaela Ciochin\u0103 , a fost propus\u0103 de Joianis. <\/a><\/p>\n\n\n\n<p><a href=\"https:\/\/www.digi24.ro\/stiri\/actualitate\/politica\/camera-deputatilor-si-senatul-aleg-azi-doi-judecatori-ai-curtii-constitutionale-care-sunt-propunerile-psd-si-udmr-3297303\">Mihai Busuioc, propus de PSD . <\/a><br \/><\/p>\n\n\n\n<figure class=\"wp-block-image size-full\"><img loading=\"lazy\" decoding=\"async\" width=\"1043\" height=\"782\" data-attachment-id=\"33915\" data-permalink=\"https:\/\/catalinx.ro\/wordpress\/?attachment_id=33915#main\" data-orig-file=\"https:\/\/catalinx.ro\/wordpress\/wp-content\/uploads\/2025\/10\/image-41.png\" data-orig-size=\"1043,782\" data-comments-opened=\"1\" data-image-meta=\"{&quot;aperture&quot;:&quot;0&quot;,&quot;credit&quot;:&quot;&quot;,&quot;camera&quot;:&quot;&quot;,&quot;caption&quot;:&quot;&quot;,&quot;created_timestamp&quot;:&quot;0&quot;,&quot;copyright&quot;:&quot;&quot;,&quot;focal_length&quot;:&quot;0&quot;,&quot;iso&quot;:&quot;0&quot;,&quot;shutter_speed&quot;:&quot;0&quot;,&quot;title&quot;:&quot;&quot;,&quot;orientation&quot;:&quot;0&quot;}\" data-image-title=\"image\" data-image-description=\"\" data-image-caption=\"\" data-large-file=\"https:\/\/catalinx.ro\/wordpress\/wp-content\/uploads\/2025\/10\/image-41.png\" src=\"https:\/\/catalinx.ro\/wordpress\/wp-content\/uploads\/2025\/10\/image-41.png\" alt=\"\" class=\"wp-image-33915\" srcset=\"https:\/\/catalinx.ro\/wordpress\/wp-content\/uploads\/2025\/10\/image-41.png 1043w, https:\/\/catalinx.ro\/wordpress\/wp-content\/uploads\/2025\/10\/image-41-480x360.png 480w, https:\/\/catalinx.ro\/wordpress\/wp-content\/uploads\/2025\/10\/image-41-200x150.png 200w, https:\/\/catalinx.ro\/wordpress\/wp-content\/uploads\/2025\/10\/image-41-768x576.png 768w\" sizes=\"auto, (max-width: 1043px) 100vw, 1043px\" \/><\/figure>\n\n\n\n<p>Adic\u0103 4 din \u0103ia 5 care au admis contesta\u021bia sunt propu\u0219i de PSD , iar ceilal\u021bi 4 nu au admis contesta\u021bia. <br \/><br \/>Drept care &#8211; muie PSD cu toate \u0219tiucile lor, c\u0103 ei au ( to\u021bi) pionii otr\u0103vi\u021bi din schema aia. <br \/><\/p>\n","protected":false},"excerpt":{"rendered":"<p>\u0218i \u00een special alunecosul \u0103la c\u0103ruia i-ar sta bine cu un c\u00e2rlig \u00een buz\u0103. Au propus ei amendamente repede, adic\u0103 75% \u00een loc de 70&hellip;<\/p>\n","protected":false},"author":2,"featured_media":7695,"comment_status":"open","ping_status":"open","sticky":false,"template":"","format":"standard","meta":{"jetpack_post_was_ever_published":false,"_jetpack_newsletter_access":"","_jetpack_dont_email_post_to_subs":false,"_jetpack_newsletter_tier_id":0,"_jetpack_memberships_contains_paywalled_content":false,"_jetpack_memberships_contains_paid_content":false,"footnotes":"","jetpack_publicize_message":"","jetpack_publicize_feature_enabled":true,"jetpack_social_post_already_shared":true,"jetpack_social_options":{"image_generator_settings":{"template":"highway","default_image_id":0,"font":"","enabled":false},"version":2}},"categories":[170],"tags":[6873,6872],"class_list":["post-33908","post","type-post","status-publish","format-standard","has-post-thumbnail","hentry","category-politice","tag-pensiile-judecatorilor-2","tag-pensiile-speciale"],"views":362,"jetpack_publicize_connections":[],"jetpack_featured_media_url":"https:\/\/catalinx.ro\/wordpress\/wp-content\/uploads\/2017\/02\/muiepsd.jpg","jetpack_sharing_enabled":true,"jetpack_shortlink":"https:\/\/wp.me\/p4Eq23-8OU","jetpack-related-posts":[],"_links":{"self":[{"href":"https:\/\/catalinx.ro\/wordpress\/index.php?rest_route=\/wp\/v2\/posts\/33908","targetHints":{"allow":["GET"]}}],"collection":[{"href":"https:\/\/catalinx.ro\/wordpress\/index.php?rest_route=\/wp\/v2\/posts"}],"about":[{"href":"https:\/\/catalinx.ro\/wordpress\/index.php?rest_route=\/wp\/v2\/types\/post"}],"author":[{"embeddable":true,"href":"https:\/\/catalinx.ro\/wordpress\/index.php?rest_route=\/wp\/v2\/users\/2"}],"replies":[{"embeddable":true,"href":"https:\/\/catalinx.ro\/wordpress\/index.php?rest_route=%2Fwp%2Fv2%2Fcomments&post=33908"}],"version-history":[{"count":2,"href":"https:\/\/catalinx.ro\/wordpress\/index.php?rest_route=\/wp\/v2\/posts\/33908\/revisions"}],"predecessor-version":[{"id":33916,"href":"https:\/\/catalinx.ro\/wordpress\/index.php?rest_route=\/wp\/v2\/posts\/33908\/revisions\/33916"}],"wp:featuredmedia":[{"embeddable":true,"href":"https:\/\/catalinx.ro\/wordpress\/index.php?rest_route=\/wp\/v2\/media\/7695"}],"wp:attachment":[{"href":"https:\/\/catalinx.ro\/wordpress\/index.php?rest_route=%2Fwp%2Fv2%2Fmedia&parent=33908"}],"wp:term":[{"taxonomy":"category","embeddable":true,"href":"https:\/\/catalinx.ro\/wordpress\/index.php?rest_route=%2Fwp%2Fv2%2Fcategories&post=33908"},{"taxonomy":"post_tag","embeddable":true,"href":"https:\/\/catalinx.ro\/wordpress\/index.php?rest_route=%2Fwp%2Fv2%2Ftags&post=33908"}],"curies":[{"name":"wp","href":"https:\/\/api.w.org\/{rel}","templated":true}]}}