

{"id":33948,"date":"2025-10-27T05:33:16","date_gmt":"2025-10-27T05:33:16","guid":{"rendered":"https:\/\/catalinx.ro\/wordpress\/?p=33948"},"modified":"2025-10-26T23:22:08","modified_gmt":"2025-10-26T23:22:08","slug":"mantuirea-neamului-1","status":"publish","type":"post","link":"https:\/\/catalinx.ro\/wordpress\/?p=33948","title":{"rendered":"M\u00e2ntuirea neamului +1."},"content":{"rendered":"<div id=\"fb-root\"><\/div>\n\n<p>La spell points. <\/p>\n\n\n\n<p>Trebuia s\u0103 m\u0103 \u00eentorc \u00een UK , c\u0103 m\u0103 trage via\u021ba a\u0219a, dar \u00eemi trecuse prin cap s\u0103 r\u0103m\u00e2n \u0219i s\u0103 merg la inaugurarea catedralei ( sfin\u021bire, dac\u0103 v\u0103 place a\u0219a ) .<\/p>\n\n\n\n<p>Am urm\u0103rit un pic in reluare o \u00eenregistrare de pe Trinitas TV tras\u0103 \u00een <a href=\"https:\/\/hotnews.ro\/catedrala-neamului-sfintita-catedrala-nationala-inaugurare-2094144\" target=\"_blank\" rel=\"noreferrer noopener\">HotNews<\/a>. <\/p>\n\n\n\n<p>Nu pentru apropierea de Dumnezeu, sau de popi m\u0103 interesa &#8211; asta m\u0103 dezgust\u0103, ci pentru c\u0103 BOR la astea e un monument de organizare.<\/p>\n\n\n\n<p>Este primul eveniment cu adev\u0103rat grandios organizat de statul rom\u00e2n pe care \u00eel v\u0103d. \u0218i m\u0103 rog, nu chiar statul rom\u00e2n, dec\u00e2t \u00een m\u0103sura \u00een care biserica e statul. <\/p>\n\n\n\n<p>Armata rom\u00e2n\u0103 e pantaloni scur\u021bi.\u00a0 L-am v\u0103zut pe Nicu\u0219or Dan in audien\u021b\u0103, sp\u0103\u0219it cu capul plecat, ca to\u021bi care sunt \u0219i au fost cel mai sus dintre civili.\u00a0 Sper c\u0103 a luat aminte despre cum se execut\u0103 protocoalele \u0219i imaginea \u0219i nu se mai \u00eencurc\u0103, preferabil, de 1 Decembrie .<\/p>\n\n\n\n<p>Sosirea lui Daniel e exemplu. A\u0219a b\u0103tr\u00e2n cum e , e cel mai mare mafiot, iar evenimentul a ilustrat asta.<\/p>\n\n\n\n<p>A cobor\u00e2t ca un boss din Mercedes V-Klasse din \u0103la de barosani, nu de muncitori, cu Bartolomeu de m\u00e2n\u0103, \u0103la e \u0219efu&#8217; <em>d\u0103p\u0103<\/em> Constantinopol &#8211; nenea \u0103la chiar e ce trebuie s\u0103 fie, \u0219efu&#8217; la cultur\u0103 , vorbe\u0219te mai multe limbi \u0219i are mai multe doctorate dec\u00e2t ar putea Ponta s\u0103 copieze vreodat\u0103.<\/p>\n\n\n\n<p>Sosirea lor unul \u00een alb ( Daniel ) cel\u0103lalt \u00een negru, cu bastoane negre cu cap argintat \u0219i fiecare cu blingul pe piept. <\/p>\n\n\n\n<figure class=\"wp-block-image size-large\"><img loading=\"lazy\" decoding=\"async\" width=\"1920\" height=\"1440\" data-attachment-id=\"33951\" data-permalink=\"https:\/\/catalinx.ro\/wordpress\/?attachment_id=33951#main\" data-orig-file=\"https:\/\/catalinx.ro\/wordpress\/wp-content\/uploads\/2025\/10\/P_20251026_173030-scaled.jpg\" data-orig-size=\"2560,1920\" data-comments-opened=\"1\" data-image-meta=\"{&quot;aperture&quot;:&quot;1.8&quot;,&quot;credit&quot;:&quot;&quot;,&quot;camera&quot;:&quot;ASUS_I002D&quot;,&quot;caption&quot;:&quot;&quot;,&quot;created_timestamp&quot;:&quot;1761499830&quot;,&quot;copyright&quot;:&quot;&quot;,&quot;focal_length&quot;:&quot;5.58&quot;,&quot;iso&quot;:&quot;88&quot;,&quot;shutter_speed&quot;:&quot;0.02&quot;,&quot;title&quot;:&quot;&quot;,&quot;orientation&quot;:&quot;1&quot;}\" data-image-title=\"P_20251026_173030\" data-image-description=\"\" data-image-caption=\"\" data-large-file=\"https:\/\/catalinx.ro\/wordpress\/wp-content\/uploads\/2025\/10\/P_20251026_173030-1920x1440.jpg\" src=\"https:\/\/catalinx.ro\/wordpress\/wp-content\/uploads\/2025\/10\/P_20251026_173030-1920x1440.jpg\" alt=\"\" class=\"wp-image-33951\" srcset=\"https:\/\/catalinx.ro\/wordpress\/wp-content\/uploads\/2025\/10\/P_20251026_173030-1920x1440.jpg 1920w, https:\/\/catalinx.ro\/wordpress\/wp-content\/uploads\/2025\/10\/P_20251026_173030-480x360.jpg 480w, https:\/\/catalinx.ro\/wordpress\/wp-content\/uploads\/2025\/10\/P_20251026_173030-200x150.jpg 200w, https:\/\/catalinx.ro\/wordpress\/wp-content\/uploads\/2025\/10\/P_20251026_173030-768x576.jpg 768w, https:\/\/catalinx.ro\/wordpress\/wp-content\/uploads\/2025\/10\/P_20251026_173030-1536x1152.jpg 1536w, https:\/\/catalinx.ro\/wordpress\/wp-content\/uploads\/2025\/10\/P_20251026_173030-2048x1536.jpg 2048w\" sizes=\"auto, (max-width: 1920px) 100vw, 1920px\" \/><\/figure>\n\n\n\n<p><br \/>1)Vezi c\u00e2\u021bi popi alinia\u021bi \u00eei a\u0219teapt\u0103 la u\u0219a bisericii, cum le schimb\u0103 pe loc hainele \u201dsimple\u201d cu \u0103lea de ceremonie, aurite &#8211; 2:40:50<br \/>Sunt mai organiza\u021bi dec\u00e2t Armata Rom\u00e2n\u0103. Le iau bastoanele negre \u0219i le dau unele upgradate aurite + cruce aurit\u0103 fiecare. <\/p>\n\n\n\n<figure class=\"wp-block-image size-large\"><img loading=\"lazy\" decoding=\"async\" width=\"1920\" height=\"1440\" data-attachment-id=\"33949\" data-permalink=\"https:\/\/catalinx.ro\/wordpress\/?attachment_id=33949#main\" data-orig-file=\"https:\/\/catalinx.ro\/wordpress\/wp-content\/uploads\/2025\/10\/P_20251026_170429-scaled.jpg\" data-orig-size=\"2560,1920\" data-comments-opened=\"1\" data-image-meta=\"{&quot;aperture&quot;:&quot;1.8&quot;,&quot;credit&quot;:&quot;&quot;,&quot;camera&quot;:&quot;ASUS_I002D&quot;,&quot;caption&quot;:&quot;&quot;,&quot;created_timestamp&quot;:&quot;1761498269&quot;,&quot;copyright&quot;:&quot;&quot;,&quot;focal_length&quot;:&quot;5.58&quot;,&quot;iso&quot;:&quot;89&quot;,&quot;shutter_speed&quot;:&quot;0.01&quot;,&quot;title&quot;:&quot;&quot;,&quot;orientation&quot;:&quot;1&quot;}\" data-image-title=\"P_20251026_170429\" data-image-description=\"\" data-image-caption=\"\" data-large-file=\"https:\/\/catalinx.ro\/wordpress\/wp-content\/uploads\/2025\/10\/P_20251026_170429-1920x1440.jpg\" src=\"https:\/\/catalinx.ro\/wordpress\/wp-content\/uploads\/2025\/10\/P_20251026_170429-1920x1440.jpg\" alt=\"\" class=\"wp-image-33949\" srcset=\"https:\/\/catalinx.ro\/wordpress\/wp-content\/uploads\/2025\/10\/P_20251026_170429-1920x1440.jpg 1920w, https:\/\/catalinx.ro\/wordpress\/wp-content\/uploads\/2025\/10\/P_20251026_170429-480x360.jpg 480w, https:\/\/catalinx.ro\/wordpress\/wp-content\/uploads\/2025\/10\/P_20251026_170429-200x150.jpg 200w, https:\/\/catalinx.ro\/wordpress\/wp-content\/uploads\/2025\/10\/P_20251026_170429-768x576.jpg 768w, https:\/\/catalinx.ro\/wordpress\/wp-content\/uploads\/2025\/10\/P_20251026_170429-1536x1152.jpg 1536w, https:\/\/catalinx.ro\/wordpress\/wp-content\/uploads\/2025\/10\/P_20251026_170429-2048x1536.jpg 2048w\" sizes=\"auto, (max-width: 1920px) 100vw, 1920px\" \/><\/figure>\n\n\n\n<figure class=\"wp-block-image\"><img loading=\"lazy\" decoding=\"async\" width=\"1920\" height=\"1440\" data-attachment-id=\"33950\" data-permalink=\"https:\/\/catalinx.ro\/wordpress\/?attachment_id=33950#main\" data-orig-file=\"https:\/\/catalinx.ro\/wordpress\/wp-content\/uploads\/2025\/10\/P_20251026_170428-scaled.jpg\" data-orig-size=\"2560,1920\" data-comments-opened=\"1\" data-image-meta=\"{&quot;aperture&quot;:&quot;1.8&quot;,&quot;credit&quot;:&quot;&quot;,&quot;camera&quot;:&quot;ASUS_I002D&quot;,&quot;caption&quot;:&quot;&quot;,&quot;created_timestamp&quot;:&quot;1761498268&quot;,&quot;copyright&quot;:&quot;&quot;,&quot;focal_length&quot;:&quot;5.58&quot;,&quot;iso&quot;:&quot;55&quot;,&quot;shutter_speed&quot;:&quot;0.02&quot;,&quot;title&quot;:&quot;&quot;,&quot;orientation&quot;:&quot;1&quot;}\" data-image-title=\"P_20251026_170428\" data-image-description=\"\" data-image-caption=\"\" data-large-file=\"https:\/\/catalinx.ro\/wordpress\/wp-content\/uploads\/2025\/10\/P_20251026_170428-1920x1440.jpg\" src=\"https:\/\/catalinx.ro\/wordpress\/wp-content\/uploads\/2025\/10\/P_20251026_170428-1920x1440.jpg\" alt=\"\" class=\"wp-image-33950\" srcset=\"https:\/\/catalinx.ro\/wordpress\/wp-content\/uploads\/2025\/10\/P_20251026_170428-1920x1440.jpg 1920w, https:\/\/catalinx.ro\/wordpress\/wp-content\/uploads\/2025\/10\/P_20251026_170428-480x360.jpg 480w, https:\/\/catalinx.ro\/wordpress\/wp-content\/uploads\/2025\/10\/P_20251026_170428-200x150.jpg 200w, https:\/\/catalinx.ro\/wordpress\/wp-content\/uploads\/2025\/10\/P_20251026_170428-768x576.jpg 768w, https:\/\/catalinx.ro\/wordpress\/wp-content\/uploads\/2025\/10\/P_20251026_170428-1536x1152.jpg 1536w, https:\/\/catalinx.ro\/wordpress\/wp-content\/uploads\/2025\/10\/P_20251026_170428-2048x1536.jpg 2048w\" sizes=\"auto, (max-width: 1920px) 100vw, 1920px\" \/><\/figure>\n\n\n\n<p><br \/>2) Vezi cum intr\u0103 triumfant in biseric\u0103 zici c\u0103 se preg\u0103tesc de exorcizare, sau ceva b\u0103t\u0103lie epic\u0103. <\/p>\n\n\n\n<p><br \/>(2:43:00 ) Pe margine, \u00een\u0103untrul bisericii sunt, \u00een mare, doar politicieni de prima linie din Rom\u00e2nia. Vezi cum se \u00eenghesuie ca ultimii \u021b\u0103rani s\u0103 filmeze intrarea popilor cu telefoanele mobile &#8211; asta \u00een condi\u021biile \u00een care aveau filmare profesional\u0103 \u0219i puteau cere pe urm\u0103 imaginile. Unii dintre \u0103ia cu telefoanele sunt mini\u0219tri.<\/p>\n\n\n\n<figure class=\"wp-block-image size-large\"><img loading=\"lazy\" decoding=\"async\" width=\"1920\" height=\"1440\" data-attachment-id=\"33952\" data-permalink=\"https:\/\/catalinx.ro\/wordpress\/?attachment_id=33952#main\" data-orig-file=\"https:\/\/catalinx.ro\/wordpress\/wp-content\/uploads\/2025\/10\/P_20251026_232700-scaled.jpg\" data-orig-size=\"2560,1920\" data-comments-opened=\"1\" data-image-meta=\"{&quot;aperture&quot;:&quot;1.8&quot;,&quot;credit&quot;:&quot;&quot;,&quot;camera&quot;:&quot;ASUS_I002D&quot;,&quot;caption&quot;:&quot;&quot;,&quot;created_timestamp&quot;:&quot;1761521220&quot;,&quot;copyright&quot;:&quot;&quot;,&quot;focal_length&quot;:&quot;5.58&quot;,&quot;iso&quot;:&quot;62&quot;,&quot;shutter_speed&quot;:&quot;0.02&quot;,&quot;title&quot;:&quot;&quot;,&quot;orientation&quot;:&quot;1&quot;}\" data-image-title=\"P_20251026_232700\" data-image-description=\"\" data-image-caption=\"\" data-large-file=\"https:\/\/catalinx.ro\/wordpress\/wp-content\/uploads\/2025\/10\/P_20251026_232700-1920x1440.jpg\" src=\"https:\/\/catalinx.ro\/wordpress\/wp-content\/uploads\/2025\/10\/P_20251026_232700-1920x1440.jpg\" alt=\"\" class=\"wp-image-33952\" srcset=\"https:\/\/catalinx.ro\/wordpress\/wp-content\/uploads\/2025\/10\/P_20251026_232700-1920x1440.jpg 1920w, https:\/\/catalinx.ro\/wordpress\/wp-content\/uploads\/2025\/10\/P_20251026_232700-480x360.jpg 480w, https:\/\/catalinx.ro\/wordpress\/wp-content\/uploads\/2025\/10\/P_20251026_232700-200x150.jpg 200w, https:\/\/catalinx.ro\/wordpress\/wp-content\/uploads\/2025\/10\/P_20251026_232700-768x576.jpg 768w, https:\/\/catalinx.ro\/wordpress\/wp-content\/uploads\/2025\/10\/P_20251026_232700-1536x1152.jpg 1536w, https:\/\/catalinx.ro\/wordpress\/wp-content\/uploads\/2025\/10\/P_20251026_232700-2048x1536.jpg 2048w\" sizes=\"auto, (max-width: 1920px) 100vw, 1920px\" \/><\/figure>\n\n\n\n<p><br \/>3) La 2:44:15 fac plec\u0103ciune \u00een fa\u021ba lui Bartolomeu\u00a0 Pre\u0219edintele Rom\u00e2niei \u0219i, \u00een special,\u00a0 partenera\u00a0 lui \u0219i imediat pe urm\u0103 pre\u0219edinta R. Moldova. Doamna Sandu face o reveren\u021b\u0103 politicoas\u0103, dar domnul Dan &#8230;<\/p>\n\n\n\n<figure class=\"wp-block-image size-large\"><img loading=\"lazy\" decoding=\"async\" width=\"1920\" height=\"1440\" data-attachment-id=\"33953\" data-permalink=\"https:\/\/catalinx.ro\/wordpress\/?attachment_id=33953#main\" data-orig-file=\"https:\/\/catalinx.ro\/wordpress\/wp-content\/uploads\/2025\/10\/P_20251026_232745-scaled.jpg\" data-orig-size=\"2560,1920\" data-comments-opened=\"1\" data-image-meta=\"{&quot;aperture&quot;:&quot;1.8&quot;,&quot;credit&quot;:&quot;&quot;,&quot;camera&quot;:&quot;ASUS_I002D&quot;,&quot;caption&quot;:&quot;&quot;,&quot;created_timestamp&quot;:&quot;1761521265&quot;,&quot;copyright&quot;:&quot;&quot;,&quot;focal_length&quot;:&quot;5.58&quot;,&quot;iso&quot;:&quot;79&quot;,&quot;shutter_speed&quot;:&quot;0.02&quot;,&quot;title&quot;:&quot;&quot;,&quot;orientation&quot;:&quot;1&quot;}\" data-image-title=\"P_20251026_232745\" data-image-description=\"\" data-image-caption=\"\" data-large-file=\"https:\/\/catalinx.ro\/wordpress\/wp-content\/uploads\/2025\/10\/P_20251026_232745-1920x1440.jpg\" src=\"https:\/\/catalinx.ro\/wordpress\/wp-content\/uploads\/2025\/10\/P_20251026_232745-1920x1440.jpg\" alt=\"\" class=\"wp-image-33953\" srcset=\"https:\/\/catalinx.ro\/wordpress\/wp-content\/uploads\/2025\/10\/P_20251026_232745-1920x1440.jpg 1920w, https:\/\/catalinx.ro\/wordpress\/wp-content\/uploads\/2025\/10\/P_20251026_232745-480x360.jpg 480w, https:\/\/catalinx.ro\/wordpress\/wp-content\/uploads\/2025\/10\/P_20251026_232745-200x150.jpg 200w, https:\/\/catalinx.ro\/wordpress\/wp-content\/uploads\/2025\/10\/P_20251026_232745-768x576.jpg 768w, https:\/\/catalinx.ro\/wordpress\/wp-content\/uploads\/2025\/10\/P_20251026_232745-1536x1152.jpg 1536w, https:\/\/catalinx.ro\/wordpress\/wp-content\/uploads\/2025\/10\/P_20251026_232745-2048x1536.jpg 2048w\" sizes=\"auto, (max-width: 1920px) 100vw, 1920px\" \/><\/figure>\n\n\n\n<p><br \/>4) Ascult c\u00e2t de bine se aude rezonan\u021ba s\u0103lii \u0219i ce cor bun au.<\/p>\n\n\n\n<figure class=\"wp-block-image size-large\"><img loading=\"lazy\" decoding=\"async\" width=\"1920\" height=\"1440\" data-attachment-id=\"33954\" data-permalink=\"https:\/\/catalinx.ro\/wordpress\/?attachment_id=33954#main\" data-orig-file=\"https:\/\/catalinx.ro\/wordpress\/wp-content\/uploads\/2025\/10\/P_20251026_233141-scaled.jpg\" data-orig-size=\"2560,1920\" data-comments-opened=\"1\" data-image-meta=\"{&quot;aperture&quot;:&quot;1.8&quot;,&quot;credit&quot;:&quot;&quot;,&quot;camera&quot;:&quot;ASUS_I002D&quot;,&quot;caption&quot;:&quot;&quot;,&quot;created_timestamp&quot;:&quot;1761521501&quot;,&quot;copyright&quot;:&quot;&quot;,&quot;focal_length&quot;:&quot;5.58&quot;,&quot;iso&quot;:&quot;237&quot;,&quot;shutter_speed&quot;:&quot;0.02&quot;,&quot;title&quot;:&quot;&quot;,&quot;orientation&quot;:&quot;1&quot;}\" data-image-title=\"P_20251026_233141\" data-image-description=\"\" data-image-caption=\"\" data-large-file=\"https:\/\/catalinx.ro\/wordpress\/wp-content\/uploads\/2025\/10\/P_20251026_233141-1920x1440.jpg\" src=\"https:\/\/catalinx.ro\/wordpress\/wp-content\/uploads\/2025\/10\/P_20251026_233141-1920x1440.jpg\" alt=\"\" class=\"wp-image-33954\" srcset=\"https:\/\/catalinx.ro\/wordpress\/wp-content\/uploads\/2025\/10\/P_20251026_233141-1920x1440.jpg 1920w, https:\/\/catalinx.ro\/wordpress\/wp-content\/uploads\/2025\/10\/P_20251026_233141-480x360.jpg 480w, https:\/\/catalinx.ro\/wordpress\/wp-content\/uploads\/2025\/10\/P_20251026_233141-200x150.jpg 200w, https:\/\/catalinx.ro\/wordpress\/wp-content\/uploads\/2025\/10\/P_20251026_233141-768x576.jpg 768w, https:\/\/catalinx.ro\/wordpress\/wp-content\/uploads\/2025\/10\/P_20251026_233141-1536x1152.jpg 1536w, https:\/\/catalinx.ro\/wordpress\/wp-content\/uploads\/2025\/10\/P_20251026_233141-2048x1536.jpg 2048w\" sizes=\"auto, (max-width: 1920px) 100vw, 1920px\" \/><\/figure>\n\n\n\n<p>#asada. <\/p>\n\n\n\n<p>M\u0103 uitam la c\u00e2\u021bi popi erau acolo \u0219i c\u00e2\u021bi enoria\u0219i s-au str\u00e2ns, dac\u0103 e nevoie de recru\u021bi \u00een ap\u0103rarea \u021b\u0103rii, cheia e la Daniel, nu la statul rom\u00e2n. <\/p>\n","protected":false},"excerpt":{"rendered":"<p>La spell points. Trebuia s\u0103 m\u0103 \u00eentorc \u00een UK , c\u0103 m\u0103 trage via\u021ba a\u0219a, dar \u00eemi trecuse prin cap s\u0103 r\u0103m\u00e2n \u0219i s\u0103 merg&hellip;<\/p>\n","protected":false},"author":2,"featured_media":33955,"comment_status":"open","ping_status":"open","sticky":false,"template":"","format":"standard","meta":{"jetpack_post_was_ever_published":false,"_jetpack_newsletter_access":"","_jetpack_dont_email_post_to_subs":false,"_jetpack_newsletter_tier_id":0,"_jetpack_memberships_contains_paywalled_content":false,"_jetpack_memberships_contains_paid_content":false,"footnotes":"","jetpack_publicize_message":"","jetpack_publicize_feature_enabled":true,"jetpack_social_post_already_shared":true,"jetpack_social_options":{"image_generator_settings":{"template":"highway","default_image_id":0,"font":"","enabled":false},"version":2}},"categories":[1244,136,732,1],"tags":[6887],"class_list":["post-33948","post","type-post","status-publish","format-standard","has-post-thumbnail","hentry","category-bucuresti","category-civilisation","category-religie-si-biserici","category-uncategorized","tag-catedrala-mantuirii-neamului"],"views":571,"jetpack_publicize_connections":[],"jetpack_featured_media_url":"https:\/\/catalinx.ro\/wordpress\/wp-content\/uploads\/2025\/10\/P_20251026_233358-scaled.jpg","jetpack_sharing_enabled":true,"jetpack_shortlink":"https:\/\/wp.me\/p4Eq23-8Py","jetpack-related-posts":[],"_links":{"self":[{"href":"https:\/\/catalinx.ro\/wordpress\/index.php?rest_route=\/wp\/v2\/posts\/33948","targetHints":{"allow":["GET"]}}],"collection":[{"href":"https:\/\/catalinx.ro\/wordpress\/index.php?rest_route=\/wp\/v2\/posts"}],"about":[{"href":"https:\/\/catalinx.ro\/wordpress\/index.php?rest_route=\/wp\/v2\/types\/post"}],"author":[{"embeddable":true,"href":"https:\/\/catalinx.ro\/wordpress\/index.php?rest_route=\/wp\/v2\/users\/2"}],"replies":[{"embeddable":true,"href":"https:\/\/catalinx.ro\/wordpress\/index.php?rest_route=%2Fwp%2Fv2%2Fcomments&post=33948"}],"version-history":[{"count":1,"href":"https:\/\/catalinx.ro\/wordpress\/index.php?rest_route=\/wp\/v2\/posts\/33948\/revisions"}],"predecessor-version":[{"id":33956,"href":"https:\/\/catalinx.ro\/wordpress\/index.php?rest_route=\/wp\/v2\/posts\/33948\/revisions\/33956"}],"wp:featuredmedia":[{"embeddable":true,"href":"https:\/\/catalinx.ro\/wordpress\/index.php?rest_route=\/wp\/v2\/media\/33955"}],"wp:attachment":[{"href":"https:\/\/catalinx.ro\/wordpress\/index.php?rest_route=%2Fwp%2Fv2%2Fmedia&parent=33948"}],"wp:term":[{"taxonomy":"category","embeddable":true,"href":"https:\/\/catalinx.ro\/wordpress\/index.php?rest_route=%2Fwp%2Fv2%2Fcategories&post=33948"},{"taxonomy":"post_tag","embeddable":true,"href":"https:\/\/catalinx.ro\/wordpress\/index.php?rest_route=%2Fwp%2Fv2%2Ftags&post=33948"}],"curies":[{"name":"wp","href":"https:\/\/api.w.org\/{rel}","templated":true}]}}