

{"id":34108,"date":"2025-12-10T02:34:00","date_gmt":"2025-12-10T02:34:00","guid":{"rendered":"https:\/\/catalinx.ro\/wordpress\/?p=34108"},"modified":"2025-12-10T07:54:31","modified_gmt":"2025-12-10T07:54:31","slug":"ministrul-educatiei-critica-dur-dascalii-dar-in-acelasi-timp-face-pe-prostul-sau-chiar-e","status":"publish","type":"post","link":"https:\/\/catalinx.ro\/wordpress\/?p=34108","title":{"rendered":"\u201dMinistrul Educa\u021biei critic\u0103 dur dasc\u0103lii\u201d dar \u00een acela\u0219i timp face pe prostul, sau chiar e"},"content":{"rendered":"<div id=\"fb-root\"><\/div>\n\n<p>Articolul <a href=\"https:\/\/www.digi24.ro\/stiri\/actualitate\/educatie\/ministrul-educatiei-critica-dur-dascalii-daniel-david-profesorii-slabi-vinovati-pentru-analfabetism-functional-in-randul-elevilor-3501315\"><strong>\u0103sta<\/strong><\/a>. <br \/>Primul lucru pe care l-a\u0219 face \u00een leg\u0103tur\u0103 cu articolul \u0103sta, dar nu am cum c\u0103 n-am resurse \u0219i timp, ar fi s\u0103-i caut pe fo\u0219tii studen\u021bi c\u0103rora le-a fost profesor \u0219i supraveghetor de doctorat \u0219i s\u0103-i \u00eentreb c\u00e2t de mult i-a ajutat \u0219i c\u00e2t de bun profesor a fost. Dar cum nu am aceast\u0103 perspectiv\u0103 \u0219i n-o voi avea c\u00e2t timp ocup\u0103 fotoliul \u0103sta, c\u0103 n-o s\u0103 scrie nimeni prin pres\u0103, n-o s\u0103 m\u0103 leg de treaba asta la modul \u201dia s\u0103 vorbim mai multe despre tine \u0219i c\u00e2t de bun erai tu\u201d. <br \/>\u0218i o s\u0103 pedal\u0103m pe ideea lui c\u0103 profesorii sunt prost preg\u0103ti\u021bi \u0219i lene\u0219i, c\u0103 <em>uche rezultatili. <\/em><\/p>\n\n\n\n<p>\u0218i o iau pe asta: <\/p>\n\n\n\n<blockquote class=\"wp-block-quote is-layout-flow wp-block-quote-is-layout-flow\">\n<p><em>Dar dac\u0103-l ai pe copil \u00een \u0219coal\u0103 \u0219i tu l-ai primit \u00een clasa a V-a \u0219i ai lucrat cu el p\u00e2n\u0103 \u00een clasa a VIII-a, \u0219i \u00een clasa a VIII-a la testele PISA sau la TIMS el apare \u00een zon\u0103 de analfabetism func\u021bional, fiind la \u0219coal\u0103\u2026 P\u0103i nu v\u0103 sup\u0103ra\u021bi, cine este de vin\u0103?<\/em><\/p>\n<\/blockquote>\n\n\n\n<p>\u0218i a\u0219 zice: <\/p>\n\n\n\n<ol class=\"wp-block-list\">\n<li>Nu \u0219tiu, hai s\u0103 vedem. \n<ul class=\"wp-block-list\">\n<li>C\u00e2\u021bi elevi sunt \u00eentr-o clas\u0103 de care se ocup\u0103 la un moment dat un singur cadru didactic &#8211; aka, exist\u0103 no\u021biunea de profesori asisten\u021bi la \u0219colile primare , gimnaziale \u0219i liceale? R\u0103spuns: Nu. Deci c\u00e2\u021bi?<br \/>Asta este elementar.  10, 15, sau mai degrab\u0103 30 ?  Conteaz\u0103, pentru c\u0103 a crescut norma de predat a profesorilor, cu care sunt de acord, dar nu a sc\u0103zut num\u0103rul de copii pe per profesor, ba dimpotriv\u0103, a mai ad\u0103ugat <em>b\u0103ngi,<\/em> c\u0103 \u00een mintea lui de doctor \u00een educa\u021bie a\u0219a func\u021bioneaz\u0103.  Adaugi b\u0103nci \u0219i copiii brusc devin educa\u021bi.  Eu zic a\u0219a. O or\u0103 are 50 de minute efective.  S\u0103 zicem c\u0103 predai \u0219i explici lec\u021bia \u00een 30 de minute, pentru toat\u0103 lumea. De\u0219i pe vremea mea erau ore c\u00e2nd turuia profesorul \u0103la toat\u0103 ora, pentru c\u0103 fuck programa , de aia. <br \/>\u00ce\u021bi mai r\u0103m\u00e2n 20 s\u0103 discu\u021bi cu elevi, s\u0103 \u00eei aju\u021bi s\u0103 \u00een\u021beleag\u0103 s\u0103.  Dac\u0103 \u00eempar\u021bi aia la 30 de elevi \u201dai lucrat cu el p\u00e2n\u0103 \u00een clasa a VIII-a \u00eenseamn\u0103 40 de secunde pe or\u0103 de copil.  P\u0103i, boul \u0103sta, crede c\u0103 dac\u0103 un copil r\u0103m\u00e2ne \u00een urm\u0103 cu citit, scris, lec\u021bii, \u00eel aju\u021bi \u00een 40 de secunde, nu? Dac\u0103 i-ai ajutat pe 4 \u00een c\u00e2te 5 minute, aia e, au r\u0103mas 26 \u00een urm\u0103, fiecare cum poate, la categoria pro\u0219ti targ\u0103. Este c\u0103 nu pe cei mai \u00een urm\u0103 \u00eei aju\u021bi?<\/li>\n<\/ul>\n<\/li>\n\n\n\n<li>Programa\n<ul class=\"wp-block-list\">\n<li>Dac\u0103 ai statistic un num\u0103r mare de copii care nu \u00een\u021beleg ce li se explic\u0103 \u00eenseamn\u0103 c\u0103 :\n<ul class=\"wp-block-list\">\n<li>Li se explic\u0103 prost . Ori cum ai da-o iese a\u0219a. Dac\u0103 nu \u0219tie profesorul, p\u0103i atunci s\u0103 vorbim despre formarea lor profesional\u0103. Cine se ocup\u0103 de asta. Inspectoratul are motive s\u0103 existe ca institu\u021bie \u00een Rom\u00e2nia? R\u0103spuns final \u201dn-are!\u201d. Dubl\u0103m banii, trecem la urm\u0103toarea.  Dac\u0103 profesorii sunt a\u0219a cum se nimere\u0219te s\u0103 fie \u0219i n-ai de unde al\u021bii , c\u0103 reduc\u00e2ndu-le veniturile nu atragi unii mai buni, dau eu \u00een scris,  poate trebuie s\u0103 reglezi ambi\u021biile de predare din program\u0103. Adic\u0103 s\u0103 se predea lucruri mai simple, dac\u0103 ai 40% analfabe\u021bi. Da, n-o s\u0103 mai st\u0103m a\u0219a bine la olimpici, din p\u0103cate. Na\u0219pa, nu? Na\u0219pa, dar poate c\u0103 Rom\u00e2nia are preten\u021bii prea mari conform resurselor alocate. <\/li>\n<\/ul>\n<\/li>\n<\/ul>\n<\/li>\n\n\n\n<li>Resursele alocate.  \n<ul class=\"wp-block-list\">\n<li>Daniel David nu respect\u0103 legea \u0219i ar trebui demis pentru asta, dimpreun\u0103 cu tot guvernul &#8211; Bolovan primul, c\u0103 el e cu t\u0103ierile \u0219i \u00een acela\u0219i timp cu cre\u0219terea taxelor. Legea bugetului spune c\u0103 \u00eenv\u0103\u021b\u0103m\u00e2ntul trebuie s\u0103 primeasc\u0103 buget de 6% din PIB. Demult. Educa\u021bia prioritatea numero uno, sigur, dar cu de 2-3 ori mai pu\u021bini bani dec\u00e2t prevede cadrul legal. <\/li>\n\n\n\n<li>Bulgaria e la <a href=\"https:\/\/www.theglobaleconomy.com\/Bulgaria\/Education_spending\/\">4.7<\/a> din PIB. Rom\u00e2nia l-a majurat teoretic la 4.5% din PIB, \u00een alocarea din februarie, asta era \u00eenainte de ultimele alegeri preziden\u021biale \u0219i presiunile pe deficit, \u0219i l-a mic\u0219orat la loc , uite <a href=\"https:\/\/anosr.ro\/en\/anosr\/romania-se-afla-printre-tarile-care-investesc-cel-mai-putin-in-educatie\/41547\/\">datele<\/a>, media la 2.9% din PIB. UK e pe la<a href=\"https:\/\/www.theglobaleconomy.com\/United-Kingdom\/Education_spending\/\">5%<\/a>, \u00een condi\u021biile \u00een care se axeaz\u0103 mai mult pe \u00eenv\u0103\u021b\u0103m\u00e2ntul elementar \u0219i facultatea mai mult pe finan\u021bare privat\u0103. C\u0103 de aia sunt acolo \u0219i nu, nu-s ei cei mai buni, dar au un sistem bunicel. Aveau.<\/li>\n<\/ul>\n<\/li>\n\n\n\n<li>Politica \/ sistemul. \u00cen Rom\u00e2nia se mai pl\u00e2ng pro\u0219tii c\u0103 e greu s\u0103 la\u0219i copii corigen\u021bi \u0219i repeten\u021bi. \u0218i cari pro\u0219tii t\u00e2r\u00e2\u0219 p\u00e2n\u0103 la absolvire. Fire\u0219te c\u0103 numai pro\u0219tii pot avea astfel de pozi\u021bii, pentru c\u0103 \u00een realitate , c\u00e2nd un elev r\u0103m\u00e2ne corigent, repetent, cadrele didactice responsabile pentru asta ar trebui evaluate. Dac\u0103 e treab\u0103 statistic\u0103, adic\u0103 mai mult de un elev dintr-o clas\u0103 r\u0103m\u00e2ne \u0219i\/ sau dac\u0103 se dovede\u0219te c\u0103 nu e un caz cu nevoi speciale, care ar trebui plasat \u00eentr-un sistem special &#8211; leave no one behind, futu-v\u0103 mor\u021bii \u00een gur\u0103, Daniele, c\u0103 te \u00eenjur pe banii mei, atunci cadrul didactic reciclat ( l\u0103sat repetent, cum ar veni ) \u0219i trecut el pe educa\u021bie, sau dac\u0103 nu, alt loc de munc\u0103 \u00een alt\u0103 breasl\u0103.<\/li>\n\n\n\n<li>Sper s\u0103-l remanieze \u00een pula mea, cu guvernul lor cu tot, c\u0103-i la fel ca idio\u021bii dinaintea lui, efectiv pielea pulii \u00een parohie, e ru\u0219inos faptul c\u0103 a fost rectorul UBB, pare c\u0103 nu \u00een\u021belege nimic din nimic<\/li>\n\n\n\n<li>Ce pula mea, mini\u0219trii educa\u021biei sunt mereu din \u00eenv\u0103\u021b\u0103m\u00e2ntul \u201dsuperior\u201d, numai rectori, profesori univesitari \u0219i oameni a\u0219a de deconecta\u021bi de partea de \u00eenv\u0103\u021b\u0103m\u00e2nt pe care o critic\u0103, c\u0103 n-ar avea ce s\u0103 caute s\u0103 fac\u0103 politici \u0219i evalu\u0103ri, asta pe l\u00e2ng\u0103 faptul c\u0103 sunt p\u0103rtinitori \u0219i mereu favorizeaz\u0103 \u00eenv\u0103\u021b\u0103m\u00e2ntul superior, c\u0103 de aia mai avem facult\u0103\u021bi gratis \u0219i ieftine, \u0219i nu e musai r\u0103u, dar dac\u0103 din banii pu\u021bini aloci mai mult la facult\u0103\u021bi, ce pula mea te pl\u00e2ngi c\u0103 vin vagoane de pro\u0219ti din liceu, c\u0103 e natural. <br \/><br \/><\/li>\n<\/ol>\n","protected":false},"excerpt":{"rendered":"<p>Articolul \u0103sta. Primul lucru pe care l-a\u0219 face \u00een leg\u0103tur\u0103 cu articolul \u0103sta, dar nu am cum c\u0103 n-am resurse \u0219i timp, ar fi s\u0103-i&hellip;<\/p>\n","protected":false},"author":2,"featured_media":15907,"comment_status":"open","ping_status":"open","sticky":false,"template":"","format":"standard","meta":{"jetpack_post_was_ever_published":false,"_jetpack_newsletter_access":"","_jetpack_dont_email_post_to_subs":false,"_jetpack_newsletter_tier_id":0,"_jetpack_memberships_contains_paywalled_content":false,"_jetpack_memberships_contains_paid_content":false,"footnotes":"","jetpack_publicize_message":"","jetpack_publicize_feature_enabled":true,"jetpack_social_post_already_shared":true,"jetpack_social_options":{"image_generator_settings":{"template":"highway","default_image_id":0,"font":"","enabled":false},"version":2}},"categories":[1],"tags":[],"class_list":["post-34108","post","type-post","status-publish","format-standard","has-post-thumbnail","hentry","category-uncategorized"],"views":379,"jetpack_publicize_connections":[],"jetpack_featured_media_url":"https:\/\/catalinx.ro\/wordpress\/wp-content\/uploads\/2019\/08\/caution-tank-contains-political-promises-noticed-this-truck-on-the-3034254.png","jetpack_sharing_enabled":true,"jetpack_shortlink":"https:\/\/wp.me\/p4Eq23-8S8","jetpack-related-posts":[],"_links":{"self":[{"href":"https:\/\/catalinx.ro\/wordpress\/index.php?rest_route=\/wp\/v2\/posts\/34108","targetHints":{"allow":["GET"]}}],"collection":[{"href":"https:\/\/catalinx.ro\/wordpress\/index.php?rest_route=\/wp\/v2\/posts"}],"about":[{"href":"https:\/\/catalinx.ro\/wordpress\/index.php?rest_route=\/wp\/v2\/types\/post"}],"author":[{"embeddable":true,"href":"https:\/\/catalinx.ro\/wordpress\/index.php?rest_route=\/wp\/v2\/users\/2"}],"replies":[{"embeddable":true,"href":"https:\/\/catalinx.ro\/wordpress\/index.php?rest_route=%2Fwp%2Fv2%2Fcomments&post=34108"}],"version-history":[{"count":2,"href":"https:\/\/catalinx.ro\/wordpress\/index.php?rest_route=\/wp\/v2\/posts\/34108\/revisions"}],"predecessor-version":[{"id":34595,"href":"https:\/\/catalinx.ro\/wordpress\/index.php?rest_route=\/wp\/v2\/posts\/34108\/revisions\/34595"}],"wp:featuredmedia":[{"embeddable":true,"href":"https:\/\/catalinx.ro\/wordpress\/index.php?rest_route=\/wp\/v2\/media\/15907"}],"wp:attachment":[{"href":"https:\/\/catalinx.ro\/wordpress\/index.php?rest_route=%2Fwp%2Fv2%2Fmedia&parent=34108"}],"wp:term":[{"taxonomy":"category","embeddable":true,"href":"https:\/\/catalinx.ro\/wordpress\/index.php?rest_route=%2Fwp%2Fv2%2Fcategories&post=34108"},{"taxonomy":"post_tag","embeddable":true,"href":"https:\/\/catalinx.ro\/wordpress\/index.php?rest_route=%2Fwp%2Fv2%2Ftags&post=34108"}],"curies":[{"name":"wp","href":"https:\/\/api.w.org\/{rel}","templated":true}]}}