

{"id":34547,"date":"2025-12-07T22:55:28","date_gmt":"2025-12-07T22:55:28","guid":{"rendered":"https:\/\/catalinx.ro\/wordpress\/?p=34547"},"modified":"2025-12-07T22:55:28","modified_gmt":"2025-12-07T22:55:28","slug":"dezinteres-general","status":"publish","type":"post","link":"https:\/\/catalinx.ro\/wordpress\/?p=34547","title":{"rendered":"Dezinteres general"},"content":{"rendered":"<div id=\"fb-root\"><\/div>\n\n<p>O s\u0103 o zic acuma c\u0103 s-au terminat. <\/p>\n\n\n\n<p>Aia care o ardeau cu &#8220;Ciceaua e \u00een joc s\u0103 \u00eel \u021bin\u0103 pe Drul\u0103 \u00een spate ca s\u0103 c\u00e2\u0219tige Ciucu&#8221; sau &#8220;Drul\u0103 o \u00eencurc\u0103 pe Ciceaua aia \u0219mecher\u0103 s\u0103 ajung\u0103 prim\u0103ri\u021b\u0103&#8221; au supt , sug \u0219i vor mai tot suge pule de cai mor\u021bi. <\/p>\n\n\n\n<p>Pentru c\u0103 , \u00een mare nim\u0103nui nu-i pas\u0103 de niciunul dintre \u0103\u0219tia doi , sau de alegerile de primar. Am\u00e2ndoi la un loc nu au f\u0103cut voturi nici m\u0103car c\u00e2t Balu\u021b\u0103, care e PSD \u0219i care a avut &#8220;aparatul de partid&#8221; \u00een spate, sau cum se spune. <\/p>\n\n\n\n<p>Practic,\u00a0 \u00een Bucure\u0219ti putea fi primar oricine \u00ee\u0219i dorea suficient de mult asta. Adic\u0103 doamna cu televiziunea \u00een spate a str\u00e2ns\u00a0 mai multe voturi, iar dumneaei tot ce a f\u0103cut a fost scandal \u0219i expunere. <\/p>\n\n\n\n<p>Nu e vorba c\u0103 e Ciucu meritoriu, fara \u00eendoiala c\u0103 e , c\u00e2nd a luat aproape dublu voturi dec\u00e2t al doilea clasat. Este vorba c\u0103 pe circa 70% din oameni&nbsp; nu ii ascult\u0103 nimeni , c\u00e2t s\u0103 dea doi bani. <\/p>\n\n\n\n<figure class=\"wp-block-image size-large\"><img loading=\"lazy\" decoding=\"async\" width=\"1080\" height=\"582\" data-attachment-id=\"34546\" data-permalink=\"https:\/\/catalinx.ro\/wordpress\/?attachment_id=34546#main\" data-orig-file=\"https:\/\/catalinx.ro\/wordpress\/wp-content\/uploads\/2025\/12\/Screenshot_20251207-22095039128129.jpg\" data-orig-size=\"1080,582\" data-comments-opened=\"1\" data-image-meta=\"{&quot;aperture&quot;:&quot;0&quot;,&quot;credit&quot;:&quot;&quot;,&quot;camera&quot;:&quot;&quot;,&quot;caption&quot;:&quot;&quot;,&quot;created_timestamp&quot;:&quot;0&quot;,&quot;copyright&quot;:&quot;&quot;,&quot;focal_length&quot;:&quot;0&quot;,&quot;iso&quot;:&quot;0&quot;,&quot;shutter_speed&quot;:&quot;0&quot;,&quot;title&quot;:&quot;&quot;,&quot;orientation&quot;:&quot;0&quot;}\" data-image-title=\"Screenshot_20251207-220950391 (1)\" data-image-description=\"\" data-image-caption=\"\" data-medium-file=\"https:\/\/catalinx.ro\/wordpress\/wp-content\/uploads\/2025\/12\/Screenshot_20251207-22095039128129-480x259.jpg\" data-large-file=\"https:\/\/catalinx.ro\/wordpress\/wp-content\/uploads\/2025\/12\/Screenshot_20251207-22095039128129.jpg\" src=\"https:\/\/catalinx.ro\/wordpress\/wp-content\/uploads\/2025\/12\/Screenshot_20251207-22095039128129.jpg\" alt=\"\" class=\"wp-image-34546\" srcset=\"https:\/\/catalinx.ro\/wordpress\/wp-content\/uploads\/2025\/12\/Screenshot_20251207-22095039128129.jpg 1080w, https:\/\/catalinx.ro\/wordpress\/wp-content\/uploads\/2025\/12\/Screenshot_20251207-22095039128129-480x259.jpg 480w, https:\/\/catalinx.ro\/wordpress\/wp-content\/uploads\/2025\/12\/Screenshot_20251207-22095039128129-200x108.jpg 200w, https:\/\/catalinx.ro\/wordpress\/wp-content\/uploads\/2025\/12\/Screenshot_20251207-22095039128129-768x414.jpg 768w\" sizes=\"auto, (max-width: 1080px) 100vw, 1080px\" \/><\/figure>\n\n\n\n<p>Nici nu e vorba de oamenii de pe listele de vot, c\u0103 sistemul e futut din mai multe p\u0103r\u021bi. <\/p>\n\n\n\n<p>To\u021bi url\u0103 c\u0103 e plin Bucure\u0219ti-ul de oameni care au buletinele in alte ora\u0219e \u0219i c\u0103rora nu le pas\u0103 de Bucure\u0219ti \u0219i pentru care nu se pot face \u0219coli,\u00a0 c\u0103 nu sunt \u00eenregistra\u021bi ca bucure\u0219teni, lucru care spune foarte mult despre c\u00e2t de t\u00e2mpi\u021bi sunt \u0103ia care administreaz\u0103 \u0219i urbea \u0219i \u021bara. <\/p>\n\n\n\n<p>Eh, acuma oamenii \u0103ia care ar trebui s\u0103 conteze \u0219i nu pot vota , poate \u0219i ei sunt dezinteresa\u021bi , au tot dreptul s\u0103 fie &#8211; am fost din \u0103la \u0219i pot s\u0103 v\u0103 spun de ce\u00a0 \u0219i cum, au f\u0103cut un pas \u00een spate \u0219i era timpul ca bucure\u0219tenii aia adev\u0103ra\u021bi, cu s\u00e2nge albastru s\u0103 decid\u0103\u00a0 \u0219i s\u0103 le\u00a0 arate ei provincialilor vinituri. <\/p>\n\n\n\n<p>Doar c\u0103 nu.\u00a0 Ochiometric a\u0219 zice c\u0103 un num\u0103r mare de oameni cu buletine de Bucure\u0219ti, nu locuiesc de facto \u00een ora\u0219ul \u0103la, dar este aceea\u0219i schem\u0103 cu &#8220;adresa de domiciliu&#8221; &#8211;\u00a0 cam un sfert din cuno\u0219tin\u021bele mele care au buletine de Bucure\u0219ti sunt \u00een categoria aia \u0219i nu sunt nici macar to\u021bi pleca\u021bi\u00a0 din \u021bar\u0103. Unii doar sunt in alt\u0103 parte. <\/p>\n\n\n\n<p>Nu \u0219tiu c\u00e2\u021bi sunt dezinteresat \u0219i c\u00e2\u021bi sunt lips\u0103 dar sunt din ambele categorii. <\/p>\n\n\n\n<p>Cei care\u00a0 ar trebui s\u0103 voteze , c\u0103 locuiesc \u00een ora\u0219ul \u0103la, oricum nu pot , c\u0103 a\u0219a e \u00een Rom\u00e2nia se face altfel. <\/p>\n\n\n\n<p>De aia ora\u0219ul \u0103la a avut unii dintre cei mai soio\u0219i primari &#8211; adic\u0103 Nicu\u0219or Dan a fost chiar nea\u0219teptat de bun.\u00a0\u00a0 Nu c\u0103 a fost el super-performant, dar fa\u021b\u0103 de standardele cu care e Bucure\u0219ti obi\u0219nuit, e ceva. <\/p>\n\n\n\n<p><\/p>\n","protected":false},"excerpt":{"rendered":"<p>O s\u0103 o zic acuma c\u0103 s-au terminat. Aia care o ardeau cu &#8220;Ciceaua e \u00een joc s\u0103 \u00eel \u021bin\u0103 pe Drul\u0103 \u00een spate ca&hellip;<\/p>\n","protected":false},"author":2,"featured_media":0,"comment_status":"open","ping_status":"open","sticky":false,"template":"","format":"standard","meta":{"jetpack_post_was_ever_published":false,"_jetpack_newsletter_access":"","_jetpack_dont_email_post_to_subs":false,"_jetpack_newsletter_tier_id":0,"_jetpack_memberships_contains_paywalled_content":false,"_jetpack_memberships_contains_paid_content":false,"footnotes":"","jetpack_publicize_message":"","jetpack_publicize_feature_enabled":true,"jetpack_social_post_already_shared":true,"jetpack_social_options":{"image_generator_settings":{"template":"highway","default_image_id":0,"font":"","enabled":false},"version":2}},"categories":[1244,170],"tags":[],"class_list":["post-34547","post","type-post","status-publish","format-standard","hentry","category-bucuresti","category-politice"],"views":318,"jetpack_publicize_connections":[],"jetpack_featured_media_url":"","jetpack_sharing_enabled":true,"jetpack_shortlink":"https:\/\/wp.me\/p4Eq23-8Zd","jetpack-related-posts":[],"_links":{"self":[{"href":"https:\/\/catalinx.ro\/wordpress\/index.php?rest_route=\/wp\/v2\/posts\/34547","targetHints":{"allow":["GET"]}}],"collection":[{"href":"https:\/\/catalinx.ro\/wordpress\/index.php?rest_route=\/wp\/v2\/posts"}],"about":[{"href":"https:\/\/catalinx.ro\/wordpress\/index.php?rest_route=\/wp\/v2\/types\/post"}],"author":[{"embeddable":true,"href":"https:\/\/catalinx.ro\/wordpress\/index.php?rest_route=\/wp\/v2\/users\/2"}],"replies":[{"embeddable":true,"href":"https:\/\/catalinx.ro\/wordpress\/index.php?rest_route=%2Fwp%2Fv2%2Fcomments&post=34547"}],"version-history":[{"count":0,"href":"https:\/\/catalinx.ro\/wordpress\/index.php?rest_route=\/wp\/v2\/posts\/34547\/revisions"}],"wp:attachment":[{"href":"https:\/\/catalinx.ro\/wordpress\/index.php?rest_route=%2Fwp%2Fv2%2Fmedia&parent=34547"}],"wp:term":[{"taxonomy":"category","embeddable":true,"href":"https:\/\/catalinx.ro\/wordpress\/index.php?rest_route=%2Fwp%2Fv2%2Fcategories&post=34547"},{"taxonomy":"post_tag","embeddable":true,"href":"https:\/\/catalinx.ro\/wordpress\/index.php?rest_route=%2Fwp%2Fv2%2Ftags&post=34547"}],"curies":[{"name":"wp","href":"https:\/\/api.w.org\/{rel}","templated":true}]}}