

{"id":34568,"date":"2025-12-10T11:13:34","date_gmt":"2025-12-10T11:13:34","guid":{"rendered":"https:\/\/catalinx.ro\/wordpress\/?p=34568"},"modified":"2025-12-09T13:50:37","modified_gmt":"2025-12-09T13:50:37","slug":"psd-pune-semnul-egal-intre-bucuresti-si-romania","status":"publish","type":"post","link":"https:\/\/catalinx.ro\/wordpress\/?p=34568","title":{"rendered":"PSD pune semnul egal \u00eentre Bucure\u0219ti \u0219i Rom\u00e2nia"},"content":{"rendered":"<div id=\"fb-root\"><\/div>\n\n<p>\u00een sensul c\u0103 \u201d<a href=\"https:\/\/hotnews.ro\/scenariul-analizat-de-psd-dupa-ce-daniel-baluta-a-iesit-pe-3-in-cursa-pentru-primaria-capitalei-2125342\">iau ei \u00een considerare s\u0103 ias\u0103 de la guvernare<\/a>\u201d &#8211; good ridance &#8211; c\u0103 au observat c\u0103 peneleii intr\u0103 \u00een pozi\u021bie de lider, momentan de imagine, dar lucrurile s-ar putea schimba, \u0219i oricum merg cam \u00een r\u0103u pentru ei. <br \/>\u0218i cred c\u0103 pot face o combina\u021bie mai bun\u0103 pe sugeranism c\u0103 locurile 2+3 adun\u0103 mai multe voturi dec\u00e2t 1+4. <br \/>Ce nu iau \u00een considerare e c\u0103 alegerile de la prim\u0103ria <strong>general\u0103<\/strong> Bucure\u0219ti, cu o popula\u021bie profund dezinteresat\u0103, nu-s egale musai cu cele na\u021bionale de parlamentare. <br \/>Personal, da , chiar cred c\u0103 ar fi nimerite ni\u0219te alegeri parlamentare anticipate acuma. Chiar acuma \u00eenainte de s\u0103rb\u0103tori dac\u0103 s-ar putea, dar nu, n-o s\u0103 fie a\u0219a. <br \/>O s\u0103 fie c\u0103 mai bag\u0103 Bolozaurul un pachet de austeritate \u0219i \u0219tiuca plesc\u0103ie un pic din f\u0103lci pe urm\u0103 \u0219i-l las\u0103 s\u0103-\u0219i asume nepopularitatea, c\u0103 ei nu-s de acord, c\u0103 ei sunt cu poporul, astea.<\/p>\n\n\n\n<p>Dar mai \u00eenainte de asta trebuie s\u0103 declare unde st\u0103,  c\u0103 <strong><a href=\"https:\/\/www.digi24.ro\/stiri\/actualitate\/politica\/surse-digi24-psd-pune-presiune-pe-ilie-bolojan-social-democratii-ameninta-cu-iesirea-de-la-guvernare-daca-diana-buzoianu-nu-e-demisa-3538785\">\u0219tiucosul <\/a><\/strong>deja i-a cerut s\u0103-i scoat\u0103 el afar\u0103 pe \u0103ia care deranjeaz\u0103 de la USR, or else.<\/p>\n\n\n\n<figure class=\"wp-block-image size-full\"><img loading=\"lazy\" decoding=\"async\" width=\"700\" height=\"750\" data-attachment-id=\"34581\" data-permalink=\"https:\/\/catalinx.ro\/wordpress\/?attachment_id=34581#main\" data-orig-file=\"https:\/\/catalinx.ro\/wordpress\/wp-content\/uploads\/2025\/12\/image-22.png\" data-orig-size=\"700,750\" data-comments-opened=\"1\" data-image-meta=\"{&quot;aperture&quot;:&quot;0&quot;,&quot;credit&quot;:&quot;&quot;,&quot;camera&quot;:&quot;&quot;,&quot;caption&quot;:&quot;&quot;,&quot;created_timestamp&quot;:&quot;0&quot;,&quot;copyright&quot;:&quot;&quot;,&quot;focal_length&quot;:&quot;0&quot;,&quot;iso&quot;:&quot;0&quot;,&quot;shutter_speed&quot;:&quot;0&quot;,&quot;title&quot;:&quot;&quot;,&quot;orientation&quot;:&quot;0&quot;}\" data-image-title=\"image\" data-image-description=\"\" data-image-caption=\"\" data-medium-file=\"https:\/\/catalinx.ro\/wordpress\/wp-content\/uploads\/2025\/12\/image-22-448x480.png\" data-large-file=\"https:\/\/catalinx.ro\/wordpress\/wp-content\/uploads\/2025\/12\/image-22.png\" src=\"https:\/\/catalinx.ro\/wordpress\/wp-content\/uploads\/2025\/12\/image-22.png\" alt=\"\" class=\"wp-image-34581\" srcset=\"https:\/\/catalinx.ro\/wordpress\/wp-content\/uploads\/2025\/12\/image-22.png 700w, https:\/\/catalinx.ro\/wordpress\/wp-content\/uploads\/2025\/12\/image-22-448x480.png 448w, https:\/\/catalinx.ro\/wordpress\/wp-content\/uploads\/2025\/12\/image-22-187x200.png 187w\" sizes=\"auto, (max-width: 700px) 100vw, 700px\" \/><\/figure>\n\n\n\n<p><br \/><\/p>\n","protected":false},"excerpt":{"rendered":"<p>\u00een sensul c\u0103 \u201diau ei \u00een considerare s\u0103 ias\u0103 de la guvernare\u201d &#8211; good ridance &#8211; c\u0103 au observat c\u0103 peneleii intr\u0103 \u00een pozi\u021bie de&hellip;<\/p>\n","protected":false},"author":2,"featured_media":7695,"comment_status":"open","ping_status":"open","sticky":false,"template":"","format":"standard","meta":{"jetpack_post_was_ever_published":false,"_jetpack_newsletter_access":"","_jetpack_dont_email_post_to_subs":false,"_jetpack_newsletter_tier_id":0,"_jetpack_memberships_contains_paywalled_content":false,"_jetpack_memberships_contains_paid_content":false,"footnotes":"","jetpack_publicize_message":"","jetpack_publicize_feature_enabled":true,"jetpack_social_post_already_shared":true,"jetpack_social_options":{"image_generator_settings":{"template":"highway","default_image_id":0,"font":"","enabled":false},"version":2}},"categories":[170],"tags":[],"class_list":["post-34568","post","type-post","status-publish","format-standard","has-post-thumbnail","hentry","category-politice"],"views":358,"jetpack_publicize_connections":[],"jetpack_featured_media_url":"https:\/\/catalinx.ro\/wordpress\/wp-content\/uploads\/2017\/02\/muiepsd.jpg","jetpack_sharing_enabled":true,"jetpack_shortlink":"https:\/\/wp.me\/p4Eq23-8Zy","jetpack-related-posts":[],"_links":{"self":[{"href":"https:\/\/catalinx.ro\/wordpress\/index.php?rest_route=\/wp\/v2\/posts\/34568","targetHints":{"allow":["GET"]}}],"collection":[{"href":"https:\/\/catalinx.ro\/wordpress\/index.php?rest_route=\/wp\/v2\/posts"}],"about":[{"href":"https:\/\/catalinx.ro\/wordpress\/index.php?rest_route=\/wp\/v2\/types\/post"}],"author":[{"embeddable":true,"href":"https:\/\/catalinx.ro\/wordpress\/index.php?rest_route=\/wp\/v2\/users\/2"}],"replies":[{"embeddable":true,"href":"https:\/\/catalinx.ro\/wordpress\/index.php?rest_route=%2Fwp%2Fv2%2Fcomments&post=34568"}],"version-history":[{"count":3,"href":"https:\/\/catalinx.ro\/wordpress\/index.php?rest_route=\/wp\/v2\/posts\/34568\/revisions"}],"predecessor-version":[{"id":34584,"href":"https:\/\/catalinx.ro\/wordpress\/index.php?rest_route=\/wp\/v2\/posts\/34568\/revisions\/34584"}],"wp:featuredmedia":[{"embeddable":true,"href":"https:\/\/catalinx.ro\/wordpress\/index.php?rest_route=\/wp\/v2\/media\/7695"}],"wp:attachment":[{"href":"https:\/\/catalinx.ro\/wordpress\/index.php?rest_route=%2Fwp%2Fv2%2Fmedia&parent=34568"}],"wp:term":[{"taxonomy":"category","embeddable":true,"href":"https:\/\/catalinx.ro\/wordpress\/index.php?rest_route=%2Fwp%2Fv2%2Fcategories&post=34568"},{"taxonomy":"post_tag","embeddable":true,"href":"https:\/\/catalinx.ro\/wordpress\/index.php?rest_route=%2Fwp%2Fv2%2Ftags&post=34568"}],"curies":[{"name":"wp","href":"https:\/\/api.w.org\/{rel}","templated":true}]}}