

{"id":34601,"date":"2025-12-11T04:46:00","date_gmt":"2025-12-11T04:46:00","guid":{"rendered":"https:\/\/catalinx.ro\/wordpress\/?p=34601"},"modified":"2025-12-10T18:01:28","modified_gmt":"2025-12-10T18:01:28","slug":"ce-i-mana-pe-ei-in-lupta","status":"publish","type":"post","link":"https:\/\/catalinx.ro\/wordpress\/?p=34601","title":{"rendered":"Ce-i m\u00e2na pe ei \u00een lupt\u0103?"},"content":{"rendered":"<div id=\"fb-root\"><\/div>\n\n<p>Asta este singura \u00eentrebare care m\u0103 intereseaz\u0103 \u00een contextul documentarului servit de Recorder \u00een ajunul \u0219edin\u021bei CCR care examina din nou atacul ICJ asupra ordonan\u021bei care modifica pensiile \u00een justi\u021bie \u0219i \u00een ajunul <a href=\"https:\/\/www.g4media.ro\/breaking-inca-un-mare-condamnat-de-coruptie-a-fost-albit-de-curtea-suprema-inalta-curte-a-anulat-condamnarea-de-6-ani-a-fostului-sef-al-casei-de-sanatate-lucian-duta-si-a-dispus-incetarea-proces.html\">Apelului <\/a>care l-a albit pe Du\u021b\u0103. Pute de la distan\u021b\u0103 faptul c\u0103 CCR le-a dat jet \u0219i a am\u00e2nat pronun\u021barea p\u00e2n\u0103 \u00een a doua zi de Cr\u0103ciun, c\u0103 \u0219tiu ei mai bine c\u0103 rom\u00e2nii sunt cu c\u00e2rnatele \u00een din\u021bi la ora aia, nu mai stau ei de scandal.<\/p>\n\n\n\n<p>Acuma , interesant e cine-s \u0103ia care pariaz\u0103 c\u0103 nu e a\u0219a<strong><a href=\"https:\/\/hotnews.ro\/protest-pentru-o-justitie-independenta-dupa-documentarul-recorder-2126915\">, c\u0103 romulanii stau de scandal <\/a><\/strong>\u0219i vor s\u0103 pun\u0103 presiune. <br \/><br \/>Care securi\u0219ti sunt ei, spre deosebire de primii, care opereaz\u0103 \u201djusti\u021bia\u201d \u00een Rom\u00e2nia?<\/p>\n\n\n\n<p>C\u0103 primii sunt mai translucizi &#8211; \u00ee\u021bi po\u021bi face o idee, c\u0103 vezi cine scap\u0103, cine intr\u0103, dar cine-s ceilal\u021bi?<br \/>\u00cen buzunarul cui este Recorder?<br \/>Nu zic c\u0103 e r\u0103u c-au dat-o, zic c\u0103 unealta cui sunt ei? <\/p>\n\n\n\n<p>Mai exact, doamna S\u0103ftoiu, care d\u0103 la TVR documentarul. Dumneai a c\u0103ror servicii o fi ?<br \/>\u0218i, mai exact, ce vor acele servicii? C\u0103 asta nu-mi e clar deloc. <\/p>\n\n\n\n<p>C\u0103 e interesant c\u0103 Mucu\u0219or a zis c\u0103, nu domne, cel mai simplu este s\u0103 ne revolt\u0103m &#8211; deci solu\u021bia e alta. De unde m\u0103 g\u00e2ndesc c\u0103 el e cu alte servicii, nu alea ale recorder. Aia e: care-i care?<\/p>\n","protected":false},"excerpt":{"rendered":"<p>Asta este singura \u00eentrebare care m\u0103 intereseaz\u0103 \u00een contextul documentarului servit de Recorder \u00een ajunul \u0219edin\u021bei CCR care examina din nou atacul ICJ asupra ordonan\u021bei&hellip;<\/p>\n","protected":false},"author":2,"featured_media":24375,"comment_status":"open","ping_status":"open","sticky":false,"template":"","format":"standard","meta":{"jetpack_post_was_ever_published":false,"_jetpack_newsletter_access":"","_jetpack_dont_email_post_to_subs":false,"_jetpack_newsletter_tier_id":0,"_jetpack_memberships_contains_paywalled_content":false,"_jetpack_memberships_contains_paid_content":false,"footnotes":"","jetpack_publicize_message":"","jetpack_publicize_feature_enabled":true,"jetpack_social_post_already_shared":true,"jetpack_social_options":{"image_generator_settings":{"template":"highway","default_image_id":0,"font":"","enabled":false},"version":2}},"categories":[170],"tags":[6961,6960],"class_list":["post-34601","post","type-post","status-publish","format-standard","has-post-thumbnail","hentry","category-politice","tag-documentar-justitie","tag-recorder"],"views":583,"jetpack_publicize_connections":[],"jetpack_featured_media_url":"https:\/\/catalinx.ro\/wordpress\/wp-content\/uploads\/2023\/04\/justitia-2.png","jetpack_sharing_enabled":true,"jetpack_shortlink":"https:\/\/wp.me\/p4Eq23-905","jetpack-related-posts":[],"_links":{"self":[{"href":"https:\/\/catalinx.ro\/wordpress\/index.php?rest_route=\/wp\/v2\/posts\/34601","targetHints":{"allow":["GET"]}}],"collection":[{"href":"https:\/\/catalinx.ro\/wordpress\/index.php?rest_route=\/wp\/v2\/posts"}],"about":[{"href":"https:\/\/catalinx.ro\/wordpress\/index.php?rest_route=\/wp\/v2\/types\/post"}],"author":[{"embeddable":true,"href":"https:\/\/catalinx.ro\/wordpress\/index.php?rest_route=\/wp\/v2\/users\/2"}],"replies":[{"embeddable":true,"href":"https:\/\/catalinx.ro\/wordpress\/index.php?rest_route=%2Fwp%2Fv2%2Fcomments&post=34601"}],"version-history":[{"count":2,"href":"https:\/\/catalinx.ro\/wordpress\/index.php?rest_route=\/wp\/v2\/posts\/34601\/revisions"}],"predecessor-version":[{"id":34604,"href":"https:\/\/catalinx.ro\/wordpress\/index.php?rest_route=\/wp\/v2\/posts\/34601\/revisions\/34604"}],"wp:featuredmedia":[{"embeddable":true,"href":"https:\/\/catalinx.ro\/wordpress\/index.php?rest_route=\/wp\/v2\/media\/24375"}],"wp:attachment":[{"href":"https:\/\/catalinx.ro\/wordpress\/index.php?rest_route=%2Fwp%2Fv2%2Fmedia&parent=34601"}],"wp:term":[{"taxonomy":"category","embeddable":true,"href":"https:\/\/catalinx.ro\/wordpress\/index.php?rest_route=%2Fwp%2Fv2%2Fcategories&post=34601"},{"taxonomy":"post_tag","embeddable":true,"href":"https:\/\/catalinx.ro\/wordpress\/index.php?rest_route=%2Fwp%2Fv2%2Ftags&post=34601"}],"curies":[{"name":"wp","href":"https:\/\/api.w.org\/{rel}","templated":true}]}}