

{"id":35015,"date":"2026-01-20T02:12:00","date_gmt":"2026-01-20T02:12:00","guid":{"rendered":"https:\/\/catalinx.ro\/wordpress\/?p=35015"},"modified":"2026-01-19T09:20:31","modified_gmt":"2026-01-19T09:20:31","slug":"ai-un-miliard-sa-l-dai-la-lautari","status":"publish","type":"post","link":"https:\/\/catalinx.ro\/wordpress\/?p=35015","title":{"rendered":"Ai un miliard s\u0103-l dai la l\u0103utari?"},"content":{"rendered":"<div id=\"fb-root\"><\/div>\n\n<p>Duminic\u0103 diminea\u021ba scria presa c\u0103 <a href=\"https:\/\/www.digi24.ro\/stiri\/actualitate\/politica\/romania-invitata-in-consiliul-pentru-pace-initiat-de-trump-cristian-diaconescu-sa-vedem-ce-se-doreste-prin-aceasta-constructie-3590777\">Rom\u00e2nia e invitat\u0103 s\u0103 fac\u0103 parte din fr\u0103\u021bia inelelor<\/a>. <\/p>\n\n\n\n<figure class=\"wp-block-image size-full\"><img loading=\"lazy\" decoding=\"async\" width=\"851\" height=\"247\" data-attachment-id=\"35016\" data-permalink=\"https:\/\/catalinx.ro\/wordpress\/?attachment_id=35016#main\" data-orig-file=\"https:\/\/catalinx.ro\/wordpress\/wp-content\/uploads\/2026\/01\/image-34.png\" data-orig-size=\"851,247\" data-comments-opened=\"1\" data-image-meta=\"{&quot;aperture&quot;:&quot;0&quot;,&quot;credit&quot;:&quot;&quot;,&quot;camera&quot;:&quot;&quot;,&quot;caption&quot;:&quot;&quot;,&quot;created_timestamp&quot;:&quot;0&quot;,&quot;copyright&quot;:&quot;&quot;,&quot;focal_length&quot;:&quot;0&quot;,&quot;iso&quot;:&quot;0&quot;,&quot;shutter_speed&quot;:&quot;0&quot;,&quot;title&quot;:&quot;&quot;,&quot;orientation&quot;:&quot;0&quot;}\" data-image-title=\"image\" data-image-description=\"\" data-image-caption=\"\" data-large-file=\"https:\/\/catalinx.ro\/wordpress\/wp-content\/uploads\/2026\/01\/image-34.png\" src=\"https:\/\/catalinx.ro\/wordpress\/wp-content\/uploads\/2026\/01\/image-34.png\" alt=\"\" class=\"wp-image-35016\" srcset=\"https:\/\/catalinx.ro\/wordpress\/wp-content\/uploads\/2026\/01\/image-34.png 851w, https:\/\/catalinx.ro\/wordpress\/wp-content\/uploads\/2026\/01\/image-34-480x139.png 480w, https:\/\/catalinx.ro\/wordpress\/wp-content\/uploads\/2026\/01\/image-34-200x58.png 200w, https:\/\/catalinx.ro\/wordpress\/wp-content\/uploads\/2026\/01\/image-34-768x223.png 768w\" sizes=\"auto, (max-width: 851px) 100vw, 851px\" \/><\/figure>\n\n\n\n<p>Luni textul a devenit mai clar &#8211; Rom\u00e2nia e invitat\u0103 <a href=\"https:\/\/www.mediafax.ro\/politic\/romania-ar-trebui-sa-plateasca-1-miliard-pentru-a-deveni-membru-permanent-in-consiliul-pacii-unde-ne-a-invitat-trump-23673023\">s\u0103 pl\u0103teasc\u0103 1 miliard <\/a>( d\u0103 dolaaari) pentru a fi membr\u0103 la noua fr\u0103\u021bie a inelelor.  Comparativ, Rom\u00e2nia cotizeaz\u0103 la ONU  <a href=\"https:\/\/www.digi24.ro\/digieconomic\/macro\/romania-va-cotiza-din-2025-la-fondul-onu-guvernul-aproba-plata-a-peste-100-000-de-dolari-33457\">100.000 de dolari<\/a>, lol. \u0218i cam de banii \u0103ia opereaz\u0103 ONU \u0103sta de acum.<\/p>\n\n\n\n<p><br \/><br \/><\/p>\n\n\n\n<figure class=\"wp-block-image size-full\"><img loading=\"lazy\" decoding=\"async\" width=\"1342\" height=\"443\" data-attachment-id=\"35017\" data-permalink=\"https:\/\/catalinx.ro\/wordpress\/?attachment_id=35017#main\" data-orig-file=\"https:\/\/catalinx.ro\/wordpress\/wp-content\/uploads\/2026\/01\/image-35.png\" data-orig-size=\"1342,443\" data-comments-opened=\"1\" data-image-meta=\"{&quot;aperture&quot;:&quot;0&quot;,&quot;credit&quot;:&quot;&quot;,&quot;camera&quot;:&quot;&quot;,&quot;caption&quot;:&quot;&quot;,&quot;created_timestamp&quot;:&quot;0&quot;,&quot;copyright&quot;:&quot;&quot;,&quot;focal_length&quot;:&quot;0&quot;,&quot;iso&quot;:&quot;0&quot;,&quot;shutter_speed&quot;:&quot;0&quot;,&quot;title&quot;:&quot;&quot;,&quot;orientation&quot;:&quot;0&quot;}\" data-image-title=\"image\" data-image-description=\"\" data-image-caption=\"\" data-large-file=\"https:\/\/catalinx.ro\/wordpress\/wp-content\/uploads\/2026\/01\/image-35.png\" src=\"https:\/\/catalinx.ro\/wordpress\/wp-content\/uploads\/2026\/01\/image-35.png\" alt=\"\" class=\"wp-image-35017\" srcset=\"https:\/\/catalinx.ro\/wordpress\/wp-content\/uploads\/2026\/01\/image-35.png 1342w, https:\/\/catalinx.ro\/wordpress\/wp-content\/uploads\/2026\/01\/image-35-480x158.png 480w, https:\/\/catalinx.ro\/wordpress\/wp-content\/uploads\/2026\/01\/image-35-200x66.png 200w, https:\/\/catalinx.ro\/wordpress\/wp-content\/uploads\/2026\/01\/image-35-768x254.png 768w\" sizes=\"auto, (max-width: 1342px) 100vw, 1342px\" \/><\/figure>\n\n\n\n<p>Realitatea e c\u0103 ONU e cam degeaba &#8211; nu degeaba-degeaba, dar e mai mult de discu\u021bii dec\u00e2t de ac\u021biune. <br \/>Trump zice c\u0103 face el un ONU mai \u0219mecher, pe ac\u021biune, dar cu dou\u0103 condi\u021bii: <\/p>\n\n\n\n<ol class=\"wp-block-list\">\n<li>Pe bani adev\u0103ra\u021bi<\/li>\n\n\n\n<li>Cu el \u0219ef p\u00e2n\u0103 la moarte. <\/li>\n<\/ol>\n\n\n\n<p>Partea a doua e problematic\u0103, altfel &#8211; de acord &#8211; ONU \u0103sta vechi e mai bine s\u0103 dispar\u0103 \u0219i lumea s\u0103 organizeze unul nou, cu finan\u021bare mai serioas\u0103 \u0219i f\u0103r\u0103 veto-uri aiurea. <br \/>Rom\u00e2nia, ca de obicei, se g\u00e2nde\u0219te, analizeaz\u0103, pe ciocu mic a\u0219a. <\/p>\n\n\n\n<p>\u0218i la ONU \u0103l\u0103laltul a analizat  din 1945 p\u00e2n\u0103 \u00een 1960. <\/p>\n\n\n\n<p>Pe de alt\u0103 parte, e bun \u0219i cu ONU, dar cred c\u0103 va deveni mai urgent un NATO mai nou, p\u00e2n\u0103 la asta. <\/p>\n\n\n\n<p><\/p>\n","protected":false},"excerpt":{"rendered":"<p>Duminic\u0103 diminea\u021ba scria presa c\u0103 Rom\u00e2nia e invitat\u0103 s\u0103 fac\u0103 parte din fr\u0103\u021bia inelelor. Luni textul a devenit mai clar &#8211; Rom\u00e2nia e invitat\u0103 s\u0103&hellip;<\/p>\n","protected":false},"author":2,"featured_media":19575,"comment_status":"open","ping_status":"open","sticky":false,"template":"","format":"standard","meta":{"jetpack_post_was_ever_published":false,"_jetpack_newsletter_access":"","_jetpack_dont_email_post_to_subs":false,"_jetpack_newsletter_tier_id":0,"_jetpack_memberships_contains_paywalled_content":false,"_jetpack_memberships_contains_paid_content":false,"footnotes":"","jetpack_publicize_message":"","jetpack_publicize_feature_enabled":true,"jetpack_social_post_already_shared":true,"jetpack_social_options":{"image_generator_settings":{"template":"highway","default_image_id":0,"font":"","enabled":false},"version":2}},"categories":[1],"tags":[],"class_list":["post-35015","post","type-post","status-publish","format-standard","has-post-thumbnail","hentry","category-uncategorized"],"views":374,"jetpack_publicize_connections":[],"jetpack_featured_media_url":"https:\/\/catalinx.ro\/wordpress\/wp-content\/uploads\/2021\/04\/arunci-cu-bani-in-lautari.jpg","jetpack_sharing_enabled":true,"jetpack_shortlink":"https:\/\/wp.me\/p4Eq23-96L","jetpack-related-posts":[],"_links":{"self":[{"href":"https:\/\/catalinx.ro\/wordpress\/index.php?rest_route=\/wp\/v2\/posts\/35015","targetHints":{"allow":["GET"]}}],"collection":[{"href":"https:\/\/catalinx.ro\/wordpress\/index.php?rest_route=\/wp\/v2\/posts"}],"about":[{"href":"https:\/\/catalinx.ro\/wordpress\/index.php?rest_route=\/wp\/v2\/types\/post"}],"author":[{"embeddable":true,"href":"https:\/\/catalinx.ro\/wordpress\/index.php?rest_route=\/wp\/v2\/users\/2"}],"replies":[{"embeddable":true,"href":"https:\/\/catalinx.ro\/wordpress\/index.php?rest_route=%2Fwp%2Fv2%2Fcomments&post=35015"}],"version-history":[{"count":1,"href":"https:\/\/catalinx.ro\/wordpress\/index.php?rest_route=\/wp\/v2\/posts\/35015\/revisions"}],"predecessor-version":[{"id":35018,"href":"https:\/\/catalinx.ro\/wordpress\/index.php?rest_route=\/wp\/v2\/posts\/35015\/revisions\/35018"}],"wp:featuredmedia":[{"embeddable":true,"href":"https:\/\/catalinx.ro\/wordpress\/index.php?rest_route=\/wp\/v2\/media\/19575"}],"wp:attachment":[{"href":"https:\/\/catalinx.ro\/wordpress\/index.php?rest_route=%2Fwp%2Fv2%2Fmedia&parent=35015"}],"wp:term":[{"taxonomy":"category","embeddable":true,"href":"https:\/\/catalinx.ro\/wordpress\/index.php?rest_route=%2Fwp%2Fv2%2Fcategories&post=35015"},{"taxonomy":"post_tag","embeddable":true,"href":"https:\/\/catalinx.ro\/wordpress\/index.php?rest_route=%2Fwp%2Fv2%2Ftags&post=35015"}],"curies":[{"name":"wp","href":"https:\/\/api.w.org\/{rel}","templated":true}]}}