

{"id":35107,"date":"2026-01-28T15:02:00","date_gmt":"2026-01-28T15:02:00","guid":{"rendered":"https:\/\/catalinx.ro\/wordpress\/?p=35107"},"modified":"2026-01-26T17:13:19","modified_gmt":"2026-01-26T17:13:19","slug":"criminal-nu-s-a-intors-din-permisie","status":"publish","type":"post","link":"https:\/\/catalinx.ro\/wordpress\/?p=35107","title":{"rendered":"Criminal, nu s-a \u00eentors din permisie"},"content":{"rendered":"<div id=\"fb-root\"><\/div>\n\n<p>Un  vie\u021ba\u0219 ( bine nu vie\u021ba\u0219 , avea pe rol aproape 23 de ani de gherl\u0103 ) condamnat pentru uciderea unui poli\u021bist , a fost l\u0103sat <a href=\"https:\/\/evz.ro\/alerta-in-bucuresti-detinut-condamnat-pentru-omor-dat-disparut-dupa-ce-nu-s-a-mai-intors-din-permisie.html\"> \u00een permisie<\/a> \u0219i a u\u0219chit-o din Rom\u00e2nia. <br \/>\u0218tirea se d\u0103 c\u0103, vai, a evadat. Pentru mine \u0219tirea e alta. <\/p>\n\n\n\n<p>Citez<\/p>\n\n\n\n<blockquote class=\"wp-block-quote is-layout-flow wp-block-quote-is-layout-flow\">\n<p>.<br \/><em>Reprezentan\u021bii Penitenciarul Rahova au declarat pentru <a href=\"https:\/\/hotnews.ro\/cum-argumenteaza-autoritatile-decizia-de-a-l-lasa-in-permisie-pe-cetateanul-turc-condamnat-pentru-omor-conduita-foarte-buna-24-de-permisii-si-72-de-recompense-de-a-lungul-detentie-2157276\" target=\"_blank\" rel=\"noreferrer noopener\">HotNews<\/a> c\u0103 Atas Abdullah \u00eendeplinea toate criteriile legale pentru a primi permisiunea de a p\u0103r\u0103si penitenciarul pentru o perioad\u0103 de patru zile. Cet\u0103\u021beanul turc, condamnat la <strong>22 de ani \u0219i zece luni de deten\u021bie pentru uciderea unui poli\u021bist rutier \u00een 2015<\/strong>, a beneficiat \u00een ultimii ani de<strong> 24 de permisii \u0219i 72 de recompense<\/strong>, administra\u021bia unit\u0103\u021bii apreciind c\u0103 a avut o \u201econduit\u0103 foarte bun\u0103\u201d.<\/em><\/p>\n<\/blockquote>\n\n\n\n<p>Omul era probabil de 10 ani \u00een pu\u0219c\u0103rie, chiar dac\u0103 o fi avut dosarul pe rol, m\u0103 g\u00e2ndesc c\u0103 l-au \u021binut totu\u0219i pe preventiv. \u0218i \u00een timpul \u0103sta i-au acordat 24 de permisii &#8211; omul a fugit doar \u00een a 24a sau 25a &#8211; nu-mi e clar. <\/p>\n\n\n\n<p>B\u0103! Omori un poli\u021bist \u0219i \u021bi se dau permisii. Aia e \u0219tirea. 24. <\/p>\n\n\n\n<p>\u00cen\u021beleg c\u0103 reintegrarea \u00een societate. Probabil c\u0103 mai avea 4-5 ani \u0219i ie\u0219ea, c\u0103 nu stai 22, mai ales dac\u0103 e\u0219ti exemplar. <\/p>\n\n\n\n<p>Nu \u0219tiu ce s\u0103 zic &#8211; presupun c\u0103 face parte din pachetul de beneficii &#8211; uite, dac\u0103 te por\u021bi frumos prime\u0219ti \u0219ansa s\u0103 fugi unde vezi cu ochii. <\/p>\n","protected":false},"excerpt":{"rendered":"<p>Un vie\u021ba\u0219 ( bine nu vie\u021ba\u0219 , avea pe rol aproape 23 de ani de gherl\u0103 ) condamnat pentru uciderea unui poli\u021bist , a fost&hellip;<\/p>\n","protected":false},"author":2,"featured_media":8167,"comment_status":"open","ping_status":"open","sticky":false,"template":"","format":"standard","meta":{"jetpack_post_was_ever_published":false,"_jetpack_newsletter_access":"","_jetpack_dont_email_post_to_subs":false,"_jetpack_newsletter_tier_id":0,"_jetpack_memberships_contains_paywalled_content":false,"_jetpack_memberships_contains_paid_content":false,"footnotes":"","jetpack_publicize_message":"","jetpack_publicize_feature_enabled":true,"jetpack_social_post_already_shared":true,"jetpack_social_options":{"image_generator_settings":{"template":"highway","default_image_id":0,"font":"","enabled":false},"version":2}},"categories":[1],"tags":[],"class_list":["post-35107","post","type-post","status-publish","format-standard","has-post-thumbnail","hentry","category-uncategorized"],"views":323,"jetpack_publicize_connections":[],"jetpack_featured_media_url":"https:\/\/catalinx.ro\/wordpress\/wp-content\/uploads\/2017\/03\/catuse_cu_puff.jpg","jetpack_sharing_enabled":true,"jetpack_shortlink":"https:\/\/wp.me\/p4Eq23-98f","jetpack-related-posts":[],"_links":{"self":[{"href":"https:\/\/catalinx.ro\/wordpress\/index.php?rest_route=\/wp\/v2\/posts\/35107","targetHints":{"allow":["GET"]}}],"collection":[{"href":"https:\/\/catalinx.ro\/wordpress\/index.php?rest_route=\/wp\/v2\/posts"}],"about":[{"href":"https:\/\/catalinx.ro\/wordpress\/index.php?rest_route=\/wp\/v2\/types\/post"}],"author":[{"embeddable":true,"href":"https:\/\/catalinx.ro\/wordpress\/index.php?rest_route=\/wp\/v2\/users\/2"}],"replies":[{"embeddable":true,"href":"https:\/\/catalinx.ro\/wordpress\/index.php?rest_route=%2Fwp%2Fv2%2Fcomments&post=35107"}],"version-history":[{"count":1,"href":"https:\/\/catalinx.ro\/wordpress\/index.php?rest_route=\/wp\/v2\/posts\/35107\/revisions"}],"predecessor-version":[{"id":35108,"href":"https:\/\/catalinx.ro\/wordpress\/index.php?rest_route=\/wp\/v2\/posts\/35107\/revisions\/35108"}],"wp:featuredmedia":[{"embeddable":true,"href":"https:\/\/catalinx.ro\/wordpress\/index.php?rest_route=\/wp\/v2\/media\/8167"}],"wp:attachment":[{"href":"https:\/\/catalinx.ro\/wordpress\/index.php?rest_route=%2Fwp%2Fv2%2Fmedia&parent=35107"}],"wp:term":[{"taxonomy":"category","embeddable":true,"href":"https:\/\/catalinx.ro\/wordpress\/index.php?rest_route=%2Fwp%2Fv2%2Fcategories&post=35107"},{"taxonomy":"post_tag","embeddable":true,"href":"https:\/\/catalinx.ro\/wordpress\/index.php?rest_route=%2Fwp%2Fv2%2Ftags&post=35107"}],"curies":[{"name":"wp","href":"https:\/\/api.w.org\/{rel}","templated":true}]}}