

{"id":35109,"date":"2026-01-27T04:40:00","date_gmt":"2026-01-27T04:40:00","guid":{"rendered":"https:\/\/catalinx.ro\/wordpress\/?p=35109"},"modified":"2026-01-27T09:58:10","modified_gmt":"2026-01-27T09:58:10","slug":"ceva-bine-in-societate-file-din-mintea-unui-delincvent-juvenil","status":"publish","type":"post","link":"https:\/\/catalinx.ro\/wordpress\/?p=35109","title":{"rendered":"Ceva bine \u00een societate. File din mintea unui delincvent juvenil"},"content":{"rendered":"<div id=\"fb-root\"><\/div>\n\n<p>Un copil a omor\u00e2t pe altul. Shit happens. De fric\u0103, p\u0103rin\u021bii l-au dus la m\u0103-sa mare \u00een alt sat. <a href=\"https:\/\/www.digi24.ro\/stiri\/actualitate\/revolta-in-comuna-in-care-sta-baiatul-de-13-ani-implicat-in-uciderea-lui-mario-localnicii-cer-sa-plece-sa-i-se-aplice-pedeapsa-3600565\">Unde s-au revoltat s\u0103tenii<\/a> c\u0103 ce li-l aduc pe dracu \u00eentre ei. \u0218i s-au revoltat corect. C\u0103 copilul \u0103la nu avea ce c\u0103uta tot cam slab supravegheat la bunici. <br \/>Citind \u00een articolul <a href=\"https:\/\/www.digi24.ro\/stiri\/actualitate\/caz-cutremurator-in-timis-baiat-de-15-ani-ucis-incendiat-si-ingropat-de-alti-3-adolescenti-suspectii-provin-din-familii-vulnerabile-3596089\">original <\/a>am observat textul \u0103sta: <\/p>\n\n\n\n<blockquote class=\"wp-block-quote is-layout-flow wp-block-quote-is-layout-flow\">\n<p><em>av\u00e2nd bine pus la punct <strong>un plan prestabilit<\/strong> pe care l-au f\u0103cut \u00een urm\u0103 cu o lun\u0103 de zile \u015fi a\u015ftept\u00e2nd momentul oportun, au ucis o persoan\u0103 minor\u0103 de sex masculin <strong>prin lovirea acesteia \u00een mod repetat cu o topori\u015fc\u0103 \u015fi cu un cu\u0163it<\/strong><\/em><\/p>\n<\/blockquote>\n\n\n\n<p>I-au dat topor \u0219i cu\u021bit.  Dup\u0103 care: <\/p>\n\n\n\n<blockquote class=\"wp-block-quote is-layout-flow wp-block-quote-is-layout-flow\">\n<p><em>\u201dTo\u0163i cei trei minori au ac\u0163ionat conjugat \u015fi au profanat cadavrul victimei prin faptul c\u0103 l-au incendiat \u015fi apoi l-au \u00eengropat \u00een spatele gr\u0103dinii.<\/em><\/p>\n<\/blockquote>\n\n\n\n<p>B\u0103, io \u00eei \u00een\u021beleg \u0219i pe copiii \u0103ia. \u0102sta le-o fi f\u0103cut bullying, s-a l\u0103udat c\u0103 e el \u0219mecher, p\u00e2n\u0103 n-a mai fost, c\u0103 i-au copt-o bine de tot. P\u0103\u021b\u0103\u0219ti.<\/p>\n\n\n\n<p>Dar sunt defec\u021bi. Iar defect e ceva normal, c\u0103 am fost \u0219i eu la v\u00e2rsta aia \u0219i am avut g\u00e2nduri din astea defecte \u0219i planuri \u0219i, cu pu\u021bin ghinion, le-a\u0219 fi putut duce la \u00eendeplinire. Ce pula mea, eram abuzat. <br \/>Ce pula mea, la 10-15 ani nu aveam discern\u0103m\u00e2nt, nu? Aveam suficient de mult s\u0103 nu le spun p\u0103rin\u021bilor planurile mele \u0219i mai exact ce f\u0103ceam, dar nu aveam destul s\u0103-mi pese de pu\u0219c\u0103rie sau de \u0219coala de corec\u021bie, cum ar veni.<br \/>Nu frica de pu\u0219c\u0103rie m\u0103 f\u0103cea s\u0103 m\u0103 g\u00e2ndesc la ceva anume, ci ideea c\u0103 nu voi mai putea fi niciodat\u0103 acceptat de societate, nici de familia mea, nici de nimeni &#8211; de unde am concluzionat c\u0103 \u201dhai s\u0103 vedem dac\u0103 g\u0103sesc alte solu\u021bii\u201d. Am avut noroc. Efectiv a\u0219a se traduce, c\u0103 lumea c\u00e2nd am tr\u0103it eu, de\u0219i acum pare altfel, era mai violent\u0103 \u0219i mai precar\u0103 dec\u00e2t acum. Dar oamenii la fel de pro\u0219ti. <br \/>\u0218i-acum m\u0103 pot defecta. Numai s\u0103 nu \u00eemi convin\u0103 ceva puternic, c\u0103 imediat m\u0103 defectez, p\u0103i ce facem aici. <\/p>\n\n\n\n<p>Legea zice c\u0103 minorii sub 14 ani nu r\u0103spund penal a\u0219a c\u0103: <\/p>\n\n\n\n<blockquote class=\"wp-block-quote is-layout-flow wp-block-quote-is-layout-flow\">\n<p><em>B\u0103iatul de 13 ani care a participat la crim\u0103 a fost l\u0103sat s\u0103 plece acas\u0103, deoarece el nu r\u0103spunde penal.<\/em><\/p>\n<\/blockquote>\n\n\n\n<p class=\"has-luminous-vivid-amber-background-color has-background\">ACEASTA, domnilor, este o problem\u0103. <\/p>\n\n\n\n<p>Indiferent dac\u0103 r\u0103spunde penal sau nu, nu poate fi l\u0103sat s\u0103 plece acas\u0103. Din 2 motive. <br \/>1) Cineva trebuie s\u0103 fie r\u0103spunz\u0103tor penal, ori el ori p\u0103rin\u021bii &#8211; deci cineva ar trebui arestat preventiv, ori singur, nu se poate duce acas\u0103. <\/p>\n\n\n\n<p>2) Dac\u0103 nu e r\u0103spunz\u0103tor penal din prezumtiva lips\u0103 de discern\u0103m\u00e2nt, e total gre\u0219it s\u0103 la\u0219i un criminal f\u0103r\u0103 discern\u0103m\u00e2nt \u00een libertate. <br \/>Trebuie supravegheat \u0219i asigurat\u0103 impiedicarea oric\u0103rei alte crime p\u00e2n\u0103 la construc\u021bia discern\u0103m\u00e2ntului. <br \/>Asta a\u0219a la prima vedere, f\u0103r\u0103 altceva. <\/p>\n\n\n\n<p>\u00cen particular, mie aici \u00eemi place sistemul american, \u0219tiu c\u0103 nu e momentul s\u0103-i l\u0103ud\u0103m, dar e mai bun. \u00cen dou\u0103 treimi din state nu e o v\u00e2rst\u0103 minim\u0103. Iar la nivel federal e 11 ani &#8211; pentru delicte federale. <\/p>\n\n\n\n<p><\/p>\n\n\n\n<figure class=\"wp-block-image size-full\"><img loading=\"lazy\" decoding=\"async\" width=\"1200\" height=\"917\" data-attachment-id=\"35110\" data-permalink=\"https:\/\/catalinx.ro\/wordpress\/?attachment_id=35110#main\" data-orig-file=\"https:\/\/catalinx.ro\/wordpress\/wp-content\/uploads\/2026\/01\/image-51.png\" data-orig-size=\"1200,917\" data-comments-opened=\"1\" data-image-meta=\"{&quot;aperture&quot;:&quot;0&quot;,&quot;credit&quot;:&quot;&quot;,&quot;camera&quot;:&quot;&quot;,&quot;caption&quot;:&quot;&quot;,&quot;created_timestamp&quot;:&quot;0&quot;,&quot;copyright&quot;:&quot;&quot;,&quot;focal_length&quot;:&quot;0&quot;,&quot;iso&quot;:&quot;0&quot;,&quot;shutter_speed&quot;:&quot;0&quot;,&quot;title&quot;:&quot;&quot;,&quot;orientation&quot;:&quot;0&quot;}\" data-image-title=\"image\" data-image-description=\"\" data-image-caption=\"\" data-large-file=\"https:\/\/catalinx.ro\/wordpress\/wp-content\/uploads\/2026\/01\/image-51.png\" src=\"https:\/\/catalinx.ro\/wordpress\/wp-content\/uploads\/2026\/01\/image-51.png\" alt=\"\" class=\"wp-image-35110\" srcset=\"https:\/\/catalinx.ro\/wordpress\/wp-content\/uploads\/2026\/01\/image-51.png 1200w, https:\/\/catalinx.ro\/wordpress\/wp-content\/uploads\/2026\/01\/image-51-480x367.png 480w, https:\/\/catalinx.ro\/wordpress\/wp-content\/uploads\/2026\/01\/image-51-200x153.png 200w, https:\/\/catalinx.ro\/wordpress\/wp-content\/uploads\/2026\/01\/image-51-768x587.png 768w\" sizes=\"auto, (max-width: 1200px) 100vw, 1200px\" \/><\/figure>\n\n\n\n<p><br \/><\/p>\n\n\n\n<p>Nu toate infrac\u021biunile sunt egale, adic\u0103, nu trimi\u021bi un copil sub 14 ani la pu\u0219c\u0103rie c\u0103 l-ai prins beat la volan, e clar c\u0103 e o problem\u0103 de educa\u021bie precar\u0103 \u0219i exemple proaste din familie, dar dac\u0103 n-are permis de conducere &#8230;<\/p>\n\n\n\n<p>Crima \u00eenseamn\u0103 c\u0103 iei via\u021ba unui om. Cu premeditare \u00eenseamn\u0103 c\u0103 ai pl\u0103nuit asta. S\u0103 profanezi cadavrul e deja un nivel peste.  S\u0103 ascunzi crima, aia e ceva normal, dar pentru cirm\u0103 \u0219i profanare , cu consim\u021b\u0103m\u00e2nt sau nu, e\u0219ti un pericol pentru societate \u0219i nu po\u021bi s\u0103 fii l\u0103sat s\u0103 mergi acas\u0103, c\u0103 tot un pericol e\u0219ti \u0219i dup\u0103 aia \u0219i nu e ca \u0219i cum comunitatea poate avea \u00eencredere \u00een aceea\u0219i familie care n-a reu\u0219it s\u0103 te opreasc\u0103 prima dat\u0103. Nu conteaz\u0103 dac\u0103 e vina lor, sau e\u0219ti nebun &#8211; conteaz\u0103 c\u0103 e\u0219ecul s-a dovedit deja, altfel , poate nici nu e\u0219ti vinovat, cine \u0219tie, de aia avem justi\u021bie, dar p\u00e2n\u0103 atunci e\u0219ti un risc public \u0219i trebuie s\u0103 fii indep\u0103rtat, copil sau nu.<br \/>Eh, comuna a luat atitudine c\u0103 ce pula lor e asta! Corect. A\u0219a trebuie. Las\u0103 b\u0103, c\u0103 legea, c\u0103 autorit\u0103\u021bile, c\u0103 n-au competen\u021be. P\u0103i ce, nu mai sunt spitale de psihiatrie, dac\u0103 copilul n-are discern\u0103m\u00e2nt? Ce caut\u0103 liber \u00een bra\u021bele familiei f\u0103r\u0103 tratament, las\u0103 c\u0103 arest sau pu\u0219c\u0103rie. <br \/>Iar familia, ca ni\u0219te responsabili, s-au g\u00e2ndit s\u0103-l ascund\u0103 la bunici. <br \/>\u0218i e foarte bine c\u0103 s\u0103tenii \u0103ia au ie\u0219it cu furci \u0219i topoare.  Pentru c\u0103 dincolo de lege, mesajul comunit\u0103\u021bii conteaz\u0103 mai mult: Nu-l vrem p-\u0103sta aici! <br \/>Este un mesaj mai puternic dec\u00e2t orice pedeaps\u0103, pentru c\u0103 pedeapsa poate fi perceput\u0103 de criminal ca injust\u0103, c\u0103 l-au anchetat \u0219i l-au anchetat unii care \u00eei erau potrivnici \u0219i las\u0103 c\u0103 iese el \u0219i se r\u0103zbun\u0103. <\/p>\n\n\n\n<p>Eh: C\u00e2nd comunitatea \u00ee\u021bi arat\u0103 pula \u0219i-\u021bi spune clar : \u201dB\u0103, boule, noi nu vrem din \u0103\u0219tia ca tine printre noi, \u00ee\u021bi d\u0103m foc\u201d se treze\u0219te un pic discern\u0103m\u00e2ntul, c\u0103 invariabil te g\u00e2nde\u0219ti : \u0218i care comunitate o s\u0103 m\u0103 accepte cu ce am f\u0103cut? Niciuna? Na\u0219pa.  \u0218i lumea vede, inclusiv al\u021bi copii, care sunt retarda\u021bi, dar nu retarda\u021bi. <br \/>\u0218tirea asta ar trebui popularizat\u0103, c\u0103 de aia scriu despre ea, c\u0103 e mai educativ\u0103 dec\u00e2t tot ce face statul rom\u00e2n. Nu dec\u00e2t tot ce AR PUTEA face, ci dec\u00e2t tot ce face. <br \/><\/p>\n\n\n\n<p>Iar legat de r\u0103spundere eu v\u0103d treaba a\u0219a. B\u0103, nu v\u0103d necesitatea discern\u0103m\u00e2ntului pentru r\u0103spundere. E\u0219ti criminal, ai cauzat prejudicii \u0219i exist\u0103 victime. Trebuie s\u0103 pl\u0103te\u0219ti fapta. C\u0103 ai sau n-ai discern\u0103m\u00e2nt conteaz\u0103 la chestii m\u0103runte, nu acolo unde sunt daune aduse vie\u021bii altora, sau faptul c\u0103 le-ai luat via\u021ba. P\u0103i ce, a ta, o via\u021b\u0103 de om lipsit de discern\u0103m\u00e2nt, valoreaz\u0103 mai mult? De ce?!<br \/><br \/>\u0218i o iau pe partea ailalt\u0103. Copilul t\u0103u \u00eel omoar\u0103 pe al meu, \u0219i r\u0103m\u00e2ne a\u0219a? P\u0103i ce pula mea e aici, miori\u021ba \u0219i copilul meu e baciul moldovean? P\u0103i \u00een cazul \u0103sta dac\u0103 mai un copil, ce-l opre\u0219te  s\u0103 nu se r\u0103zbune \u0219i merge a\u0219a, nu? Eventual s\u0103-\u021bi dea foc \u0219i \u021bie cu tot cu fi-tu, nu?<\/p>\n\n\n\n<p>Eu nu v\u0103d cum asta \u201dmerge a\u0219a\u201d c\u0103 era copil \u0219i nu conteaz\u0103, c\u0103 contreaz\u0103 extrem de mult.  Conteaz\u0103 mai mult dec\u00e2t dac\u0103 copilul \u0103la ucidea un adult. Copilul ucis de el e viitorul cuiva. Cumva prin mintea tuturor pro\u0219tilor care cred c\u0103 e OK s\u0103 nu ai r\u0103spundere penal\u0103 p\u00e2n\u0103 la 14 ani pentru nimic cred c\u0103 eu sunt de acord dac\u0103 \u00eemi fur\u0103 oricine viitorul.  O s\u0103 \u00eenchid un ochi. <br \/>Felicit\u0103ri celor din S\u00e2nmihaiu Rom\u00e2n. #A\u0219ada<\/p>\n\n\n\n<p>Conven\u021bia pe care o avem \u00een Rom\u00e2nia e c\u0103 e acceptabil s\u0103-\u021bi omori pe cineva din familia ta, aia te prive\u0219te.<br \/>Acceptarea dincolo de asta ne transform\u0103 \u00een Ciudad de Dios. <\/p>\n","protected":false},"excerpt":{"rendered":"<p>Un copil a omor\u00e2t pe altul. Shit happens. De fric\u0103, p\u0103rin\u021bii l-au dus la m\u0103-sa mare \u00een alt sat. Unde s-au revoltat s\u0103tenii c\u0103 ce&hellip;<\/p>\n","protected":false},"author":2,"featured_media":19242,"comment_status":"open","ping_status":"open","sticky":false,"template":"","format":"standard","meta":{"jetpack_post_was_ever_published":false,"_jetpack_newsletter_access":"","_jetpack_dont_email_post_to_subs":false,"_jetpack_newsletter_tier_id":0,"_jetpack_memberships_contains_paywalled_content":false,"_jetpack_memberships_contains_paid_content":false,"footnotes":"","jetpack_publicize_message":"","jetpack_publicize_feature_enabled":true,"jetpack_social_post_already_shared":true,"jetpack_social_options":{"image_generator_settings":{"template":"highway","default_image_id":0,"font":"","enabled":false},"version":2}},"categories":[136,744],"tags":[7015],"class_list":["post-35109","post","type-post","status-publish","format-standard","has-post-thumbnail","hentry","category-civilisation","category-law-and-order","tag-crime-minori"],"views":330,"jetpack_publicize_connections":[],"jetpack_featured_media_url":"https:\/\/catalinx.ro\/wordpress\/wp-content\/uploads\/2021\/02\/Children-of-hell.png","jetpack_sharing_enabled":true,"jetpack_shortlink":"https:\/\/wp.me\/p4Eq23-98h","jetpack-related-posts":[],"_links":{"self":[{"href":"https:\/\/catalinx.ro\/wordpress\/index.php?rest_route=\/wp\/v2\/posts\/35109","targetHints":{"allow":["GET"]}}],"collection":[{"href":"https:\/\/catalinx.ro\/wordpress\/index.php?rest_route=\/wp\/v2\/posts"}],"about":[{"href":"https:\/\/catalinx.ro\/wordpress\/index.php?rest_route=\/wp\/v2\/types\/post"}],"author":[{"embeddable":true,"href":"https:\/\/catalinx.ro\/wordpress\/index.php?rest_route=\/wp\/v2\/users\/2"}],"replies":[{"embeddable":true,"href":"https:\/\/catalinx.ro\/wordpress\/index.php?rest_route=%2Fwp%2Fv2%2Fcomments&post=35109"}],"version-history":[{"count":5,"href":"https:\/\/catalinx.ro\/wordpress\/index.php?rest_route=\/wp\/v2\/posts\/35109\/revisions"}],"predecessor-version":[{"id":35119,"href":"https:\/\/catalinx.ro\/wordpress\/index.php?rest_route=\/wp\/v2\/posts\/35109\/revisions\/35119"}],"wp:featuredmedia":[{"embeddable":true,"href":"https:\/\/catalinx.ro\/wordpress\/index.php?rest_route=\/wp\/v2\/media\/19242"}],"wp:attachment":[{"href":"https:\/\/catalinx.ro\/wordpress\/index.php?rest_route=%2Fwp%2Fv2%2Fmedia&parent=35109"}],"wp:term":[{"taxonomy":"category","embeddable":true,"href":"https:\/\/catalinx.ro\/wordpress\/index.php?rest_route=%2Fwp%2Fv2%2Fcategories&post=35109"},{"taxonomy":"post_tag","embeddable":true,"href":"https:\/\/catalinx.ro\/wordpress\/index.php?rest_route=%2Fwp%2Fv2%2Ftags&post=35109"}],"curies":[{"name":"wp","href":"https:\/\/api.w.org\/{rel}","templated":true}]}}