

{"id":35135,"date":"2026-01-29T05:14:06","date_gmt":"2026-01-29T05:14:06","guid":{"rendered":"https:\/\/catalinx.ro\/wordpress\/?p=35135"},"modified":"2026-01-29T08:11:10","modified_gmt":"2026-01-29T08:11:10","slug":"daca-era-nucusoare-primar-iarna-asta-nu-mai-lua-presedinte","status":"publish","type":"post","link":"https:\/\/catalinx.ro\/wordpress\/?p=35135","title":{"rendered":"Dac\u0103 era Nicu\u0219oare primar iarna asta , nu mai lua pre\u0219edinte"},"content":{"rendered":"<div id=\"fb-root\"><\/div>\n\n<p>P-asta o pun pe spinarea lui. Matematicianul din pantaloni, c\u0103 le-a potrivit el.<\/p>\n\n\n\n<p>C\u0103 ce zic eu aici, probabil c\u0103 voi \u0219ti\u021bi deja care sunte\u021bi din Bucure\u0219ti. De vreo 3 s\u0103pt\u0103m\u00e2ni, dup\u0103 anul nou, tot \u00eel aud pe frate-meu tu\u0219ind prin apeluri. C\u0103 la \u00eenceput vreo 1000 de blocuri pe final de decembrie, <a href=\"https:\/\/buletin.de\/bucuresti\/termoficare-o-luna-fara-caldura-in-plin-ger-avaria-s-a-rezolvat-agentul-termic-tot-nu-vine\/\" target=\"_blank\" rel=\"noreferrer noopener\">pe urm\u0103 spre 4000 c\u0103 ce-are<\/a>. <\/p>\n\n\n\n<p>\u0218i unii nu au c\u0103ldur\u0103 de o lun\u0103, adic\u0103 \u00een plin\u0103 , cea mai plin\u0103 iarn\u0103 din ultimii ani. Noroc c\u0103 au mai izolat blocurile \u0103lea c\u0103 era moarte.&nbsp; <\/p>\n\n\n\n<p>\u0102sta e cu aerul condi\u021bionat \u0219i to\u021bi prin Bucure\u0219ti tot a\u0219a, numai aere \u0219i aeroterme \u00ee\u0219i dau&nbsp; bucure\u0219tenii \u0103\u0219tia . \u0102\u0219tia care sunt bran\u0219a\u021bi la cum se mai nume\u0219te acuma RADETul . <\/p>\n\n\n\n<p>C\u0103 ce zic io aci. Asta a zis c\u0103 repar\u0103 el conducte , schimb\u0103 rezolv\u0103. Sigur , nu e vina lui, e a lui Firea , Oprescu , Basexu ,&nbsp; Viorel Lis, \u0103ia care au fost acu o mie de ani. El a f\u0103cut tot ce a putut. Ei bine, nu prea a putut cine \u0219tie ce. <\/p>\n\n\n\n<p>El mereu face ce poate, \u0219i ca pre\u0219edinte, se zbate, se screme, doar rezultatele campula. <\/p>\n\n\n\n<p>Dar cea mai tare nu e asta.&nbsp; A venit Ciucu la prim\u0103rie \u0219i gata gargara cu &#8220;n-avem bani, bugetul e deja cheltuit , suntem \u00een g\u0103leat\u0103, ca na\u021bionala de fotbal \u00een calific\u0103ri&#8221;. Mereu pic\u0103m la baraj, coaie. <\/p>\n\n\n\n<p>\u00cen campania de alegeri preziden\u021biale \u0219i prim\u0103riale \u00eenainte de preziden\u021biale, Nicu\u0219or a b\u0103tut \u0219aua pe cum s-a luptat el cu datoriile ( greaua mo\u0219tenire) la \u00eenceputul primului mandat \u0219i cum a rezolvat el datoriile \u0103lea &#8211; numa scheme matematice a f\u0103cut. <\/p>\n\n\n\n<p>Practic, erau datoriile rezolvate. Cum a plecat &#8211; PMB iar \u00eenglodat\u0103 \u00een datorii. Cum clipe\u0219te unul cum vin datoriile precum p\u0103duchii \u0219i cotropesc prim\u0103ria. Culmea, presa l-a \u00eentrebat pe Ciucu fix asta : &#8211; B\u0103, ce pula mea face\u021bi aici, deci a min\u021bit Nicu\u0219or Dan c\u00e2nd a zis c\u0103 a pl\u0103tit datoriile?<\/p>\n\n\n\n<p>Aparent nu, <a href=\"https:\/\/www.digi24.ro\/stiri\/ciprian-ciucu-anunta-care-sunt-primele-4-institutii-care-vor-fi-inchise-si-avertizeaza-ca-stb-poate-fi-executata-silit-3600717\" target=\"_blank\" rel=\"noreferrer noopener\">le-a pl\u0103tit doar c\u0103 &#8220;s-au acumulat&#8221; ( \u00een traducere liber\u0103 a f\u0103cut)&nbsp; altele<\/a> .<\/p>\n\n\n\n<figure class=\"wp-block-image size-large\"><img loading=\"lazy\" decoding=\"async\" width=\"1080\" height=\"601\" data-attachment-id=\"35133\" data-permalink=\"https:\/\/catalinx.ro\/wordpress\/?attachment_id=35133#main\" data-orig-file=\"https:\/\/catalinx.ro\/wordpress\/wp-content\/uploads\/2026\/01\/Screenshot_20260128-20063451528129.jpg\" data-orig-size=\"1080,601\" data-comments-opened=\"1\" data-image-meta=\"{&quot;aperture&quot;:&quot;0&quot;,&quot;credit&quot;:&quot;&quot;,&quot;camera&quot;:&quot;&quot;,&quot;caption&quot;:&quot;&quot;,&quot;created_timestamp&quot;:&quot;0&quot;,&quot;copyright&quot;:&quot;&quot;,&quot;focal_length&quot;:&quot;0&quot;,&quot;iso&quot;:&quot;0&quot;,&quot;shutter_speed&quot;:&quot;0&quot;,&quot;title&quot;:&quot;&quot;,&quot;orientation&quot;:&quot;0&quot;}\" data-image-title=\"Screenshot_20260128-200634515 (1)\" data-image-description=\"\" data-image-caption=\"\" data-large-file=\"https:\/\/catalinx.ro\/wordpress\/wp-content\/uploads\/2026\/01\/Screenshot_20260128-20063451528129.jpg\" src=\"https:\/\/catalinx.ro\/wordpress\/wp-content\/uploads\/2026\/01\/Screenshot_20260128-20063451528129.jpg\" alt=\"\" class=\"wp-image-35133\" srcset=\"https:\/\/catalinx.ro\/wordpress\/wp-content\/uploads\/2026\/01\/Screenshot_20260128-20063451528129.jpg 1080w, https:\/\/catalinx.ro\/wordpress\/wp-content\/uploads\/2026\/01\/Screenshot_20260128-20063451528129-480x267.jpg 480w, https:\/\/catalinx.ro\/wordpress\/wp-content\/uploads\/2026\/01\/Screenshot_20260128-20063451528129-200x111.jpg 200w, https:\/\/catalinx.ro\/wordpress\/wp-content\/uploads\/2026\/01\/Screenshot_20260128-20063451528129-768x427.jpg 768w\" sizes=\"auto, (max-width: 1080px) 100vw, 1080px\" \/><\/figure>\n\n\n\n<p>Duce\u021bi-v\u0103, b\u0103, \u00een pula mea, c\u0103 sunte\u021bi vorbi\u021bi, efectiv nu se poate s\u0103 spui a\u0219a ceva p\u0103str\u00e2nd o fa\u021b\u0103 serioas\u0103! <\/p>\n\n\n\n<p><em>Matematiceenii<\/em> lu&#8217; pe\u0219te pr\u0103jit,&nbsp; a muta datorii nu se cheam\u0103 a pl\u0103ti datorii , finan\u021bi\u0219tii pulii mele cu bretele. <\/p>\n\n\n\n<p>Cic\u0103 a fost <a href=\"https:\/\/www.digi24.ro\/video\/nicusor-dan-huiduit-la-ceremonia-de-ziua-unirii-de-la-iasi-daca-aveti-lideri-cu-un-proiect-hai-sa-dezbatem-3599897\" target=\"_blank\" rel=\"noreferrer noopener\">huiduit la Ia\u0219i<\/a>, de ziua Micii Uniri . P\u0103i presupun c\u0103 s-a dus acolo c\u0103 la Bucure\u0219ti \u00ee\u0219i lua flegme \u0219i fiind temperatura sub zero, practic \u00eel b\u0103teau cu grindin\u0103 biologic\u0103. <\/p>\n\n\n\n<p>Matematica pizdii zice c\u0103 bucure\u0219tenii care acu\u0219i fac o lun\u0103 f\u0103r\u0103 c\u0103ldur\u0103 n-au mai stat at\u00e2ta de mult \u00een frig de pe vremea lui Ceau\u0219escu. <\/p>\n\n\n\n<p>\u0218i cic\u0103 de ceeee, dom&#8217;neee, valul \u0103sta de tineri care nu \u0219tiu istorie \u0219i zic c\u0103 era mai bine \u00een comunism, c\u0103 ei nu \u0219tiu. <\/p>\n\n\n\n<p>P\u0103i pentru c\u0103 tr\u0103iesc tot \u00een frig c\u0103 atunci, doar c\u0103&nbsp; acum li se inventeaz\u0103 alte motive de coping. <\/p>\n\n\n\n<p><\/p>\n\n\n\n<p><\/p>\n\n\n\n<p><\/p>\n\n\n\n<p><\/p>\n","protected":false},"excerpt":{"rendered":"<p>P-asta o pun pe spinarea lui. Matematicianul din pantaloni, c\u0103 le-a potrivit el. C\u0103 ce zic eu aici, probabil c\u0103 voi \u0219ti\u021bi deja care sunte\u021bi&hellip;<\/p>\n","protected":false},"author":2,"featured_media":35134,"comment_status":"open","ping_status":"open","sticky":false,"template":"","format":"standard","meta":{"jetpack_post_was_ever_published":false,"_jetpack_newsletter_access":"","_jetpack_dont_email_post_to_subs":false,"_jetpack_newsletter_tier_id":0,"_jetpack_memberships_contains_paywalled_content":false,"_jetpack_memberships_contains_paid_content":false,"footnotes":"","jetpack_publicize_message":"","jetpack_publicize_feature_enabled":true,"jetpack_social_post_already_shared":true,"jetpack_social_options":{"image_generator_settings":{"template":"highway","default_image_id":0,"font":"","enabled":false},"version":2}},"categories":[1244,170],"tags":[6380],"class_list":["post-35135","post","type-post","status-publish","format-standard","has-post-thumbnail","hentry","category-bucuresti","category-politice","tag-nicusor-dan"],"views":928,"jetpack_publicize_connections":[],"jetpack_featured_media_url":"https:\/\/catalinx.ro\/wordpress\/wp-content\/uploads\/2026\/01\/IMG-20251130-WA0000.jpg","jetpack_sharing_enabled":true,"jetpack_shortlink":"https:\/\/wp.me\/p4Eq23-98H","jetpack-related-posts":[],"_links":{"self":[{"href":"https:\/\/catalinx.ro\/wordpress\/index.php?rest_route=\/wp\/v2\/posts\/35135","targetHints":{"allow":["GET"]}}],"collection":[{"href":"https:\/\/catalinx.ro\/wordpress\/index.php?rest_route=\/wp\/v2\/posts"}],"about":[{"href":"https:\/\/catalinx.ro\/wordpress\/index.php?rest_route=\/wp\/v2\/types\/post"}],"author":[{"embeddable":true,"href":"https:\/\/catalinx.ro\/wordpress\/index.php?rest_route=\/wp\/v2\/users\/2"}],"replies":[{"embeddable":true,"href":"https:\/\/catalinx.ro\/wordpress\/index.php?rest_route=%2Fwp%2Fv2%2Fcomments&post=35135"}],"version-history":[{"count":3,"href":"https:\/\/catalinx.ro\/wordpress\/index.php?rest_route=\/wp\/v2\/posts\/35135\/revisions"}],"predecessor-version":[{"id":35152,"href":"https:\/\/catalinx.ro\/wordpress\/index.php?rest_route=\/wp\/v2\/posts\/35135\/revisions\/35152"}],"wp:featuredmedia":[{"embeddable":true,"href":"https:\/\/catalinx.ro\/wordpress\/index.php?rest_route=\/wp\/v2\/media\/35134"}],"wp:attachment":[{"href":"https:\/\/catalinx.ro\/wordpress\/index.php?rest_route=%2Fwp%2Fv2%2Fmedia&parent=35135"}],"wp:term":[{"taxonomy":"category","embeddable":true,"href":"https:\/\/catalinx.ro\/wordpress\/index.php?rest_route=%2Fwp%2Fv2%2Fcategories&post=35135"},{"taxonomy":"post_tag","embeddable":true,"href":"https:\/\/catalinx.ro\/wordpress\/index.php?rest_route=%2Fwp%2Fv2%2Ftags&post=35135"}],"curies":[{"name":"wp","href":"https:\/\/api.w.org\/{rel}","templated":true}]}}