

{"id":35536,"date":"2026-03-17T08:04:00","date_gmt":"2026-03-17T08:04:00","guid":{"rendered":"https:\/\/catalinx.ro\/wordpress\/?p=35536"},"modified":"2026-03-01T20:19:54","modified_gmt":"2026-03-01T20:19:54","slug":"daca-e-ceva-ce-mi-place-la-razboaiele-lui-netanyahu-si-trump","status":"publish","type":"post","link":"https:\/\/catalinx.ro\/wordpress\/?p=35536","title":{"rendered":"Dac\u0103 e ceva ce-mi place la r\u0103zboaiele lui Netanyahu \u0219i Trump"},"content":{"rendered":"<div id=\"fb-root\"><\/div>\n\n<p>Nu e nimic, dar dac\u0103 ar fi ceva, ar fi faptul c\u0103 \u00eencep de sus.  Sunt am\u00e2ndoi \u0219i \u0103ia cu care se bat, ca \u0219i Putin ( s\u0103 nu-l uit pe \u0103sta, sper c\u0103 n-ajung \u00een Rusia vreodat\u0103 \u0219i uit ce-am scris aici) , ni\u0219te bo\u0219orogi care trimit, cli\u0219eic, tineri s\u0103 moar\u0103 pentru ei, iar treaba asta eu o v\u0103d ca pe o problem\u0103, la fel cum v\u0103d r\u0103zboiul impus de Putin ucrainenilor, dar \u0219i ru\u0219ilor lui pe care \u00eei trimite la m\u0103cel. <br \/>\u201dDu-te b\u0103, tu primul, cu m\u0103-ta\u201d. Sau, vrei s\u0103 dai jos regimul, p\u0103i atac\u0103 regimul, afl\u0103 pe unde o arde Zelensky \u0219i d\u0103 dup\u0103 el, sau invers. Dar presupun c\u0103 e \u0219i ceva neputin\u021b\u0103 la mijloc, care duce la m\u0103cinarea a ora\u0219e \u00eentregi de oameni nevinova\u021bi, sau care n-au nicio treab\u0103 cu spe\u021ba, tr\u0103iesc doar \u00een locul nepotrivit la momentul \u0103la. <\/p>\n\n\n\n<p>Ori Netanyahu \u0219i Trump procedeaz\u0103 un pic altfel, o iau de sus &#8211; \u0219i presupun c\u0103 asta e \u0219i diferen\u021ba de capacitate, anume c\u0103 pot face asta \u0219i \u00ee\u0219i permit, mai ales pentru c\u0103 cred c\u0103 nu li se poate \u00eent\u00e2mpla \u0219i lor, sau poate nu le pas\u0103, a\u0219 zice despre Trump, care a fost \u00een prima linie.<\/p>\n\n\n\n<p>Decapiteaz\u0103 regimuri, \u00eenainte de a distruge popula\u021bii. Bine, Netanyahu \u00een Gaza a operat \u0219i-\u0219i, dar ori\u0219ic\u00e2t, au avut ceva cu hama\u0219ii, au dat mai degrab\u0103 dup\u0103 \u0219efii lor, pe unde i-au prins, c\u0103 erau \u00een Gaza sau la discu\u021bii prin Qatar.  Aveau ceva cu hezbolacii &#8211; dat dup\u0103 \u0219efii lor, cu Venezuela, l-au luat pe tartore. Cu Iran , i-au punctat pe \u0103ia de sus. <br \/>Desigur c\u0103 conducerea se \u00eenlocuie\u0219te, to\u021bi suntem \u00eenlocuibili, dar \u00een felul \u0103sta, c\u00e2nd  ajujngi \u0219ef \u00een urma \u0103lora de-au fost executa\u021bi cu rachete, dac\u0103 te apuc\u0103 pofta de r\u0103zboi, omoruri, jihaduri sau cruciade, te g\u00e2nde\u0219ti c\u0103 primii s-ar putea s\u0103 nu moar\u0103 \u0103ia din tran\u0219ee, pe care te trimi\u021bi s\u0103 \u00ee\u021bi regleze conturile, ci chiar tu. A\u0219a cum e \u0219i normal. <\/p>\n\n\n\n<p>De asta sunt \u0219i interesat s\u0103 v\u0103d cum reac\u021bioneaz\u0103 <a href=\"https:\/\/www.aljazeera.com\/news\/2026\/3\/1\/who-are-the-council-members-temporarily-in-charge-of-iran\">serio\u0219ii \u0103\u0219tia trei<\/a>, care conduc acum Iranul interimar &#8211; anume cum se pozi\u021bioneaz\u0103 ei \u0219i ce li se \u00eent\u00e2mpl\u0103. <br \/>C\u0103 a\u0219a , oricine e puternic \u00een spatele a zeci de mii de oameni, dar e mai interesant s\u0103-l vezi c\u00e2nd ia \u00een considerare c\u0103 ar putea fi \u00een prima linie, de fapt. <br \/><\/p>\n\n\n\n<figure class=\"wp-block-image size-full\"><img loading=\"lazy\" decoding=\"async\" width=\"1137\" height=\"772\" data-attachment-id=\"35537\" data-permalink=\"https:\/\/catalinx.ro\/wordpress\/?attachment_id=35537#main\" data-orig-file=\"https:\/\/catalinx.ro\/wordpress\/wp-content\/uploads\/2026\/03\/image-10.png\" data-orig-size=\"1137,772\" data-comments-opened=\"1\" data-image-meta=\"{&quot;aperture&quot;:&quot;0&quot;,&quot;credit&quot;:&quot;&quot;,&quot;camera&quot;:&quot;&quot;,&quot;caption&quot;:&quot;&quot;,&quot;created_timestamp&quot;:&quot;0&quot;,&quot;copyright&quot;:&quot;&quot;,&quot;focal_length&quot;:&quot;0&quot;,&quot;iso&quot;:&quot;0&quot;,&quot;shutter_speed&quot;:&quot;0&quot;,&quot;title&quot;:&quot;&quot;,&quot;orientation&quot;:&quot;0&quot;}\" data-image-title=\"image\" data-image-description=\"\" data-image-caption=\"\" data-large-file=\"https:\/\/catalinx.ro\/wordpress\/wp-content\/uploads\/2026\/03\/image-10.png\" src=\"https:\/\/catalinx.ro\/wordpress\/wp-content\/uploads\/2026\/03\/image-10.png\" alt=\"\" class=\"wp-image-35537\" srcset=\"https:\/\/catalinx.ro\/wordpress\/wp-content\/uploads\/2026\/03\/image-10.png 1137w, https:\/\/catalinx.ro\/wordpress\/wp-content\/uploads\/2026\/03\/image-10-480x326.png 480w, https:\/\/catalinx.ro\/wordpress\/wp-content\/uploads\/2026\/03\/image-10-200x136.png 200w, https:\/\/catalinx.ro\/wordpress\/wp-content\/uploads\/2026\/03\/image-10-768x521.png 768w\" sizes=\"auto, (max-width: 1137px) 100vw, 1137px\" \/><\/figure>\n\n\n\n<p>Not\u0103: Eu am scris articolul \u0103sta pe \u00eent\u00e2i martie \u0219i, de\u0219i e posibil, sper c\u0103 \u0103\u0219tia nu sunt trimi\u0219i dup\u0103 semin\u021be p\u00e2n\u0103 \u00eei vinde r\u00e2ndul s\u0103 fie publicat. Dac\u0103 a\u0219a,&#8230; ghinion. <\/p>\n","protected":false},"excerpt":{"rendered":"<p>Nu e nimic, dar dac\u0103 ar fi ceva, ar fi faptul c\u0103 \u00eencep de sus. Sunt am\u00e2ndoi \u0219i \u0103ia cu care se bat, ca \u0219i&hellip;<\/p>\n","protected":false},"author":2,"featured_media":33235,"comment_status":"open","ping_status":"open","sticky":false,"template":"","format":"standard","meta":{"jetpack_post_was_ever_published":false,"_jetpack_newsletter_access":"","_jetpack_dont_email_post_to_subs":false,"_jetpack_newsletter_tier_id":0,"_jetpack_memberships_contains_paywalled_content":false,"_jetpack_memberships_contains_paid_content":false,"footnotes":"","jetpack_publicize_message":"","jetpack_publicize_feature_enabled":true,"jetpack_social_post_already_shared":true,"jetpack_social_options":{"image_generator_settings":{"template":"highway","default_image_id":0,"font":"","enabled":false},"version":2}},"categories":[170,4766],"tags":[7060],"class_list":["post-35536","post","type-post","status-publish","format-standard","has-post-thumbnail","hentry","category-politice","category-razboi","tag-razboi-iran-2026"],"views":434,"jetpack_publicize_connections":[],"jetpack_featured_media_url":"https:\/\/catalinx.ro\/wordpress\/wp-content\/uploads\/2025\/09\/a-gun-violence-cain-award-v0-smk75r2z0jof1.webp","jetpack_sharing_enabled":true,"jetpack_shortlink":"https:\/\/wp.me\/p4Eq23-9fa","jetpack-related-posts":[],"_links":{"self":[{"href":"https:\/\/catalinx.ro\/wordpress\/index.php?rest_route=\/wp\/v2\/posts\/35536","targetHints":{"allow":["GET"]}}],"collection":[{"href":"https:\/\/catalinx.ro\/wordpress\/index.php?rest_route=\/wp\/v2\/posts"}],"about":[{"href":"https:\/\/catalinx.ro\/wordpress\/index.php?rest_route=\/wp\/v2\/types\/post"}],"author":[{"embeddable":true,"href":"https:\/\/catalinx.ro\/wordpress\/index.php?rest_route=\/wp\/v2\/users\/2"}],"replies":[{"embeddable":true,"href":"https:\/\/catalinx.ro\/wordpress\/index.php?rest_route=%2Fwp%2Fv2%2Fcomments&post=35536"}],"version-history":[{"count":1,"href":"https:\/\/catalinx.ro\/wordpress\/index.php?rest_route=\/wp\/v2\/posts\/35536\/revisions"}],"predecessor-version":[{"id":35538,"href":"https:\/\/catalinx.ro\/wordpress\/index.php?rest_route=\/wp\/v2\/posts\/35536\/revisions\/35538"}],"wp:featuredmedia":[{"embeddable":true,"href":"https:\/\/catalinx.ro\/wordpress\/index.php?rest_route=\/wp\/v2\/media\/33235"}],"wp:attachment":[{"href":"https:\/\/catalinx.ro\/wordpress\/index.php?rest_route=%2Fwp%2Fv2%2Fmedia&parent=35536"}],"wp:term":[{"taxonomy":"category","embeddable":true,"href":"https:\/\/catalinx.ro\/wordpress\/index.php?rest_route=%2Fwp%2Fv2%2Fcategories&post=35536"},{"taxonomy":"post_tag","embeddable":true,"href":"https:\/\/catalinx.ro\/wordpress\/index.php?rest_route=%2Fwp%2Fv2%2Ftags&post=35536"}],"curies":[{"name":"wp","href":"https:\/\/api.w.org\/{rel}","templated":true}]}}