

{"id":35683,"date":"2026-03-12T00:51:00","date_gmt":"2026-03-12T00:51:00","guid":{"rendered":"https:\/\/catalinx.ro\/wordpress\/?p=35683"},"modified":"2026-03-10T13:06:15","modified_gmt":"2026-03-10T13:06:15","slug":"rachetoasa-de-pe-maidan-doi-lunetisti-la-usa","status":"publish","type":"post","link":"https:\/\/catalinx.ro\/wordpress\/?p=35683","title":{"rendered":"Rachetoas\u0103 de pe maidan: Doi luneti\u0219ti la u\u0219\u0103"},"content":{"rendered":"<div id=\"fb-root\"><\/div>\n\n<p>Dezam\u0103git de r\u0103spunsul UE ca mereu. La ce pula mea te declari \u0219coal\u0103 pe gararologie, diploma\u021bie dac\u0103 tot ce po\u021bi s\u0103 faci e s\u0103 spui <a href=\"https:\/\/kyivindependent.com\/eu-hungarian-opposition-rebuke-zelensky-over-remarks-on-orban\/\">c\u0103 e inacceptabil <\/a>ce spune Zelensky . Mai exact Zele a f\u0103cut una d-aia d-a lor de pe pe T\u00e2rgu Crimeea. Nu i-a convenit c\u0103 Orban se pune cu curul \u00een u\u0219\u0103 din cauza disputei lor pe conducta prieteniei care se dovede\u0219te Greu de Reparat 2, dup\u0103  Nord Stream \u0219i i-a b\u0103gat o amenin\u021bare , c\u0103-i trimite b\u0103e\u021bii la u\u0219\u0103.  Comportament de smardoi. <\/p>\n\n\n\n<figure class=\"wp-block-image size-full\"><img loading=\"lazy\" decoding=\"async\" width=\"1068\" height=\"282\" data-attachment-id=\"35684\" data-permalink=\"https:\/\/catalinx.ro\/wordpress\/?attachment_id=35684#main\" data-orig-file=\"https:\/\/catalinx.ro\/wordpress\/wp-content\/uploads\/2026\/03\/image-34.png\" data-orig-size=\"1068,282\" data-comments-opened=\"1\" data-image-meta=\"{&quot;aperture&quot;:&quot;0&quot;,&quot;credit&quot;:&quot;&quot;,&quot;camera&quot;:&quot;&quot;,&quot;caption&quot;:&quot;&quot;,&quot;created_timestamp&quot;:&quot;0&quot;,&quot;copyright&quot;:&quot;&quot;,&quot;focal_length&quot;:&quot;0&quot;,&quot;iso&quot;:&quot;0&quot;,&quot;shutter_speed&quot;:&quot;0&quot;,&quot;title&quot;:&quot;&quot;,&quot;orientation&quot;:&quot;0&quot;}\" data-image-title=\"image\" data-image-description=\"\" data-image-caption=\"\" data-medium-file=\"https:\/\/catalinx.ro\/wordpress\/wp-content\/uploads\/2026\/03\/image-34-480x127.png\" data-large-file=\"https:\/\/catalinx.ro\/wordpress\/wp-content\/uploads\/2026\/03\/image-34.png\" src=\"https:\/\/catalinx.ro\/wordpress\/wp-content\/uploads\/2026\/03\/image-34.png\" alt=\"\" class=\"wp-image-35684\" srcset=\"https:\/\/catalinx.ro\/wordpress\/wp-content\/uploads\/2026\/03\/image-34.png 1068w, https:\/\/catalinx.ro\/wordpress\/wp-content\/uploads\/2026\/03\/image-34-480x127.png 480w, https:\/\/catalinx.ro\/wordpress\/wp-content\/uploads\/2026\/03\/image-34-200x53.png 200w, https:\/\/catalinx.ro\/wordpress\/wp-content\/uploads\/2026\/03\/image-34-768x203.png 768w\" sizes=\"auto, (max-width: 1068px) 100vw, 1068px\" \/><\/figure>\n\n\n\n<p>Ce-a\u0219 fi vrut s-aud ar fi fost, dec\u00e2t gargar\u0103, o \u00eentrebare simpl\u0103, pe care Ursula, sau cine mai e acuma \u0219efu la UE, s\u0103-l \u00eentrebe pe Zele simplu:  Boss, sunte\u021bi d-\u0103\u0219tia?Ar trebui s\u0103 ne fie fric\u0103 de Ucraina ca de Rusia \u0219i s\u0103 ne preg\u0103tim s\u0103 ne ap\u0103r\u0103m de voi?<br \/>\u0218i suspendat orice ajutor, orice colaborare, discu\u021bii despre aderarea la UE p\u00e2n\u0103 la un r\u0103spuns destul de clar cu scuze, cum zice Orban. <br \/>Ar fi trimis un mesaj puternic de fr\u00e2n\u0103 \u0219i reflec\u021bie tuturor na\u021biunilor europene, una la m\u0103n\u0103 c\u0103 reac\u021bion\u0103m la declara\u021bii amenin\u021bative asupra cuiva din\u0103untrul blocului, fie el \u0219i Iuda, a doua c\u0103 aici nu facem din astea, lucr\u0103m altfel \u0219i a treia, c\u0103 UE nu are o obliga\u021bie s\u0103-\u0219i pun\u0103 curul la b\u0103taie pentru Ucraina \u00een orice condi\u021bii, e o treab\u0103 de merit.<br \/>Dar nu, gargar\u0103 aiurea doar. <br \/><br \/>\u0218i  mi-a pl\u0103cut schema ungurilor. Gen , b\u0103b\u0103ie\u021bi, p\u0103i voi ave\u021bi bani pe la noi \u0219i face\u021bi pula mare pe internet. Ia gata, la loc comanda. KONTROL. <\/p>\n\n\n\n<p>\u00cemi aduce aminte de ni\u0219te vremuri nepovestibile c\u00e2nd cineva a avut de-a face cu un altcineva de origine slav\u0103, dup\u0103 ce al doilea cineva fusese un pic \u00eenc\u0103l\u021bat de o sum\u0103, nu traduc cuvintele. <\/p>\n\n\n\n<p>Al doilea cineva f\u0103cea spume c\u0103 \u201ddac\u0103 nu &#8230;\u201d, \u00ee\u021bi trimit imediat \u201d2 luneti\u0219ti la u\u0219\u0103\u201d. Iar omul meu calm l-a \u00eentrebat, de ce e nevoie s\u0103 vin\u0103 la u\u0219\u0103 dac\u0103-s luneti\u0219ti \u0219i de ce doi, sunt incompeten\u021bi?<\/p>\n\n\n\n<p>Interesant e c\u0103 a trimis, nu luneti\u0219ti \u0219i nu doi, dar a trimis \u0219i nu l-a ajutat la nimic, c\u0103 nici modelul romulan nu e neap\u0103rat prea civilizat.<br \/><\/p>\n\n\n\n<figure class=\"wp-block-image size-full\"><img loading=\"lazy\" decoding=\"async\" width=\"875\" height=\"795\" data-attachment-id=\"35685\" data-permalink=\"https:\/\/catalinx.ro\/wordpress\/?attachment_id=35685#main\" data-orig-file=\"https:\/\/catalinx.ro\/wordpress\/wp-content\/uploads\/2026\/03\/image-35.png\" data-orig-size=\"875,795\" data-comments-opened=\"1\" data-image-meta=\"{&quot;aperture&quot;:&quot;0&quot;,&quot;credit&quot;:&quot;&quot;,&quot;camera&quot;:&quot;&quot;,&quot;caption&quot;:&quot;&quot;,&quot;created_timestamp&quot;:&quot;0&quot;,&quot;copyright&quot;:&quot;&quot;,&quot;focal_length&quot;:&quot;0&quot;,&quot;iso&quot;:&quot;0&quot;,&quot;shutter_speed&quot;:&quot;0&quot;,&quot;title&quot;:&quot;&quot;,&quot;orientation&quot;:&quot;0&quot;}\" data-image-title=\"image\" data-image-description=\"\" data-image-caption=\"\" data-medium-file=\"https:\/\/catalinx.ro\/wordpress\/wp-content\/uploads\/2026\/03\/image-35-480x436.png\" data-large-file=\"https:\/\/catalinx.ro\/wordpress\/wp-content\/uploads\/2026\/03\/image-35.png\" src=\"https:\/\/catalinx.ro\/wordpress\/wp-content\/uploads\/2026\/03\/image-35.png\" alt=\"\" class=\"wp-image-35685\" srcset=\"https:\/\/catalinx.ro\/wordpress\/wp-content\/uploads\/2026\/03\/image-35.png 875w, https:\/\/catalinx.ro\/wordpress\/wp-content\/uploads\/2026\/03\/image-35-480x436.png 480w, https:\/\/catalinx.ro\/wordpress\/wp-content\/uploads\/2026\/03\/image-35-200x182.png 200w, https:\/\/catalinx.ro\/wordpress\/wp-content\/uploads\/2026\/03\/image-35-768x698.png 768w\" sizes=\"auto, (max-width: 875px) 100vw, 875px\" \/><\/figure>\n\n\n\n<p><\/p>\n","protected":false},"excerpt":{"rendered":"<p>Dezam\u0103git de r\u0103spunsul UE ca mereu. La ce pula mea te declari \u0219coal\u0103 pe gararologie, diploma\u021bie dac\u0103 tot ce po\u021bi s\u0103 faci e s\u0103 spui&hellip;<\/p>\n","protected":false},"author":2,"featured_media":11650,"comment_status":"open","ping_status":"open","sticky":false,"template":"","format":"standard","meta":{"jetpack_post_was_ever_published":false,"_jetpack_newsletter_access":"","_jetpack_dont_email_post_to_subs":false,"_jetpack_newsletter_tier_id":0,"_jetpack_memberships_contains_paywalled_content":false,"_jetpack_memberships_contains_paid_content":false,"footnotes":"","jetpack_publicize_message":"","jetpack_publicize_feature_enabled":true,"jetpack_social_post_already_shared":true,"jetpack_social_options":{"image_generator_settings":{"template":"highway","default_image_id":0,"font":"","enabled":false},"version":2}},"categories":[1],"tags":[],"class_list":["post-35683","post","type-post","status-publish","format-standard","has-post-thumbnail","hentry","category-uncategorized"],"views":294,"jetpack_publicize_connections":[],"jetpack_featured_media_url":"https:\/\/catalinx.ro\/wordpress\/wp-content\/uploads\/2018\/05\/thuglife.jpg","jetpack_sharing_enabled":true,"jetpack_shortlink":"https:\/\/wp.me\/p4Eq23-9hx","jetpack-related-posts":[],"_links":{"self":[{"href":"https:\/\/catalinx.ro\/wordpress\/index.php?rest_route=\/wp\/v2\/posts\/35683","targetHints":{"allow":["GET"]}}],"collection":[{"href":"https:\/\/catalinx.ro\/wordpress\/index.php?rest_route=\/wp\/v2\/posts"}],"about":[{"href":"https:\/\/catalinx.ro\/wordpress\/index.php?rest_route=\/wp\/v2\/types\/post"}],"author":[{"embeddable":true,"href":"https:\/\/catalinx.ro\/wordpress\/index.php?rest_route=\/wp\/v2\/users\/2"}],"replies":[{"embeddable":true,"href":"https:\/\/catalinx.ro\/wordpress\/index.php?rest_route=%2Fwp%2Fv2%2Fcomments&post=35683"}],"version-history":[{"count":1,"href":"https:\/\/catalinx.ro\/wordpress\/index.php?rest_route=\/wp\/v2\/posts\/35683\/revisions"}],"predecessor-version":[{"id":35686,"href":"https:\/\/catalinx.ro\/wordpress\/index.php?rest_route=\/wp\/v2\/posts\/35683\/revisions\/35686"}],"wp:featuredmedia":[{"embeddable":true,"href":"https:\/\/catalinx.ro\/wordpress\/index.php?rest_route=\/wp\/v2\/media\/11650"}],"wp:attachment":[{"href":"https:\/\/catalinx.ro\/wordpress\/index.php?rest_route=%2Fwp%2Fv2%2Fmedia&parent=35683"}],"wp:term":[{"taxonomy":"category","embeddable":true,"href":"https:\/\/catalinx.ro\/wordpress\/index.php?rest_route=%2Fwp%2Fv2%2Fcategories&post=35683"},{"taxonomy":"post_tag","embeddable":true,"href":"https:\/\/catalinx.ro\/wordpress\/index.php?rest_route=%2Fwp%2Fv2%2Ftags&post=35683"}],"curies":[{"name":"wp","href":"https:\/\/api.w.org\/{rel}","templated":true}]}}