

{"id":35970,"date":"2026-04-27T02:23:54","date_gmt":"2026-04-27T01:23:54","guid":{"rendered":"https:\/\/catalinx.ro\/wordpress\/?p=35970"},"modified":"2026-04-27T09:06:05","modified_gmt":"2026-04-27T08:06:05","slug":"intr-o-lume-paralela-memento-mori","status":"publish","type":"post","link":"https:\/\/catalinx.ro\/wordpress\/?p=35970","title":{"rendered":"Intr-o lume paralel\u0103 \/ Memento Mori"},"content":{"rendered":"<div id=\"fb-root\"><\/div>\n\n<p>\u00centr-o lume paralel\u0103&nbsp; oamenii merg la cinematograf de mai multe ori s\u0103 vad\u0103 acela\u0219i film . In lumea aia , cinematografele sunt niste locuri mi\u0219to , curate, cu preturi accesibile , au Nacho\u0219i buni \u0219i filmele nu au jum\u0103tate de or\u0103 de reclame \u00eenainte s\u0103 \u00eenceap\u0103. <\/p>\n\n\n\n<p>In universul paralel in care tr\u0103iesc eu se \u00eent\u00e2mpl\u0103 pentru c\u0103 uit\u0103m ce le-am promis copiilor. <\/p>\n\n\n\n<p>\u00centr-o lume paralel\u0103 , oamenii nu uit\u0103 niciodat\u0103 nimic, cu siguran\u021b\u0103 nu uit\u0103 al\u021bi oameni, nu \u00eei \u0219terg din memoria lor complet dup\u0103 un num\u0103r de ani, care nu sunt chiar veacuri.<\/p>\n\n\n\n<p>Eu tr\u0103iesc \u00eentr-o poveste \u00een care ie\u0219ind de la filmul cu pricina am z\u00e2mbit, recunosc\u00e2nd dou\u0103 persoane importante, chiar \u0219i dup\u0103 ce timpul \u0219i-a f\u0103cut loc prin cr\u0103p\u0103turile vie\u021bilor lor, ca \u0219i prin cele alei mele.<\/p>\n\n\n\n<p>Se spune c\u0103 nu ne alegem rudele, c\u0103 p\u0103rin\u021bii \u0219i fra\u021bii ne sunt da\u021bi. Sigur, p\u0103rin\u021bii, dac\u0103 nu e\u0219ti adoptat, \u00ee\u021bi sunt da\u021bi, altfel ai putea s\u0103 \u021bi-i alegi, dac\u0103 nu cumva e\u0219ti v\u00e2ndut.&nbsp; \u0218i fra\u021bi po\u021bi primi cadou de la p\u0103rin\u021bi, dar altfel \u00ee\u021bi po\u021bi alege \u0219i al\u021bii. <\/p>\n\n\n\n<p>4 ani de liceu \u0219i par\u021bial ceva timp dup\u0103, am fost c\u00e2\u021biva colegi ca fra\u021bii. Apoi timpul \u0219i-a f\u0103cut loc, a creat distan\u021be \u0219i a ridicat \u00eentre noi culmi, ce ne umbresc orizonturile. <\/p>\n\n\n\n<p>\u00centr-o lume paralel\u0103, facultatea reprezint\u0103 cei mai frumo\u0219i ani, \u00een lumea \u00een care tr\u0103iesc eu , a fost liceul, anii de facultate au fost doar printre cei mai grei \u0219i ar fi posibil s\u0103 m\u0103 \u00eent\u00e2lnesc cu colegi \u0219i s\u0103 nu \u00eei mai cunosc. Cu aproape oricare.<\/p>\n\n\n\n<p>Sunt un om care nu prea \u021bin vii leg\u0103turile adic\u0103 nu m\u0103 lupt cu timpul, iar asta e o inten\u021bie, iar, \u00een universul \u0103sta, m\u0103 cost\u0103 viitorul \u0219i m\u0103 face s\u0103 \u00een\u021beleg lucruri interesante.<\/p>\n\n\n\n<p>Am z\u00e2mbit \u0219i am dat bun\u0103 ziua celor dou\u0103 persoane pe care le-am \u00eent\u00e2lnit, \u00eentreb\u00e2nd-o pe mama surorii mele din liceu, un pic st\u00e2njenit, c\u0103 \u00eemi era clar din privire c\u0103 nu \u0219tie cine sunt,\u00a0 &#8220;dac\u0103 e mama Cxxx&#8221;.<\/p>\n\n\n\n<p>Au trecut aproape 25 de ani de atunci \u0219i ne-am mai v\u0103zut o dat\u0103 la nunta fiicei ei.&nbsp; Nici pe C.&nbsp; nu am mai v\u0103zut-o de mai bine de 15 ani.&nbsp; <\/p>\n\n\n\n<p>Nu m\u0103 a\u0219teptam, dar via\u021ba este a\u0219a \u0219i de aia pedeapsa de \u00eenchisoare pe via\u021b\u0103 e de fapt limitat\u0103 la 25 de ani. <\/p>\n\n\n\n<p>Dup\u0103 at\u00e2ta timp nu te mai \u0219tie nimeni. Dac\u0103 mai e\u0219ti \u00een via\u021b\u0103, pentru oamenii cu care ai pierdut leg\u0103turile e\u0219ti o fantom\u0103.<\/p>\n\n\n\n<p>\u00centr-o lume paralel\u0103, c\u00e2nd vezi pe cineva dup\u0103 at\u00e2ta timp, te bucur\u0103 \u0219i \u00ee\u021bi manife\u0219ti bucuria s\u0103 revezi oamenii \u0103ia, dar atunci c\u00e2nd dou\u0103 lumi paralele se \u00eent\u00e2lnesc po\u021bi observa c\u0103, de partea cealalt\u0103 a realit\u0103\u021bii, tu nu exi\u0219ti \u0219i nici m\u0103car nu e vreun gol \u00een locul t\u0103u \u00een vreo poz\u0103. Timpul reface toate pozele \u0219i umple golurile cu nisip, p\u00e2n\u0103 c\u00e2nd r\u0103m\u00e2ne doar nisip.<\/p>\n\n\n\n<p>\u00centr-o lume paralel\u0103,&nbsp; a\u0219 fi cerut un num\u0103r de telefon sau ceva de la persoana comun apropiat\u0103, doar c\u0103 atunci c\u00e2nd nu mai exi\u0219ti, nu mai e nimic comun, sau apropiat. <\/p>\n\n\n\n<p>Realitatea \u00eemi arat\u0103 c\u0103 planul meu de a tr\u0103i o via\u021b\u0103 discret\u0103 sau o sut\u0103 de vie\u021bi discrete a func\u021bionat, dar pe undeva \u0219i \u00eempotriva mea. <\/p>\n\n\n\n<p><\/p>\n\n\n\n<p><\/p>\n","protected":false},"excerpt":{"rendered":"<p>\u00centr-o lume paralel\u0103&nbsp; oamenii merg la cinematograf de mai multe ori s\u0103 vad\u0103 acela\u0219i film . In lumea aia , cinematografele sunt niste locuri mi\u0219to&hellip;<\/p>\n","protected":false},"author":2,"featured_media":35969,"comment_status":"open","ping_status":"open","sticky":false,"template":"","format":"standard","meta":{"jetpack_post_was_ever_published":false,"_jetpack_newsletter_access":"","_jetpack_dont_email_post_to_subs":false,"_jetpack_newsletter_tier_id":0,"_jetpack_memberships_contains_paywalled_content":false,"_jetpack_memberships_contains_paid_content":false,"footnotes":"","jetpack_publicize_message":"","jetpack_publicize_feature_enabled":true,"jetpack_social_post_already_shared":true,"jetpack_social_options":{"image_generator_settings":{"template":"highway","default_image_id":0,"font":"","enabled":false},"version":2}},"categories":[614,571],"tags":[924],"class_list":["post-35970","post","type-post","status-publish","format-standard","has-post-thumbnail","hentry","category-bio","category-life-log","tag-amintiri"],"views":121,"jetpack_publicize_connections":[],"jetpack_featured_media_url":"https:\/\/catalinx.ro\/wordpress\/wp-content\/uploads\/2026\/04\/IMG-20260324-WA0000.jpg","jetpack_sharing_enabled":true,"jetpack_shortlink":"https:\/\/wp.me\/p4Eq23-9ma","jetpack-related-posts":[],"_links":{"self":[{"href":"https:\/\/catalinx.ro\/wordpress\/index.php?rest_route=\/wp\/v2\/posts\/35970","targetHints":{"allow":["GET"]}}],"collection":[{"href":"https:\/\/catalinx.ro\/wordpress\/index.php?rest_route=\/wp\/v2\/posts"}],"about":[{"href":"https:\/\/catalinx.ro\/wordpress\/index.php?rest_route=\/wp\/v2\/types\/post"}],"author":[{"embeddable":true,"href":"https:\/\/catalinx.ro\/wordpress\/index.php?rest_route=\/wp\/v2\/users\/2"}],"replies":[{"embeddable":true,"href":"https:\/\/catalinx.ro\/wordpress\/index.php?rest_route=%2Fwp%2Fv2%2Fcomments&post=35970"}],"version-history":[{"count":15,"href":"https:\/\/catalinx.ro\/wordpress\/index.php?rest_route=\/wp\/v2\/posts\/35970\/revisions"}],"predecessor-version":[{"id":36241,"href":"https:\/\/catalinx.ro\/wordpress\/index.php?rest_route=\/wp\/v2\/posts\/35970\/revisions\/36241"}],"wp:featuredmedia":[{"embeddable":true,"href":"https:\/\/catalinx.ro\/wordpress\/index.php?rest_route=\/wp\/v2\/media\/35969"}],"wp:attachment":[{"href":"https:\/\/catalinx.ro\/wordpress\/index.php?rest_route=%2Fwp%2Fv2%2Fmedia&parent=35970"}],"wp:term":[{"taxonomy":"category","embeddable":true,"href":"https:\/\/catalinx.ro\/wordpress\/index.php?rest_route=%2Fwp%2Fv2%2Fcategories&post=35970"},{"taxonomy":"post_tag","embeddable":true,"href":"https:\/\/catalinx.ro\/wordpress\/index.php?rest_route=%2Fwp%2Fv2%2Ftags&post=35970"}],"curies":[{"name":"wp","href":"https:\/\/api.w.org\/{rel}","templated":true}]}}