

{"id":36139,"date":"2026-04-25T02:02:00","date_gmt":"2026-04-25T01:02:00","guid":{"rendered":"https:\/\/catalinx.ro\/wordpress\/?p=36139"},"modified":"2026-04-24T15:50:38","modified_gmt":"2026-04-24T14:50:38","slug":"rogobetele-un-pesedist-sadea","status":"publish","type":"post","link":"https:\/\/catalinx.ro\/wordpress\/?p=36139","title":{"rendered":"Rogobetele &#8211; un  pesedist sadea"},"content":{"rendered":"<div id=\"fb-root\"><\/div>\n\n<p>Le zice alor lui a\u0219a: \u201d<a href=\"https:\/\/www.mediafax.ro\/politic\/ministrul-sanatatii-isi-cere-scuze-de-la-pacienti-sanatatea-nu-se-face-cu-mainile-goale-si-nici-cu-10-mai-putin-23723177\">Pentru prima dat\u0103 dup\u0103 Revolu\u021bie,<span style=\"text-decoration: underline;\"> <strong>vorbim<\/strong><\/span><strong> <\/strong>nu de unul, nu de dou\u0103, de dou\u0103zeci\u0219idou\u0103 de spitale nou construite<\/a>\u201d. A se remarca c\u0103 accentul ar trebio s\u0103 fie pe vorbim, nu pe nou construite, c\u0103 ele nu exist\u0103. <br \/><\/p>\n\n\n\n<p>\u0218i e minciun\u0103 c\u0103 \u201dpentru prima dat\u0103\u201d  c\u0103 de minim 10 ani, dac\u0103 nu mai mult, vorbim de ele, ca \u0219i c\u00e2nd am ar fi \u00een camer\u0103 cu noi, sau am fi noi to\u021bi interna\u021bi de nebuni la ele.  <br \/><\/p>\n\n\n\n<figure class=\"wp-block-image size-full\"><img loading=\"lazy\" decoding=\"async\" width=\"556\" height=\"333\" data-attachment-id=\"36141\" data-permalink=\"https:\/\/catalinx.ro\/wordpress\/?attachment_id=36141#main\" data-orig-file=\"https:\/\/catalinx.ro\/wordpress\/wp-content\/uploads\/2026\/04\/image-38.png\" data-orig-size=\"556,333\" data-comments-opened=\"1\" data-image-meta=\"{&quot;aperture&quot;:&quot;0&quot;,&quot;credit&quot;:&quot;&quot;,&quot;camera&quot;:&quot;&quot;,&quot;caption&quot;:&quot;&quot;,&quot;created_timestamp&quot;:&quot;0&quot;,&quot;copyright&quot;:&quot;&quot;,&quot;focal_length&quot;:&quot;0&quot;,&quot;iso&quot;:&quot;0&quot;,&quot;shutter_speed&quot;:&quot;0&quot;,&quot;title&quot;:&quot;&quot;,&quot;orientation&quot;:&quot;0&quot;}\" data-image-title=\"image\" data-image-description=\"\" data-image-caption=\"\" data-medium-file=\"https:\/\/catalinx.ro\/wordpress\/wp-content\/uploads\/2026\/04\/image-38-480x287.png\" data-large-file=\"https:\/\/catalinx.ro\/wordpress\/wp-content\/uploads\/2026\/04\/image-38.png\" src=\"https:\/\/catalinx.ro\/wordpress\/wp-content\/uploads\/2026\/04\/image-38.png\" alt=\"\" class=\"wp-image-36141\" srcset=\"https:\/\/catalinx.ro\/wordpress\/wp-content\/uploads\/2026\/04\/image-38.png 556w, https:\/\/catalinx.ro\/wordpress\/wp-content\/uploads\/2026\/04\/image-38-480x287.png 480w, https:\/\/catalinx.ro\/wordpress\/wp-content\/uploads\/2026\/04\/image-38-200x120.png 200w\" sizes=\"auto, (max-width: 556px) 100vw, 556px\" \/><\/figure>\n\n\n\n<p>\u0218i continu\u0103 cu \u201dunul din ele a fost deja dat \u00een folosin\u021b\u0103, deci nu e o promisiune e un fapt\u201d. <br \/>Aici mi s-a rupt filmul c\u0103 m-am c\u0103utat prin buzunare &#8211; gen care ?<\/p>\n\n\n\n<p>Se pare c\u0103 e<a href=\"https:\/\/www.news.ro\/social\/ministrul-sanatatii-reusit-anul-trecut-finalizam-dam-folosinta-primul-corp-spital-judetean-construit-dupa-revolutie-22-santiere-spitale-romania-cativa-ani-1922400902002026022022332409\"> un corp de spital jude\u021bean nou de la Bistri\u021ba ?<\/a><a href=\"https:\/\/sjub.ro\/a-fost-inaugurat-noul-pavilion-al-spitalului-clinic-judetean-de-urgenta-bistrita-construit-prin-pnrr\/\"> \u0102sta? <\/a><br \/><\/p>\n\n\n\n<p>C\u0103 altul n-are care.  Ori minte ca o gazet\u0103, ori \u0219tie el ceva ce nu \u0219tiu eu.  C\u0103 \u0103la nu e un spital nou, e un pavilion, un corp, dar, \u00een fine. Treac\u0103 mearg\u0103. <br \/>Vorbim , f\u0103r\u0103 s\u0103 fie clar ce \u0219i cum de 1\/22. <br \/><br \/><\/p>\n\n\n\n<figure class=\"wp-block-image size-full\"><img loading=\"lazy\" decoding=\"async\" width=\"789\" height=\"350\" data-attachment-id=\"36142\" data-permalink=\"https:\/\/catalinx.ro\/wordpress\/?attachment_id=36142#main\" data-orig-file=\"https:\/\/catalinx.ro\/wordpress\/wp-content\/uploads\/2026\/04\/image-39.png\" data-orig-size=\"789,350\" data-comments-opened=\"1\" data-image-meta=\"{&quot;aperture&quot;:&quot;0&quot;,&quot;credit&quot;:&quot;&quot;,&quot;camera&quot;:&quot;&quot;,&quot;caption&quot;:&quot;&quot;,&quot;created_timestamp&quot;:&quot;0&quot;,&quot;copyright&quot;:&quot;&quot;,&quot;focal_length&quot;:&quot;0&quot;,&quot;iso&quot;:&quot;0&quot;,&quot;shutter_speed&quot;:&quot;0&quot;,&quot;title&quot;:&quot;&quot;,&quot;orientation&quot;:&quot;0&quot;}\" data-image-title=\"image\" data-image-description=\"\" data-image-caption=\"\" data-medium-file=\"https:\/\/catalinx.ro\/wordpress\/wp-content\/uploads\/2026\/04\/image-39-480x213.png\" data-large-file=\"https:\/\/catalinx.ro\/wordpress\/wp-content\/uploads\/2026\/04\/image-39.png\" src=\"https:\/\/catalinx.ro\/wordpress\/wp-content\/uploads\/2026\/04\/image-39.png\" alt=\"\" class=\"wp-image-36142\" srcset=\"https:\/\/catalinx.ro\/wordpress\/wp-content\/uploads\/2026\/04\/image-39.png 789w, https:\/\/catalinx.ro\/wordpress\/wp-content\/uploads\/2026\/04\/image-39-480x213.png 480w, https:\/\/catalinx.ro\/wordpress\/wp-content\/uploads\/2026\/04\/image-39-200x89.png 200w, https:\/\/catalinx.ro\/wordpress\/wp-content\/uploads\/2026\/04\/image-39-768x341.png 768w\" sizes=\"auto, (max-width: 789px) 100vw, 789px\" \/><\/figure>\n\n\n\n<p>Au f\u0103cut tantile de la \u201dD\u0103ruie\u0219te Via\u021b\u0103\u201d mai repede un spital nou \u0219i av\u00e2nd <strong>opozi\u021bie <\/strong> de la pesedei.<br \/><br \/>\u0218i bomboana dupe coliv\u0103, a\u0219a de plecare, mai d\u0103 ni\u0219te interviuri la presa curioas\u0103 &#8211; \u0219i pl\u0103tit\u0103 desigur, \u00een care lanseaz\u0103 fitile cu \u0219oc \u0219i groaz\u0103 &#8211; \u201d<a href=\"https:\/\/www.digi24.ro\/stiri\/actualitate\/sanatate\/rogobete-lanseaza-acuzatii-grave-chimioterapice-furate-de-la-institutul-oncologic-si-duse-la-spitalele-private-3743237\">acuza\u021bii grave<\/a>\u201d.  Nu, b\u0103! Nu acuma, c\u00e2nd erai ministru erau bune astea. Acuma, las\u0103 &#8211; pred\u0103 informa\u021biile la urm\u0103torul \u0219i  mar\u0219 la c\u0103cat, c\u0103 nu te-a dat nimeni afar\u0103 s\u0103 zici c\u0103 n-ai apucat, sau ai fost oprimat. Te-au scos ai t\u0103i la offside. <br \/><\/p>\n\n\n\n<figure class=\"wp-block-image size-full\"><img loading=\"lazy\" decoding=\"async\" width=\"1210\" height=\"788\" data-attachment-id=\"36196\" data-permalink=\"https:\/\/catalinx.ro\/wordpress\/?attachment_id=36196#main\" data-orig-file=\"https:\/\/catalinx.ro\/wordpress\/wp-content\/uploads\/2026\/04\/image-55.png\" data-orig-size=\"1210,788\" data-comments-opened=\"1\" data-image-meta=\"{&quot;aperture&quot;:&quot;0&quot;,&quot;credit&quot;:&quot;&quot;,&quot;camera&quot;:&quot;&quot;,&quot;caption&quot;:&quot;&quot;,&quot;created_timestamp&quot;:&quot;0&quot;,&quot;copyright&quot;:&quot;&quot;,&quot;focal_length&quot;:&quot;0&quot;,&quot;iso&quot;:&quot;0&quot;,&quot;shutter_speed&quot;:&quot;0&quot;,&quot;title&quot;:&quot;&quot;,&quot;orientation&quot;:&quot;0&quot;}\" data-image-title=\"image\" data-image-description=\"\" data-image-caption=\"\" data-medium-file=\"https:\/\/catalinx.ro\/wordpress\/wp-content\/uploads\/2026\/04\/image-55-480x313.png\" data-large-file=\"https:\/\/catalinx.ro\/wordpress\/wp-content\/uploads\/2026\/04\/image-55.png\" src=\"https:\/\/catalinx.ro\/wordpress\/wp-content\/uploads\/2026\/04\/image-55.png\" alt=\"\" class=\"wp-image-36196\" srcset=\"https:\/\/catalinx.ro\/wordpress\/wp-content\/uploads\/2026\/04\/image-55.png 1210w, https:\/\/catalinx.ro\/wordpress\/wp-content\/uploads\/2026\/04\/image-55-480x313.png 480w, https:\/\/catalinx.ro\/wordpress\/wp-content\/uploads\/2026\/04\/image-55-200x130.png 200w, https:\/\/catalinx.ro\/wordpress\/wp-content\/uploads\/2026\/04\/image-55-768x500.png 768w\" sizes=\"auto, (max-width: 1210px) 100vw, 1210px\" \/><\/figure>\n\n\n\n<p>#Japi\u021b\u0103. <br \/>Sper s\u0103 plece cu Bolojan cu tot. Am scris articolul \u0103sta mai devreme, dar mi-e clar c\u0103 nu se \u00eent\u00e2mpl\u0103 mare lucru, dec\u00e2t injurii \u0219i flegme, p\u00e2n\u0103 \u00een weekend c\u0103 n-are ce. <br \/><\/p>\n","protected":false},"excerpt":{"rendered":"<p>Le zice alor lui a\u0219a: \u201dPentru prima dat\u0103 dup\u0103 Revolu\u021bie, vorbim nu de unul, nu de dou\u0103, de dou\u0103zeci\u0219idou\u0103 de spitale nou construite\u201d. A se&hellip;<\/p>\n","protected":false},"author":2,"featured_media":36140,"comment_status":"open","ping_status":"open","sticky":false,"template":"","format":"standard","meta":{"jetpack_post_was_ever_published":false,"_jetpack_newsletter_access":"","_jetpack_dont_email_post_to_subs":false,"_jetpack_newsletter_tier_id":0,"_jetpack_memberships_contains_paywalled_content":false,"_jetpack_memberships_contains_paid_content":false,"footnotes":"","jetpack_publicize_message":"","jetpack_publicize_feature_enabled":true,"jetpack_social_post_already_shared":true,"jetpack_social_options":{"image_generator_settings":{"template":"highway","default_image_id":0,"font":"","enabled":false},"version":2}},"categories":[170],"tags":[7172,7171],"class_list":["post-36139","post","type-post","status-publish","format-standard","has-post-thumbnail","hentry","category-politice","tag-pesedisti-pesedind","tag-rogobete"],"views":50,"jetpack_publicize_connections":[],"jetpack_featured_media_url":"https:\/\/catalinx.ro\/wordpress\/wp-content\/uploads\/2026\/04\/image-37.png","jetpack_sharing_enabled":true,"jetpack_shortlink":"https:\/\/wp.me\/p4Eq23-9oT","jetpack-related-posts":[],"_links":{"self":[{"href":"https:\/\/catalinx.ro\/wordpress\/index.php?rest_route=\/wp\/v2\/posts\/36139","targetHints":{"allow":["GET"]}}],"collection":[{"href":"https:\/\/catalinx.ro\/wordpress\/index.php?rest_route=\/wp\/v2\/posts"}],"about":[{"href":"https:\/\/catalinx.ro\/wordpress\/index.php?rest_route=\/wp\/v2\/types\/post"}],"author":[{"embeddable":true,"href":"https:\/\/catalinx.ro\/wordpress\/index.php?rest_route=\/wp\/v2\/users\/2"}],"replies":[{"embeddable":true,"href":"https:\/\/catalinx.ro\/wordpress\/index.php?rest_route=%2Fwp%2Fv2%2Fcomments&post=36139"}],"version-history":[{"count":3,"href":"https:\/\/catalinx.ro\/wordpress\/index.php?rest_route=\/wp\/v2\/posts\/36139\/revisions"}],"predecessor-version":[{"id":36197,"href":"https:\/\/catalinx.ro\/wordpress\/index.php?rest_route=\/wp\/v2\/posts\/36139\/revisions\/36197"}],"wp:featuredmedia":[{"embeddable":true,"href":"https:\/\/catalinx.ro\/wordpress\/index.php?rest_route=\/wp\/v2\/media\/36140"}],"wp:attachment":[{"href":"https:\/\/catalinx.ro\/wordpress\/index.php?rest_route=%2Fwp%2Fv2%2Fmedia&parent=36139"}],"wp:term":[{"taxonomy":"category","embeddable":true,"href":"https:\/\/catalinx.ro\/wordpress\/index.php?rest_route=%2Fwp%2Fv2%2Fcategories&post=36139"},{"taxonomy":"post_tag","embeddable":true,"href":"https:\/\/catalinx.ro\/wordpress\/index.php?rest_route=%2Fwp%2Fv2%2Ftags&post=36139"}],"curies":[{"name":"wp","href":"https:\/\/api.w.org\/{rel}","templated":true}]}}