

{"id":36299,"date":"2026-05-01T06:16:00","date_gmt":"2026-05-01T05:16:00","guid":{"rendered":"https:\/\/catalinx.ro\/wordpress\/?p=36299"},"modified":"2026-04-30T10:24:01","modified_gmt":"2026-04-30T09:24:01","slug":"bolojan-ca-un-golan","status":"publish","type":"post","link":"https:\/\/catalinx.ro\/wordpress\/?p=36299","title":{"rendered":"Bolojan, ca un golan"},"content":{"rendered":"<div id=\"fb-root\"><\/div>\n\n<p>Trage tare de volan. Nu st\u00e2nga sau dreapta, ci \u00eenspre el. Mai e un pic \u0219i sar \u0219i airbagurile, doamne ajut\u0103. <\/p>\n\n\n\n<p>I-auz-o <a href=\"https:\/\/www.mediafax.ro\/politic\/acuzatiile-lui-ilie-bolojan-despre-banii-din-energie-care-ajung-in-facturile-romanilor-bonusuri-de-180-000-de-euro-si-investitii-zero-23728927\">p-asta. <\/a><\/p>\n\n\n\n<figure class=\"wp-block-image size-full\"><img loading=\"lazy\" decoding=\"async\" width=\"976\" height=\"223\" data-attachment-id=\"36300\" data-permalink=\"https:\/\/catalinx.ro\/wordpress\/?attachment_id=36300#main\" data-orig-file=\"https:\/\/catalinx.ro\/wordpress\/wp-content\/uploads\/2026\/04\/image-81.png\" data-orig-size=\"976,223\" data-comments-opened=\"1\" data-image-meta=\"{&quot;aperture&quot;:&quot;0&quot;,&quot;credit&quot;:&quot;&quot;,&quot;camera&quot;:&quot;&quot;,&quot;caption&quot;:&quot;&quot;,&quot;created_timestamp&quot;:&quot;0&quot;,&quot;copyright&quot;:&quot;&quot;,&quot;focal_length&quot;:&quot;0&quot;,&quot;iso&quot;:&quot;0&quot;,&quot;shutter_speed&quot;:&quot;0&quot;,&quot;title&quot;:&quot;&quot;,&quot;orientation&quot;:&quot;0&quot;}\" data-image-title=\"image\" data-image-description=\"\" data-image-caption=\"\" data-large-file=\"https:\/\/catalinx.ro\/wordpress\/wp-content\/uploads\/2026\/04\/image-81.png\" src=\"https:\/\/catalinx.ro\/wordpress\/wp-content\/uploads\/2026\/04\/image-81.png\" alt=\"\" class=\"wp-image-36300\" srcset=\"https:\/\/catalinx.ro\/wordpress\/wp-content\/uploads\/2026\/04\/image-81.png 976w, https:\/\/catalinx.ro\/wordpress\/wp-content\/uploads\/2026\/04\/image-81-480x110.png 480w, https:\/\/catalinx.ro\/wordpress\/wp-content\/uploads\/2026\/04\/image-81-200x46.png 200w, https:\/\/catalinx.ro\/wordpress\/wp-content\/uploads\/2026\/04\/image-81-768x175.png 768w\" sizes=\"auto, (max-width: 976px) 100vw, 976px\" \/><\/figure>\n\n\n\n<p>\u00cei critic\u0103 pe directorii de la Hidroelectrica c\u0103 n-au f\u0103cut investi\u021bii. <br \/>\u00cen acela\u0219i timp statul &#8211; al c\u0103rui reprezentant este, cunoscut sub numele de Ilie S\u0103r\u0103cie, \u201dT\u0103ieri\u201d, \u0219i \u201dstr\u00e2nge bani\u201d,  a impus companiei &#8211; c\u0103 are 80% din drepturile de vot &#8211;<a href=\"https:\/\/economedia.ro\/statul-seaca-hidroelectrica-de-bani-actionarii-sunt-convocati-sa-distribuie-dividende-speciale-de-un-miliard-de-lei-pe-langa-cele-33-miliarde-impartite-anul-trecut-statul-cel-m.html\"> s\u0103 distribuie gr\u0103mad\u0103 din profit, c\u0103 statul are nevoie de bani. <\/a> Sigur, ministrul energiei a fost de la PSD &#8211; Ivan, ultima perioad\u0103.  E OK, \u0219i Burduja de la penelei a f\u0103cut la fel. <\/p>\n\n\n\n<figure class=\"wp-block-image size-full\"><img loading=\"lazy\" decoding=\"async\" width=\"1057\" height=\"363\" data-attachment-id=\"36301\" data-permalink=\"https:\/\/catalinx.ro\/wordpress\/?attachment_id=36301#main\" data-orig-file=\"https:\/\/catalinx.ro\/wordpress\/wp-content\/uploads\/2026\/04\/image-82.png\" data-orig-size=\"1057,363\" data-comments-opened=\"1\" data-image-meta=\"{&quot;aperture&quot;:&quot;0&quot;,&quot;credit&quot;:&quot;&quot;,&quot;camera&quot;:&quot;&quot;,&quot;caption&quot;:&quot;&quot;,&quot;created_timestamp&quot;:&quot;0&quot;,&quot;copyright&quot;:&quot;&quot;,&quot;focal_length&quot;:&quot;0&quot;,&quot;iso&quot;:&quot;0&quot;,&quot;shutter_speed&quot;:&quot;0&quot;,&quot;title&quot;:&quot;&quot;,&quot;orientation&quot;:&quot;0&quot;}\" data-image-title=\"image\" data-image-description=\"\" data-image-caption=\"\" data-large-file=\"https:\/\/catalinx.ro\/wordpress\/wp-content\/uploads\/2026\/04\/image-82.png\" src=\"https:\/\/catalinx.ro\/wordpress\/wp-content\/uploads\/2026\/04\/image-82.png\" alt=\"\" class=\"wp-image-36301\" srcset=\"https:\/\/catalinx.ro\/wordpress\/wp-content\/uploads\/2026\/04\/image-82.png 1057w, https:\/\/catalinx.ro\/wordpress\/wp-content\/uploads\/2026\/04\/image-82-480x165.png 480w, https:\/\/catalinx.ro\/wordpress\/wp-content\/uploads\/2026\/04\/image-82-200x69.png 200w, https:\/\/catalinx.ro\/wordpress\/wp-content\/uploads\/2026\/04\/image-82-768x264.png 768w\" sizes=\"auto, (max-width: 1057px) 100vw, 1057px\" \/><\/figure>\n\n\n\n<p>Harneal\u0103 politic\u0103 de campanie.<\/p>\n","protected":false},"excerpt":{"rendered":"<p>Trage tare de volan. Nu st\u00e2nga sau dreapta, ci \u00eenspre el. Mai e un pic \u0219i sar \u0219i airbagurile, doamne ajut\u0103. I-auz-o p-asta. \u00cei critic\u0103&hellip;<\/p>\n","protected":false},"author":2,"featured_media":15907,"comment_status":"open","ping_status":"open","sticky":false,"template":"","format":"standard","meta":{"jetpack_post_was_ever_published":false,"_jetpack_newsletter_access":"","_jetpack_dont_email_post_to_subs":false,"_jetpack_newsletter_tier_id":0,"_jetpack_memberships_contains_paywalled_content":false,"_jetpack_memberships_contains_paid_content":false,"footnotes":"","jetpack_publicize_message":"","jetpack_publicize_feature_enabled":true,"jetpack_social_post_already_shared":true,"jetpack_social_options":{"image_generator_settings":{"template":"highway","default_image_id":0,"font":"","enabled":false},"version":2}},"categories":[170],"tags":[7169],"class_list":["post-36299","post","type-post","status-publish","format-standard","has-post-thumbnail","hentry","category-politice","tag-bolojan"],"views":140,"jetpack_publicize_connections":[],"jetpack_featured_media_url":"https:\/\/catalinx.ro\/wordpress\/wp-content\/uploads\/2019\/08\/caution-tank-contains-political-promises-noticed-this-truck-on-the-3034254.png","jetpack_sharing_enabled":true,"jetpack_shortlink":"https:\/\/wp.me\/p4Eq23-9rt","jetpack-related-posts":[],"_links":{"self":[{"href":"https:\/\/catalinx.ro\/wordpress\/index.php?rest_route=\/wp\/v2\/posts\/36299","targetHints":{"allow":["GET"]}}],"collection":[{"href":"https:\/\/catalinx.ro\/wordpress\/index.php?rest_route=\/wp\/v2\/posts"}],"about":[{"href":"https:\/\/catalinx.ro\/wordpress\/index.php?rest_route=\/wp\/v2\/types\/post"}],"author":[{"embeddable":true,"href":"https:\/\/catalinx.ro\/wordpress\/index.php?rest_route=\/wp\/v2\/users\/2"}],"replies":[{"embeddable":true,"href":"https:\/\/catalinx.ro\/wordpress\/index.php?rest_route=%2Fwp%2Fv2%2Fcomments&post=36299"}],"version-history":[{"count":2,"href":"https:\/\/catalinx.ro\/wordpress\/index.php?rest_route=\/wp\/v2\/posts\/36299\/revisions"}],"predecessor-version":[{"id":36303,"href":"https:\/\/catalinx.ro\/wordpress\/index.php?rest_route=\/wp\/v2\/posts\/36299\/revisions\/36303"}],"wp:featuredmedia":[{"embeddable":true,"href":"https:\/\/catalinx.ro\/wordpress\/index.php?rest_route=\/wp\/v2\/media\/15907"}],"wp:attachment":[{"href":"https:\/\/catalinx.ro\/wordpress\/index.php?rest_route=%2Fwp%2Fv2%2Fmedia&parent=36299"}],"wp:term":[{"taxonomy":"category","embeddable":true,"href":"https:\/\/catalinx.ro\/wordpress\/index.php?rest_route=%2Fwp%2Fv2%2Fcategories&post=36299"},{"taxonomy":"post_tag","embeddable":true,"href":"https:\/\/catalinx.ro\/wordpress\/index.php?rest_route=%2Fwp%2Fv2%2Ftags&post=36299"}],"curies":[{"name":"wp","href":"https:\/\/api.w.org\/{rel}","templated":true}]}}