

{"id":37696,"date":"2026-09-02T02:13:00","date_gmt":"2026-09-02T01:13:00","guid":{"rendered":"https:\/\/catalinx.ro\/wordpress\/?p=37696"},"modified":"2026-07-30T10:49:58","modified_gmt":"2026-07-30T09:49:58","slug":"rabla-scutul-metalic-jurnal-de-iulie","status":"publish","type":"post","link":"https:\/\/catalinx.ro\/wordpress\/?p=37696","title":{"rendered":"Rabla: Scutul metalic . #jurnal de iulie"},"content":{"rendered":"<div id=\"fb-root\"><\/div>\n\n<p class=\"wp-block-paragraph\">Da, \u0219tiu &#8211; e septembrie, dar tu \u0219tii bancul cu scuturi?<br \/>E tot cu vechea rabl\u0103, aia care-mi place, aia de interven\u021bii.<br \/>Am decis io odat\u0103 s\u0103 pun scut metalic, c\u0103 e bun pe unde mai intru eu <strong>\u0219i a fost bun<\/strong>, dar nu chiar at\u00e2t de bun. <br \/>\u00cen sensul c\u0103 a fost \u0219i r\u0103u, pentru c\u0103 scutul \u0103la nu e \u201dde acolo\u201d \u0219i modific\u0103rile au avut impact negativ. <br \/>Primul a fost acumularea de ap\u0103 \u0219i umiditate care au corodat doi supor\u021bi de radiator. I-am \u00eenlocuit. ETA 4-5 ani p\u00e2n\u0103 la urm\u0103toarea \u00eenlocuire, dac\u0103 s-or mai g\u0103si. Cel\u0103lalt impact negativ colateral a fost c\u0103 prinderea s-a f\u0103cut cu suruburi autoforante \u00een lonjeroane. Extraordinar\u0103 idee, at\u00e2ta c\u0103 scutul vine \u0219i peste bu\u0219onul de golire a uleiului \u0219i scutul trebuie demontat la schimbul de ulei. Ori \u0219uruburile autoforante nu se mai re-\u00een\u0219urubeaz\u0103 a\u0219a str\u00e2ns, plus c\u0103 erau din \u0103lea de tabl\u0103 &#8211; montaj profesionist, am zis, care nu-s musai potrivite pentru mi\u0219c\u0103ri de torsiune \u0219i vibra\u021bii. <br \/>\u00cen spate a fost prins cu \u0219uruburi M8 sau M10 fixate \u00een g\u0103uri \u00een care se fixa scutul de plastic. <br \/>Treaba e c\u0103 st\u0103tea a\u0219a c\u0103scat. Pe-o parte. Asta c\u0103 poate se \u00eentreab\u0103 cineva c\u0103 ce tot bibilesc. Bibilesc, c\u0103 dac\u0103 faci \u201dmodific\u0103ri constructive\u201d, cum ar zice \u0103ia de la RAR,  au consecin\u021be neb\u0103nuite. Bine, eu b\u0103nuiam, dar na. <br \/><br \/>A\u0219a c\u0103 \u00een mai, am f\u0103cut eu \u201d<a href=\"https:\/\/www.youtube.com\/watch?v=KaHhecYOnw4\">o extorsiune<\/a> a unui degajament\u201d, folosind un soi de \u0219aib\u0103 lat\u0103 pe care am introdus-o \u00een lonjeron, \u00eentr-o gaur\u0103 din fabric\u0103 mai mare, cu un cap de \u0219urub \u00een ea, pe care l-am str\u00e2ns cu o piuli\u021b\u0103. Cum am zis  &#8211; \u201do extorsiune\u201d. Dar a mers. A mers dar pentru c\u0103 am str\u00e2ns prea tare, a forfecat autoforantul de pe dreapta ( cum te ui\u021bi normal din fa\u021ba ma\u0219inii) , c\u0103 era \u0219i sub\u021bire \u0219i material de mort\u0103ciune \u0219i nepotrivit pentru ce-am zis mai sus. <br \/>So\u021bia ( ea a condus ultima ma\u0219ina) mi-a ar\u0103tat cu degetul, a\u0219a c\u0103 m-am executat. M-am executat s\u0103-i ar\u0103t lui tata, c\u0103 el \u0219tie cu suduri. Bine, eu am zis s\u0103 mergem la un service, dar  el a mai avut \u201d\u00een service\u201d ( \u201dla un b\u0103eat, de fapt\u201d), o rabl\u0103 de vreun an s\u0103-i schimbe un prag, de fapt, \u00eenc\u0103 o are c\u0103 n-a terminat, a\u0219a c\u0103 am decis c\u0103 \u201dfacem noi\u201d. Adic\u0103 mai mult el.  <br \/>Sudat piuli\u021b\u0103 pe lonjeron \u00een dreptul g\u0103urii, \u00eenfiletat \u0219urub M10. <br \/>A mai r\u0103mas o cr\u0103p\u0103tur\u0103 mic\u0103. Repeat cu o piuli\u021b\u0103 mai \u00een fa\u021b\u0103, at\u00e2ta c\u0103 a r\u0103mas blocat \u00een ea \u0219urubul mai lung folosit pe post de ca s\u0103 \u021bin\u0103 piuli\u021ba aclan\u0219at\u0103 \u00een lonjeron \u0219i scutul dep\u0103rtat. Am \u00eencercat s\u0103-l desfacem cu cheie cu coad\u0103 mare de milioane de newtoni metri \u0219i s-a rupt normal. <br \/>Drept care #las-a\u0219ac\u0103merge-a\u0219a \u0219i \u201dnici nu trebuia s\u0103 fie a\u0219a de bine!\u201d c\u0103 nu mai st\u0103 nimeni de t\u0103iat sudura \u0219i sudat alt\u0103 piuli\u021b\u0103. Cred c\u0103 o s\u0103 stea, dar c\u00e2nd ajung la service propriu-zis. <br \/><\/p>\n\n\n\n<p class=\"wp-block-paragraph\"><em><strong>Not\u0103 paralel\u0103 cu subiectul:<\/strong> Am \u00eencercat de test s\u0103 scriu articolul \u0103sta cu un AI &#8211; Claude Opus 4.8 . I-am zis a\u0219a: B\u0103, vezi ce-am mai scris pe tem\u0103, pentru stil. Vezi ce am \u00eenregistrat audio, conversa\u021bia cu tata, vezi ce-am \u00eenregistrat video \u0219i vezi pozele \u0103stea. <br \/>Asta e tema, vreau jurnalizare, ideile principale, hai 400 de cuvinte repejor \u0219i vreau un cutscenes din filmele video, blur pe muie, blur pe num\u0103rul de \u00eenmatriculare, s\u0103 se vad\u0103 ce facem acolo scurt &#8211; munc\u0103 de documentare. Ore &#8211; ore a durat &#8211; textul este un c\u0103cat, nici exemplificativ nu public a\u0219a ceva, c\u00e2nd o s\u0103 citeasc\u0103 o s\u0103 fac\u0103 spume, lol &#8211; dar partea de editare video a f\u0103cut-o mai bine dec\u00e2t a\u0219 face-o eu, pentru c\u0103 eu sunt ciung pe video, drept care unde e meritul lui, jos p\u0103l\u0103ria. <br \/><br \/>A\u0219a c\u0103 mai jos vede\u021bi munca lui. <\/em><br \/><br \/><br \/><\/p>\n\n\n\n<figure class=\"wp-block-embed is-type-video is-provider-youtube wp-block-embed-youtube wp-embed-aspect-16-9 wp-has-aspect-ratio\"><div class=\"wp-block-embed__wrapper\">\n<span class=\"embed-youtube\" style=\"text-align:center; display: block;\"><iframe loading=\"lazy\" class=\"youtube-player\" width=\"758\" height=\"427\" src=\"https:\/\/www.youtube.com\/embed\/_fhZcQQv-J0?version=3&#038;rel=1&#038;showsearch=0&#038;showinfo=1&#038;iv_load_policy=1&#038;fs=1&#038;hl=en-US&#038;autohide=2&#038;wmode=transparent\" allowfullscreen=\"true\" style=\"border:0;\" sandbox=\"allow-scripts allow-same-origin allow-popups allow-presentation allow-popups-to-escape-sandbox\"><\/iframe><\/span>\n<\/div><\/figure>\n\n\n\n<p class=\"wp-block-paragraph\"><em><strong>P.S.<\/strong> Se vede un pic pe video. C\u00e2nd suda\u021bi pe sub ma\u0219ini, pe canicul\u0103 e bine s\u0103 ave\u021bi ni\u0219te ap\u0103 la voi. Bine, n-a\u0219 suda pe sub ma\u0219ini din \u0103stea noi pline de litiu p\u0103 peste tot, dar zic a\u0219a, gen eu am scos \u0219i borna la bateria de 12V &#8211; asta ca s\u0103 nu se desfut\u0103. <\/em><\/p>\n\n\n\n<p class=\"wp-block-paragraph\"><\/p>\n","protected":false},"excerpt":{"rendered":"<p>Da, \u0219tiu &#8211; e septembrie, dar tu \u0219tii bancul cu scuturi?E tot cu vechea rabl\u0103, aia care-mi place, aia de interven\u021bii.Am decis io odat\u0103 s\u0103&hellip;<\/p>\n","protected":false},"author":2,"featured_media":37697,"comment_status":"open","ping_status":"open","sticky":false,"template":"","format":"standard","meta":{"_jetpack_newsletter_access":"","_jetpack_dont_email_post_to_subs":false,"_jetpack_newsletter_tier_id":0,"_jetpack_memberships_contains_paywalled_content":false,"_jetpack_feature_clip_id":0,"_jetpack_memberships_contains_paid_content":false,"footnotes":"","jetpack_publicize_message":"","jetpack_publicize_feature_enabled":true,"jetpack_social_post_already_shared":true,"jetpack_social_options":{"image_generator_settings":{"template":"highway","default_image_id":0,"font":"","enabled":false},"version":2},"jetpack_post_was_ever_published":false},"categories":[104],"tags":[7479,5651,443,7478,442],"class_list":["post-37696","post","type-post","status-publish","format-standard","has-post-thumbnail","hentry","category-rabla","tag-bibileli","tag-hyundai-ix55","tag-ix55","tag-scut-metalic","tag-veracruz"],"views":19,"jetpack_publicize_connections":[],"jetpack_sharing_enabled":true,"jetpack_shortlink":"https:\/\/wp.me\/p4Eq23-9O0","jetpack-related-posts":[],"jetpack_featured_media_url":"https:\/\/catalinx.ro\/wordpress\/wp-content\/uploads\/2026\/07\/P_20260729_110723-scaled.jpg","_links":{"self":[{"href":"https:\/\/catalinx.ro\/wordpress\/index.php?rest_route=\/wp\/v2\/posts\/37696","targetHints":{"allow":["GET"]}}],"collection":[{"href":"https:\/\/catalinx.ro\/wordpress\/index.php?rest_route=\/wp\/v2\/posts"}],"about":[{"href":"https:\/\/catalinx.ro\/wordpress\/index.php?rest_route=\/wp\/v2\/types\/post"}],"author":[{"embeddable":true,"href":"https:\/\/catalinx.ro\/wordpress\/index.php?rest_route=\/wp\/v2\/users\/2"}],"replies":[{"embeddable":true,"href":"https:\/\/catalinx.ro\/wordpress\/index.php?rest_route=%2Fwp%2Fv2%2Fcomments&post=37696"}],"version-history":[{"count":1,"href":"https:\/\/catalinx.ro\/wordpress\/index.php?rest_route=\/wp\/v2\/posts\/37696\/revisions"}],"predecessor-version":[{"id":37699,"href":"https:\/\/catalinx.ro\/wordpress\/index.php?rest_route=\/wp\/v2\/posts\/37696\/revisions\/37699"}],"wp:featuredmedia":[{"embeddable":true,"href":"https:\/\/catalinx.ro\/wordpress\/index.php?rest_route=\/wp\/v2\/media\/37697"}],"wp:attachment":[{"href":"https:\/\/catalinx.ro\/wordpress\/index.php?rest_route=%2Fwp%2Fv2%2Fmedia&parent=37696"}],"wp:term":[{"taxonomy":"category","embeddable":true,"href":"https:\/\/catalinx.ro\/wordpress\/index.php?rest_route=%2Fwp%2Fv2%2Fcategories&post=37696"},{"taxonomy":"post_tag","embeddable":true,"href":"https:\/\/catalinx.ro\/wordpress\/index.php?rest_route=%2Fwp%2Fv2%2Ftags&post=37696"}],"curies":[{"name":"wp","href":"https:\/\/api.w.org\/{rel}","templated":true}]}}