

{"id":37771,"date":"2026-09-05T06:34:45","date_gmt":"2026-09-05T05:34:45","guid":{"rendered":"https:\/\/catalinx.ro\/wordpress\/?p=37771"},"modified":"2026-08-08T10:43:27","modified_gmt":"2026-08-08T09:43:27","slug":"autobuzar-de-ocazie-sa-nu-uit-de-unde-am-plecat","status":"publish","type":"post","link":"https:\/\/catalinx.ro\/wordpress\/?p=37771","title":{"rendered":"Autobuzar de ocazie &#8211; s\u0103 nu uit de unde am plecat"},"content":{"rendered":"<div id=\"fb-root\"><\/div>\n\n<p class=\"wp-block-paragraph\"><strong>Cuv\u00e2nt \u00eenainte<\/strong><\/p>\n\n\n\n<p class=\"wp-block-paragraph\">Eu c\u00e2nd am ajuns prima dat\u0103 \u00een \u021bara asta &#8211; cu munca, c\u0103 dracu ar fi venit aici ca\u00a0 turist, am luat-o de jos, ca orice rom\u00e2n salahor care se respect\u0103.\u00a0 690 de lire pe zi, dar salahor,\u00a0 cu zbor pe Luton\u00a0 cu Wizz , c\u0103 British era scump, cu autocarul National Express p\u00e2n\u0103 la Milton Keynes si de acolo, cu rata p\u00e2n\u0103 la Gara Oxford. \u0218i de acolo taxi, c\u0103 na, mergeam totu\u0219i la un birou unde \u0219tiau \u0103ia cu c\u00e2t m\u0103 pl\u0103tesc. Iar de locuit am locuit pe shared, ca orice lache flau\u0219at, \u00eentr-o camer\u0103 dintr-o cas\u0103 distrus\u0103, plin\u0103 de studen\u021bi fali\u021bi. OK, am f\u0103cut asta doar prima s\u0103pt\u0103m\u00e2n\u0103 timp de luni p\u00e2n\u0103 joi, dup\u0103 care mi-am luat ceva camer\u0103 de B&amp;B sau apartament, sau cas\u0103, cum se nimere, dar am inceput de jos \u0219i s\u0103 nu v\u0103 aud!\u00a0 <\/p>\n\n\n\n<p class=\"wp-block-paragraph\"><em>And I am not above that! <\/em><\/p>\n\n\n\n<p class=\"wp-block-paragraph\">***<\/p>\n\n\n\n<p class=\"wp-block-paragraph\">Eram p\u0103 plec\u0103toare in vacan\u021b\u0103 , din Bucure\u0219ti la\u00a0 Bridgetown &#8211; p\u0103 Barba\u00f1dos. Cu escal\u0103 la Londra. De 17 ore&#8230;<\/p>\n\n\n\n<p class=\"wp-block-paragraph\">Cred c\u0103 i se f\u0103cuse dor so\u021biei de cas\u0103, c\u0103 e vacan\u021ba ei, nu am comentat.<\/p>\n\n\n\n<p class=\"wp-block-paragraph\">Io am zis c\u00e2ndva la mi\u0219to c\u0103 s\u0103 lu\u0103m autocarul p\u00e2n\u0103 acas\u0103 , da in ziua faptei i-am propus s\u0103 rezervam un taxi, dar cic\u0103 nu, c\u0103 nu am fost niciodat\u0103 cu el \u0219i s\u0103 vedem cum e. <\/p>\n\n\n\n<p class=\"wp-block-paragraph\">Aha, s\u0103 vedem de unde \u00eel lu\u0103m, i-am zis eu lu @animaloo pe WhatsApp, c\u0103 \u0219tiam c\u0103 el a venit odat\u0103 la o bere din aeroport fix cu \u0103la.&nbsp; C\u0103 el nu mai \u0219tie, a \u00eentrebat \u00een aeroport. <\/p>\n\n\n\n<p class=\"wp-block-paragraph\">OK, noi nu, c\u0103 noi suntem localnici. \u0218i am b\u0103n\u0103n\u0103it mai bine de o jum\u0103tate de or\u0103 dup\u0103 el. Nici nu ne gr\u0103beam nic\u0103ieri, dar \u0219i timpul &#8230;<\/p>\n\n\n\n<p class=\"wp-block-paragraph\">In fine, am ajuns, pe net costa un bilet 24 de lire, la \u0219ofer 26. Deci 52. <\/p>\n\n\n\n<figure class=\"wp-block-image size-large\"><img loading=\"lazy\" decoding=\"async\" width=\"1440\" height=\"1920\" data-attachment-id=\"37770\" data-permalink=\"https:\/\/catalinx.ro\/wordpress\/?attachment_id=37770#main\" data-orig-file=\"https:\/\/catalinx.ro\/wordpress\/wp-content\/uploads\/2026\/08\/p_20260807_2031568595609637922826046-scaled.jpg\" data-orig-size=\"1920,2560\" data-comments-opened=\"1\" data-image-meta=\"{&quot;aperture&quot;:&quot;0&quot;,&quot;credit&quot;:&quot;&quot;,&quot;camera&quot;:&quot;&quot;,&quot;caption&quot;:&quot;&quot;,&quot;created_timestamp&quot;:&quot;0&quot;,&quot;copyright&quot;:&quot;&quot;,&quot;focal_length&quot;:&quot;0&quot;,&quot;iso&quot;:&quot;0&quot;,&quot;shutter_speed&quot;:&quot;0&quot;,&quot;title&quot;:&quot;&quot;,&quot;orientation&quot;:&quot;0&quot;,&quot;alt&quot;:&quot;&quot;}\" data-image-title=\"p_20260807_2031568595609637922826046\" data-image-description=\"\" data-image-caption=\"\" data-large-file=\"https:\/\/catalinx.ro\/wordpress\/wp-content\/uploads\/2026\/08\/p_20260807_2031568595609637922826046-1440x1920.jpg\" src=\"https:\/\/catalinx.ro\/wordpress\/wp-content\/uploads\/2026\/08\/p_20260807_2031568595609637922826046-1440x1920.jpg\" alt=\"\" class=\"wp-image-37770\" srcset=\"https:\/\/catalinx.ro\/wordpress\/wp-content\/uploads\/2026\/08\/p_20260807_2031568595609637922826046-1440x1920.jpg 1440w, https:\/\/catalinx.ro\/wordpress\/wp-content\/uploads\/2026\/08\/p_20260807_2031568595609637922826046-360x480.jpg 360w, https:\/\/catalinx.ro\/wordpress\/wp-content\/uploads\/2026\/08\/p_20260807_2031568595609637922826046-150x200.jpg 150w, https:\/\/catalinx.ro\/wordpress\/wp-content\/uploads\/2026\/08\/p_20260807_2031568595609637922826046-768x1024.jpg 768w, https:\/\/catalinx.ro\/wordpress\/wp-content\/uploads\/2026\/08\/p_20260807_2031568595609637922826046-1152x1536.jpg 1152w, https:\/\/catalinx.ro\/wordpress\/wp-content\/uploads\/2026\/08\/p_20260807_2031568595609637922826046-1536x2048.jpg 1536w, https:\/\/catalinx.ro\/wordpress\/wp-content\/uploads\/2026\/08\/p_20260807_2031568595609637922826046-scaled.jpg 1920w\" sizes=\"auto, (max-width: 1440px) 100vw, 1440px\" \/><\/figure>\n\n\n\n<p class=\"wp-block-paragraph\">A doua diminea\u021b\u0103 am pl\u0103tit 80 ( 73, dar na!) la taxi pe retur.\u00a0 Cu taxi sau cu ma\u0219ina personal\u0103 dureaz\u0103 45-50 de minute , dac\u0103 nu e omor \u00een trafic.<\/p>\n\n\n\n<p class=\"wp-block-paragraph\">Statia de autobuz e cam low cost, mireasm\u0103 de autogara Militari ( c\u0103 dac\u0103 zic 1 Mai din Rm. V\u00e2lcea nu \u0219tie lumea) din anii 2000-2010, nu \u0219tiu cum e acuma.\u00a0 Adic\u0103 gunoi un pic pestilen\u021bial ( e \u0219i val de c\u0103ldur\u0103 \u0219i c\u00e2nd e a\u0219a se imput gunoaiele in Anglia, c\u0103 \u0103\u0219tia nu sunt preg\u0103ti\u021bi pentru asta ) , <a href=\"https:\/\/youtu.be\/13JybnXtTiw?is=1g7cw6NdStrm8ZEH\" target=\"_blank\" rel=\"noreferrer noopener\">numai mucuri de \u021bigar\u0103<\/a> &#8211; zice so\u021bia c\u0103 avea impresia c\u0103 suntem gunoieri.\u00a0 \u0218i standardele noastre, dar asta e realitatea.\u00a0 De-acolo am plecat \u0219i nu vreau s\u0103 uit. Ca s\u0103 nu m\u0103 \u00eentorc, dac\u0103 am de ales. <\/p>\n\n\n\n<figure class=\"wp-block-image size-large\"><img loading=\"lazy\" decoding=\"async\" width=\"1440\" height=\"1920\" data-attachment-id=\"37772\" data-permalink=\"https:\/\/catalinx.ro\/wordpress\/?attachment_id=37772#main\" data-orig-file=\"https:\/\/catalinx.ro\/wordpress\/wp-content\/uploads\/2026\/08\/p_20260807_204529822788868691780452-scaled.jpg\" data-orig-size=\"1920,2560\" data-comments-opened=\"1\" data-image-meta=\"{&quot;aperture&quot;:&quot;0&quot;,&quot;credit&quot;:&quot;&quot;,&quot;camera&quot;:&quot;&quot;,&quot;caption&quot;:&quot;&quot;,&quot;created_timestamp&quot;:&quot;0&quot;,&quot;copyright&quot;:&quot;&quot;,&quot;focal_length&quot;:&quot;0&quot;,&quot;iso&quot;:&quot;0&quot;,&quot;shutter_speed&quot;:&quot;0&quot;,&quot;title&quot;:&quot;&quot;,&quot;orientation&quot;:&quot;0&quot;,&quot;alt&quot;:&quot;&quot;}\" data-image-title=\"p_20260807_204529822788868691780452\" data-image-description=\"\" data-image-caption=\"\" data-large-file=\"https:\/\/catalinx.ro\/wordpress\/wp-content\/uploads\/2026\/08\/p_20260807_204529822788868691780452-1440x1920.jpg\" src=\"https:\/\/catalinx.ro\/wordpress\/wp-content\/uploads\/2026\/08\/p_20260807_204529822788868691780452-1440x1920.jpg\" alt=\"\" class=\"wp-image-37772\" srcset=\"https:\/\/catalinx.ro\/wordpress\/wp-content\/uploads\/2026\/08\/p_20260807_204529822788868691780452-1440x1920.jpg 1440w, https:\/\/catalinx.ro\/wordpress\/wp-content\/uploads\/2026\/08\/p_20260807_204529822788868691780452-360x480.jpg 360w, https:\/\/catalinx.ro\/wordpress\/wp-content\/uploads\/2026\/08\/p_20260807_204529822788868691780452-150x200.jpg 150w, https:\/\/catalinx.ro\/wordpress\/wp-content\/uploads\/2026\/08\/p_20260807_204529822788868691780452-768x1024.jpg 768w, https:\/\/catalinx.ro\/wordpress\/wp-content\/uploads\/2026\/08\/p_20260807_204529822788868691780452-1152x1536.jpg 1152w, https:\/\/catalinx.ro\/wordpress\/wp-content\/uploads\/2026\/08\/p_20260807_204529822788868691780452-1536x2048.jpg 1536w, https:\/\/catalinx.ro\/wordpress\/wp-content\/uploads\/2026\/08\/p_20260807_204529822788868691780452-scaled.jpg 1920w\" sizes=\"auto, (max-width: 1440px) 100vw, 1440px\" \/><\/figure>\n\n\n\n<p class=\"wp-block-paragraph\">B\u0103, autocarul ( coach &#8211; in engleza\u00a0 britanic\u0103) civilizat , modern, un Irizar destul de recent,&nbsp; cu aer condi\u021bionat&nbsp; blan\u0103, \u0219oferul civilizat\u00a0 \u0219i&nbsp; total neaglomerat,\u00a0 dac\u0103 ne-am str\u00e2ns 12 in\u0219i de la toate terminalele.\u00a0 \u0218i am f\u0103cut, conform promisiunii, 1 or\u0103 fix, p\u00e2n\u0103 la gar\u0103, \u00eentr-o zi de vineri. <\/p>\n\n\n\n<p class=\"wp-block-paragraph\">De acolo am mers cu bagajele, ca ni\u0219te turi\u0219ti low cost s\u0103 m\u00e2nc\u0103m la un restaurant\u00a0 \u0219i am luat, da, rata, p\u00e2n\u0103 acas\u0103, c\u0103 dac\u0103 luam.un taxi ne-ar fi costat deja cam c\u00e2t ne-ar fi costat un taxi din aeroport acas\u0103. <\/p>\n\n\n\n<p class=\"wp-block-paragraph\">De c\u00e2nd am atins solul &#8211; ora 17:00 , p\u00e2n\u0103 am ajuns la gar\u0103, s-au f\u0103cut 2 ore \u0219i 40 . Pan\u0103 am ajuns acas\u0103 era 9 seara. Am \u0219i fost oprit de securitate la pa\u0219apoarte, pe motiv c\u0103 sunt prea \u0219mecher s\u0103 pot trece prin controlul automat, iar\u00a0 handicapa\u021bii \u0103\u0219tia nu prea mai au vame\u0219i umani, \u0219i aia care sunt sunt cam inumani, dar ori\u0219icum. S\u0103 fi luat taxiul\u00a0 la 7 f\u0103r\u0103 ceva eram acas\u0103. Tot trebuia s\u0103 ie\u0219im \u00een ora\u0219 s\u0103 m\u00e2nc\u0103m, dar zic. <\/p>\n\n\n\n<figure class=\"wp-block-image size-large\"><img loading=\"lazy\" decoding=\"async\" width=\"1440\" height=\"1920\" data-attachment-id=\"37773\" data-permalink=\"https:\/\/catalinx.ro\/wordpress\/?attachment_id=37773#main\" data-orig-file=\"https:\/\/catalinx.ro\/wordpress\/wp-content\/uploads\/2026\/08\/p_20260807_1945072024862764790711990-scaled.jpg\" data-orig-size=\"1920,2560\" data-comments-opened=\"1\" data-image-meta=\"{&quot;aperture&quot;:&quot;0&quot;,&quot;credit&quot;:&quot;&quot;,&quot;camera&quot;:&quot;&quot;,&quot;caption&quot;:&quot;&quot;,&quot;created_timestamp&quot;:&quot;0&quot;,&quot;copyright&quot;:&quot;&quot;,&quot;focal_length&quot;:&quot;0&quot;,&quot;iso&quot;:&quot;0&quot;,&quot;shutter_speed&quot;:&quot;0&quot;,&quot;title&quot;:&quot;&quot;,&quot;orientation&quot;:&quot;0&quot;,&quot;alt&quot;:&quot;&quot;}\" data-image-title=\"p_20260807_1945072024862764790711990\" data-image-description=\"\" data-image-caption=\"\" data-large-file=\"https:\/\/catalinx.ro\/wordpress\/wp-content\/uploads\/2026\/08\/p_20260807_1945072024862764790711990-1440x1920.jpg\" src=\"https:\/\/catalinx.ro\/wordpress\/wp-content\/uploads\/2026\/08\/p_20260807_1945072024862764790711990-1440x1920.jpg\" alt=\"\" class=\"wp-image-37773\" srcset=\"https:\/\/catalinx.ro\/wordpress\/wp-content\/uploads\/2026\/08\/p_20260807_1945072024862764790711990-1440x1920.jpg 1440w, https:\/\/catalinx.ro\/wordpress\/wp-content\/uploads\/2026\/08\/p_20260807_1945072024862764790711990-360x480.jpg 360w, https:\/\/catalinx.ro\/wordpress\/wp-content\/uploads\/2026\/08\/p_20260807_1945072024862764790711990-150x200.jpg 150w, https:\/\/catalinx.ro\/wordpress\/wp-content\/uploads\/2026\/08\/p_20260807_1945072024862764790711990-768x1024.jpg 768w, https:\/\/catalinx.ro\/wordpress\/wp-content\/uploads\/2026\/08\/p_20260807_1945072024862764790711990-1152x1536.jpg 1152w, https:\/\/catalinx.ro\/wordpress\/wp-content\/uploads\/2026\/08\/p_20260807_1945072024862764790711990-1536x2048.jpg 1536w, https:\/\/catalinx.ro\/wordpress\/wp-content\/uploads\/2026\/08\/p_20260807_1945072024862764790711990-scaled.jpg 1920w\" sizes=\"auto, (max-width: 1440px) 100vw, 1440px\" \/><\/figure>\n\n\n\n<p class=\"wp-block-paragraph\"> <\/p>\n\n\n\n<p class=\"wp-block-paragraph\">Ce vreau s\u0103 spun e c\u0103 transportul \u00een comun, \u00een ceea ce m\u0103 prive\u0219te e din capitolul secolul trecut, dar a\u0219 putea ajunge , nu m\u0103 v\u0103d, dar \u0219tiu c\u0103 a\u0219 putea, prins din nou \u00een paradigma s\u0103r\u0103ciei, dar nu de voie, \u0219i problema nu e mediul &#8211; \u00een rata c\u0103tre cas\u0103 erau o familie de britanici de soi, cu patriarhul \u00eembr\u0103cat \u00een vest\u0103 verde \u0219i beat muci, avea glume mi\u0219to cu copiii &#8211; sunt OK cu asta, ci timpul. Ajungi &#8220;s\u0103 pl\u0103te\u0219ti&#8221;&nbsp; cu dou\u0103 ore din timpul tau pentru 16 lire. <\/p>\n\n\n\n<p class=\"wp-block-paragraph\">Ca de obicei, nu am sfaturi, doar observ c\u0103 \u00een timp ce eu aleg asta, ca un socialist de catifea, majoritatea lumii tr\u0103ie\u0219te a\u0219a, sau mai dificil .&nbsp; Ghinion. <\/p>\n","protected":false},"excerpt":{"rendered":"<p>Eram p\u0103 plec\u0103toare in vacan\u021b\u0103 , din Bucure\u0219ti la\u00a0 Bridgetown &#8211; p\u0103 Barbandos. Cu escal\u0103 la Londra. De 17 ore&#8230; Cred c\u0103 i se f\u0103cuse&hellip;<\/p>\n","protected":false},"author":2,"featured_media":37770,"comment_status":"open","ping_status":"open","sticky":false,"template":"","format":"standard","meta":{"_jetpack_newsletter_access":"","_jetpack_dont_email_post_to_subs":false,"_jetpack_newsletter_tier_id":0,"_jetpack_memberships_contains_paywalled_content":false,"_jetpack_feature_clip_id":0,"_jetpack_memberships_contains_paid_content":false,"footnotes":"","jetpack_publicize_message":"","jetpack_publicize_feature_enabled":true,"jetpack_social_post_already_shared":true,"jetpack_social_options":{"image_generator_settings":{"template":"highway","default_image_id":0,"font":"","enabled":false},"version":2},"jetpack_post_was_ever_published":false},"categories":[136,82],"tags":[7503,1064],"class_list":["post-37771","post","type-post","status-publish","format-standard","has-post-thumbnail","hentry","category-civilisation","category-prin-lume","tag-railair","tag-uk"],"views":72,"jetpack_publicize_connections":[],"jetpack_sharing_enabled":true,"jetpack_shortlink":"https:\/\/wp.me\/p4Eq23-9Pd","jetpack-related-posts":[],"jetpack_featured_media_url":"https:\/\/catalinx.ro\/wordpress\/wp-content\/uploads\/2026\/08\/p_20260807_2031568595609637922826046-scaled.jpg","_links":{"self":[{"href":"https:\/\/catalinx.ro\/wordpress\/index.php?rest_route=\/wp\/v2\/posts\/37771","targetHints":{"allow":["GET"]}}],"collection":[{"href":"https:\/\/catalinx.ro\/wordpress\/index.php?rest_route=\/wp\/v2\/posts"}],"about":[{"href":"https:\/\/catalinx.ro\/wordpress\/index.php?rest_route=\/wp\/v2\/types\/post"}],"author":[{"embeddable":true,"href":"https:\/\/catalinx.ro\/wordpress\/index.php?rest_route=\/wp\/v2\/users\/2"}],"replies":[{"embeddable":true,"href":"https:\/\/catalinx.ro\/wordpress\/index.php?rest_route=%2Fwp%2Fv2%2Fcomments&post=37771"}],"version-history":[{"count":1,"href":"https:\/\/catalinx.ro\/wordpress\/index.php?rest_route=\/wp\/v2\/posts\/37771\/revisions"}],"predecessor-version":[{"id":37774,"href":"https:\/\/catalinx.ro\/wordpress\/index.php?rest_route=\/wp\/v2\/posts\/37771\/revisions\/37774"}],"wp:featuredmedia":[{"embeddable":true,"href":"https:\/\/catalinx.ro\/wordpress\/index.php?rest_route=\/wp\/v2\/media\/37770"}],"wp:attachment":[{"href":"https:\/\/catalinx.ro\/wordpress\/index.php?rest_route=%2Fwp%2Fv2%2Fmedia&parent=37771"}],"wp:term":[{"taxonomy":"category","embeddable":true,"href":"https:\/\/catalinx.ro\/wordpress\/index.php?rest_route=%2Fwp%2Fv2%2Fcategories&post=37771"},{"taxonomy":"post_tag","embeddable":true,"href":"https:\/\/catalinx.ro\/wordpress\/index.php?rest_route=%2Fwp%2Fv2%2Ftags&post=37771"}],"curies":[{"name":"wp","href":"https:\/\/api.w.org\/{rel}","templated":true}]}}