

{"id":4357,"date":"2016-02-15T19:50:15","date_gmt":"2016-02-15T17:50:15","guid":{"rendered":"http:\/\/catalinx.ro\/wordpress\/?p=4357"},"modified":"2016-02-15T21:25:11","modified_gmt":"2016-02-15T19:25:11","slug":"reformarea-clasei-politice-scurt-de-tot-ca-am-treaba","status":"publish","type":"post","link":"https:\/\/catalinx.ro\/wordpress\/?p=4357","title":{"rendered":"Reformarea clasei politice: Scurt de tot ca am treaba"},"content":{"rendered":"<div id=\"fb-root\"><\/div>\n<p>Cica se reformeaza clasa politica . De fapt e vorba de aparatul de conducere.<\/p>\n<p>Unii intra la beci \u00a0( nu ca le plang de mila sau ca n-or merita) , iar altii le iau locul.<\/p>\n<p>Stirea asta de be hotznews:<\/p>\n<p><a href=\"http:\/\/economie.hotnews.ro\/stiri-finante_banci-20796723-finantele-publicat-noului-sef-fiscului-acesta-activat-8-ani-ofiter-sri.htm\"><img loading=\"lazy\" decoding=\"async\" data-attachment-id=\"4358\" data-permalink=\"https:\/\/catalinx.ro\/wordpress\/?attachment_id=4358#main\" data-orig-file=\"https:\/\/catalinx.ro\/wordpress\/wp-content\/uploads\/2016\/02\/stirehotznews8ani.jpg\" data-orig-size=\"706,239\" data-comments-opened=\"1\" data-image-meta=\"{&quot;aperture&quot;:&quot;0&quot;,&quot;credit&quot;:&quot;&quot;,&quot;camera&quot;:&quot;&quot;,&quot;caption&quot;:&quot;&quot;,&quot;created_timestamp&quot;:&quot;0&quot;,&quot;copyright&quot;:&quot;&quot;,&quot;focal_length&quot;:&quot;0&quot;,&quot;iso&quot;:&quot;0&quot;,&quot;shutter_speed&quot;:&quot;0&quot;,&quot;title&quot;:&quot;&quot;,&quot;orientation&quot;:&quot;0&quot;}\" data-image-title=\"stirehotznews8ani\" data-image-description=\"\" data-image-caption=\"\" data-large-file=\"https:\/\/catalinx.ro\/wordpress\/wp-content\/uploads\/2016\/02\/stirehotznews8ani.jpg\" class=\"alignnone wp-image-4358 size-full\" src=\"http:\/\/catalinx.ro\/wordpress\/wp-content\/uploads\/2016\/02\/stirehotznews8ani.jpg\" alt=\"stirehotznews8ani\" width=\"706\" height=\"239\" srcset=\"https:\/\/catalinx.ro\/wordpress\/wp-content\/uploads\/2016\/02\/stirehotznews8ani.jpg 706w, https:\/\/catalinx.ro\/wordpress\/wp-content\/uploads\/2016\/02\/stirehotznews8ani-300x102.jpg 300w, https:\/\/catalinx.ro\/wordpress\/wp-content\/uploads\/2016\/02\/stirehotznews8ani-640x217.jpg 640w\" sizes=\"auto, (max-width: 706px) 100vw, 706px\" \/><\/a><\/p>\n<p>Daca dati un ochean in <a href=\"http:\/\/discutii.mfinante.ro\/static\/10\/mfp\/Daniel_Diaconescu_cv.pdf\">CV-ul omului<\/a> vedeti <strong>elementul cheie<\/strong> , la educatie :<\/p>\n<p>STUDII \u015eI CURSURI DE SPECIALITATE : 2006 &#8211;<strong>\u00a0Colegiul Na\u0163ional de Ap\u0103rare &#8211; Bucure\u015fti.<\/strong><\/p>\n<p>Tineti-o minte p-asta. Aci se spawneaza <a href=\"https:\/\/en.wikipedia.org\/wiki\/Agent_Smith\">agentii Smith\u00a0<\/a>. E colegiul ala unde Oprea a fost<a href=\"http:\/\/www.b1.ro\/pictures\/documents\/590-CVGabrielOprea.pdf\"> director adjunct sau ceva<\/a>.<\/p>\n<p>Am mai zis prin alte parti dar reiterez:<\/p>\n<p>E un nene, Busoi , \u00a0candideaza la primaria Bucuresti. Nu imi pasa , nu votez , da&#8217; si el are asta in <strong><a href=\"http:\/\/www.ziare.com\/politica\/stiri-politice\/cristian-silviu-busoi-curriculum-vitae-170679\">CV<\/a>.\u00a0<\/strong>Ca s-a gandit el ca e foarte nimerit si folositor dupa facultatea de medicina, rezidentiat si doctorat. Apararea merge \u00a0mana in mana cu medicina.<\/p>\n<p>Ii vedeti<strong> <a href=\"http:\/\/www.economica.net\/colegiul-national-de-aparare-mba-ul-politicienilor-care-vor-un-fotoliu-in-guvern_19315.html\">aici<\/a><\/strong> pe majoritatea , nu ma mai intind.<\/p>\n<p>&nbsp;<\/p>\n<p>&nbsp;<\/p>\n<p>&nbsp;<\/p>\n","protected":false},"excerpt":{"rendered":"<p>Cica se reformeaza clasa politica . De fapt e vorba de aparatul de conducere. Unii intra la beci \u00a0( nu ca le plang de mila&hellip;<\/p>\n","protected":false},"author":1,"featured_media":0,"comment_status":"open","ping_status":"open","sticky":false,"template":"","format":"standard","meta":{"jetpack_post_was_ever_published":false,"_jetpack_newsletter_access":"","_jetpack_dont_email_post_to_subs":false,"_jetpack_newsletter_tier_id":0,"_jetpack_memberships_contains_paywalled_content":false,"_jetpack_memberships_contains_paid_content":false,"footnotes":"","jetpack_publicize_message":"","jetpack_publicize_feature_enabled":true,"jetpack_social_post_already_shared":true,"jetpack_social_options":{"image_generator_settings":{"template":"highway","default_image_id":0,"font":"","enabled":false},"version":2}},"categories":[170,1],"tags":[],"class_list":["post-4357","post","type-post","status-publish","format-standard","hentry","category-politice","category-uncategorized"],"views":2024,"jetpack_publicize_connections":[],"jetpack_featured_media_url":"","jetpack_sharing_enabled":true,"jetpack_shortlink":"https:\/\/wp.me\/p4Eq23-18h","jetpack-related-posts":[],"_links":{"self":[{"href":"https:\/\/catalinx.ro\/wordpress\/index.php?rest_route=\/wp\/v2\/posts\/4357","targetHints":{"allow":["GET"]}}],"collection":[{"href":"https:\/\/catalinx.ro\/wordpress\/index.php?rest_route=\/wp\/v2\/posts"}],"about":[{"href":"https:\/\/catalinx.ro\/wordpress\/index.php?rest_route=\/wp\/v2\/types\/post"}],"author":[{"embeddable":true,"href":"https:\/\/catalinx.ro\/wordpress\/index.php?rest_route=\/wp\/v2\/users\/1"}],"replies":[{"embeddable":true,"href":"https:\/\/catalinx.ro\/wordpress\/index.php?rest_route=%2Fwp%2Fv2%2Fcomments&post=4357"}],"version-history":[{"count":3,"href":"https:\/\/catalinx.ro\/wordpress\/index.php?rest_route=\/wp\/v2\/posts\/4357\/revisions"}],"predecessor-version":[{"id":4361,"href":"https:\/\/catalinx.ro\/wordpress\/index.php?rest_route=\/wp\/v2\/posts\/4357\/revisions\/4361"}],"wp:attachment":[{"href":"https:\/\/catalinx.ro\/wordpress\/index.php?rest_route=%2Fwp%2Fv2%2Fmedia&parent=4357"}],"wp:term":[{"taxonomy":"category","embeddable":true,"href":"https:\/\/catalinx.ro\/wordpress\/index.php?rest_route=%2Fwp%2Fv2%2Fcategories&post=4357"},{"taxonomy":"post_tag","embeddable":true,"href":"https:\/\/catalinx.ro\/wordpress\/index.php?rest_route=%2Fwp%2Fv2%2Ftags&post=4357"}],"curies":[{"name":"wp","href":"https:\/\/api.w.org\/{rel}","templated":true}]}}