

{"id":4555,"date":"2016-02-29T19:30:57","date_gmt":"2016-02-29T17:30:57","guid":{"rendered":"http:\/\/catalinx.ro\/wordpress\/?p=4555"},"modified":"2016-02-29T11:49:45","modified_gmt":"2016-02-29T09:49:45","slug":"cum-se-denigreaza-un-boicot-tampit-greu-de-pensionat","status":"publish","type":"post","link":"https:\/\/catalinx.ro\/wordpress\/?p=4555","title":{"rendered":"Cum se denigreaza un boicot tampit | Greu de pensionat"},"content":{"rendered":"<div id=\"fb-root\"><\/div>\n<p>Motto:<\/p>\n<blockquote><p>Unii oameni sunt greu de pensionat. \u00a0Exemplul clasic e Iliescu , dar nici Base nu e departe.<\/p><\/blockquote>\n<p>Boicotul \u00a0anti-antenistilor \u00a0care refuza sa cumpere produsele ce isi fac reclama acolo e<strong><a href=\"http:\/\/www.mediafax.ro\/politic\/basescu-basisti-sau-nu-nu-mai-cumparati-produse-care-isi-fac-publicitate-la-antena-3-si-1-15089724\"> sustinut public de &#8220;<\/a><\/strong><em><strong><a href=\"http:\/\/www.mediafax.ro\/politic\/basescu-basisti-sau-nu-nu-mai-cumparati-produse-care-isi-fac-publicitate-la-antena-3-si-1-15089724\">presedintele vostru&#8221;<\/a><\/strong>.<\/em><\/p>\n<p>Intr-un fel e normal. Televiziunea antena3 s-a declarat public antibasescu , rezulta implicit ca \u00a0e absolut de bun simt ca Basescu sa se pozitioneze anti-antena3. Pana aici , ok.<\/p>\n<p>Pe de alta parte, citat 1 (\u00a0din articolul de pe <a href=\"http:\/\/www.mediafax.ro\/politic\/basescu-basisti-sau-nu-nu-mai-cumparati-produse-care-isi-fac-publicitate-la-antena-3-si-1-15089724\">Mediafax<\/a>):<\/p>\n<blockquote><p><b>Traian B\u0103sescu \u00ee\u015fi \u00eendeamn\u0103 sus\u0163in\u0103torii s\u0103 nu mai cumpere brandurile care \u00ee\u015fi fac publicitate la Antene, un sfat similar d\u00e2ndu-l \u015fi celor care nu sunt &#8220;b\u0103si\u015fti&#8221; pe motiv c\u0103 pot g\u0103si produse la fel de bune, dar care &#8221;nu bag\u0103 bani \u00een buzunarul turn\u0103torului Voiculescu&#8221;<\/b><\/p><\/blockquote>\n<p>Bah, \u00a0treaba asta e un pic &#8220;<em>implicarea politicului in sport<\/em>&#8221; , daca mi se permite parafraza. \u00a0Practic , boicotul economic se tranforma un pic in sabotaj si santaj , in favoarea intereselor politice . Adica \u00a0hai sa cumparam produse pe criterii politice nu pe criterii economice si de calitate. \u00a0Pentru ca citat 2:<\/p>\n<blockquote><p><strong>&#8221;Familia mea a fost un consumator constant al produselor cosmetice Loreal, a produselor lactate Zuzu produse de Albalact \u015fi a medicamentului Strepsil. Pentru c\u0103 \u00ee\u015fi fac publicitate la Antena 3 \u015fi Antena 1, b\u0103g\u00eend bani \u00een buzunarul turn\u0103torului Voiculescu, noi to\u0163i am hot\u0103r\u00eet s\u0103 nu le mai cump\u0103r\u0103m&#8221;<\/strong><\/p><\/blockquote>\n<p>De aici imi pasa de Zuzu si reiterez. Hai sa nu mai consumam Zuzu produs\u00a0<strong>romanesc,\u00a0<\/strong> cu care nu e nimic in neregula calitativ si momentan nu e nimic in neregula nici cu etica economico-sociala , desi achizitia Lactalis \u00a0ne pune in garda \u00a0&#8211; doar pentru ca adversarul meu politic , adica fostul, \u00a0aproape defunctul Voiculescu , primeste \u00a0bani din reclama, zice \u00a0comunistul , aproape defunctul &#8211;\u00a0\u00a0Basescu.<\/p>\n<p>Din punctul asta protestul isi pierde legitimitatea. Mai lipseste sa vina Iliescu , sa remarce cum vointa poporului e manipulata si sa ameninte ca vine cu minerii ( noroc ca nu prea mai sunt), daca nu se incheie boicotul imediat si toata lumea merge si cumpara acusi\u00a0cate 3 zticle de Zuzu. Nu mai e vorba de niste oameni scarbiti de calitatea actului jurnalistic si de \u00a0atitudinea de marlani a managementului trustului , care si pe mine ma scarbesc , \u00a0e vorba de faptul ca chiorul s-a gandit ca ar fi bine sa profite mediatic de chestia asta si sa-si faca niste vant in panze , punandu-se in fruntea protestului si aducandu-l in tinta, din nou, pe turnatorul de Voiculescu. \u00a0Lucrurile astea doua nu trebuie , pur si simplu, asociate. Politicul si consumul de produse economice. \u00a0Pe laptele Zuzu nu e sigla partidului conservator nici moaca lui Voiculescu sau a lui Gadea.<\/p>\n<p>Pe de alta parte un numar de pensionari or fi consumand lapte printre alte produse si atunci Albalact\u00a0li se adreseaza acolo unde se uita ei.<\/p>\n<p>Fireste ca noi uram si pensionarii si suntem oarecum \u00a0scarbiti ca ei ar indrazni sa consume acelasi lapte ca si noi. Noi bem doar lapte democratico-liberal , lapte de tineri frumosi ( sesizati sarcasmul ).<\/p>\n<p>Nu mi-a placut niciodata chioru&#8217; si l-am votat o singura data . \u00a0Atunci cand dupa ce l-ati ales de doua ori presedinte \u00a0v-ati razgandit si ati voit sa-l demiteti . Am mers la referendum si am votat sa ramaie in functie, impotriva curentului. Curentului de prosti , gen. \u00a0Atunci ati fost manipulati fara doar si poate de antene. Boilor! Gen , l-ati vrut , saturati-va de el , da-va in pula mea. Ca nu imi plac razgandacii .<\/p>\n<p>Probabil ca va mai prosteste de inca un mandat la primarie \u00a0si bine v-ar face sa v-o mai dea odata in bucale . Sunteti niste prosti hipsteriti si va meritati soarta . Meritati sa beti lapte unguresc , ucrainean si bulgaresc la preturi mai mari decat laptele nemtesc, pentru ca voi aveti \u00a0principii si eticheta si voi penalizati pe linie de etica politica, nu conteaza ca ramaneti someri si muritori de foame in timp ce faceti asta.Important e sa aveti un scop in viata in a servi interesele cuiva. Trebuia sa ma fi facut politician.\u00a0<a href=\"https:\/\/www.youtube.com\/watch?v=mkqk5E9g8cQ\">Hai sictir<\/a>.<\/p>\n<p>&nbsp;<\/p>\n<p><a href=\"http:\/\/Dont-drink-cows-milk.jpg\">Foto<\/a><\/p>\n<p>&nbsp;<\/p>\n<p>&nbsp;<\/p>\n<p>&nbsp;<\/p>\n<p>&nbsp;<\/p>\n<p>&nbsp;<\/p>\n<p>&nbsp;<\/p>\n","protected":false},"excerpt":{"rendered":"<p>Motto: Unii oameni sunt greu de pensionat. \u00a0Exemplul clasic e Iliescu , dar nici Base nu e departe. Boicotul \u00a0anti-antenistilor \u00a0care refuza sa cumpere produsele&hellip;<\/p>\n","protected":false},"author":1,"featured_media":4556,"comment_status":"open","ping_status":"open","sticky":false,"template":"","format":"standard","meta":{"jetpack_post_was_ever_published":false,"_jetpack_newsletter_access":"","_jetpack_dont_email_post_to_subs":false,"_jetpack_newsletter_tier_id":0,"_jetpack_memberships_contains_paywalled_content":false,"_jetpack_memberships_contains_paid_content":false,"footnotes":"","jetpack_publicize_message":"","jetpack_publicize_feature_enabled":true,"jetpack_social_post_already_shared":true,"jetpack_social_options":{"image_generator_settings":{"template":"highway","default_image_id":0,"font":"","enabled":false},"version":2}},"categories":[170],"tags":[1002],"class_list":["post-4555","post","type-post","status-publish","format-standard","has-post-thumbnail","hentry","category-politice","tag-boicot"],"views":1740,"jetpack_publicize_connections":[],"jetpack_featured_media_url":"https:\/\/catalinx.ro\/wordpress\/wp-content\/uploads\/2016\/02\/Dont-drink-cows-milk.jpg","jetpack_sharing_enabled":true,"jetpack_shortlink":"https:\/\/wp.me\/p4Eq23-1bt","jetpack-related-posts":[],"_links":{"self":[{"href":"https:\/\/catalinx.ro\/wordpress\/index.php?rest_route=\/wp\/v2\/posts\/4555","targetHints":{"allow":["GET"]}}],"collection":[{"href":"https:\/\/catalinx.ro\/wordpress\/index.php?rest_route=\/wp\/v2\/posts"}],"about":[{"href":"https:\/\/catalinx.ro\/wordpress\/index.php?rest_route=\/wp\/v2\/types\/post"}],"author":[{"embeddable":true,"href":"https:\/\/catalinx.ro\/wordpress\/index.php?rest_route=\/wp\/v2\/users\/1"}],"replies":[{"embeddable":true,"href":"https:\/\/catalinx.ro\/wordpress\/index.php?rest_route=%2Fwp%2Fv2%2Fcomments&post=4555"}],"version-history":[{"count":1,"href":"https:\/\/catalinx.ro\/wordpress\/index.php?rest_route=\/wp\/v2\/posts\/4555\/revisions"}],"predecessor-version":[{"id":4557,"href":"https:\/\/catalinx.ro\/wordpress\/index.php?rest_route=\/wp\/v2\/posts\/4555\/revisions\/4557"}],"wp:featuredmedia":[{"embeddable":true,"href":"https:\/\/catalinx.ro\/wordpress\/index.php?rest_route=\/wp\/v2\/media\/4556"}],"wp:attachment":[{"href":"https:\/\/catalinx.ro\/wordpress\/index.php?rest_route=%2Fwp%2Fv2%2Fmedia&parent=4555"}],"wp:term":[{"taxonomy":"category","embeddable":true,"href":"https:\/\/catalinx.ro\/wordpress\/index.php?rest_route=%2Fwp%2Fv2%2Fcategories&post=4555"},{"taxonomy":"post_tag","embeddable":true,"href":"https:\/\/catalinx.ro\/wordpress\/index.php?rest_route=%2Fwp%2Fv2%2Ftags&post=4555"}],"curies":[{"name":"wp","href":"https:\/\/api.w.org\/{rel}","templated":true}]}}