

{"id":4865,"date":"2016-03-28T06:02:00","date_gmt":"2016-03-28T04:02:00","guid":{"rendered":"http:\/\/catalinx.ro\/wordpress\/?p=4865"},"modified":"2016-03-29T14:37:41","modified_gmt":"2016-03-29T12:37:41","slug":"nae-al-lu-tica-florea","status":"publish","type":"post","link":"https:\/\/catalinx.ro\/wordpress\/?p=4865","title":{"rendered":"Nae al lu&#8217; Tic\u0103 Florea"},"content":{"rendered":"<div id=\"fb-root\"><\/div>\n<p>Am v\u0103zut de-a lungul timpului sum\u0103 de oameni <a href=\"https:\/\/animaloo.wordpress.com\/2016\/03\/22\/concluzia-zilei-57\/\">indigna\u021bi<\/a> pe net pe p\u0103rin\u021bii care le dau copiilor nume neconforme cu a\u0219tept\u0103rile epocii \u0219i care \u00ee\u0219i doresc de la\u00a0 dec\u0103derea din drepturi la \u00eempu\u0219carea pe loc a acestor p\u0103rin\u021bi.<br \/>\n\u0218i am dou\u0103 lucruri de zis.<br \/>\nUnu e c\u0103 \u00een contextul actual cam singurul lucru pe care mai ai dreptul s\u0103 \u00eel faci c\u0103 p\u0103rinte e s\u0103 \u00eei stabile\u0219ti un nume copilului, fie el \u0219i mai de c\u0103cat,\u00a0 copilul av\u00e2nd posibilitatea s\u0103 \u00ee\u0219i renege numele, dac\u0103 nu \u00eei place, la majorat.<br \/>\nPentru toate obliga\u021biile pe care le ai ca p\u0103rinte m\u0103car un nume de c\u0103cat po\u021bi s\u0103 \u00eei alegi lu&#8217; fiu-to.<\/p>\n<p>Al doilea,\u00a0 dup\u0103 cum ve\u021bi vedea mai jos e ca numele nu prea conteaz\u0103,el fiind doar un identificator formal.<\/p>\n<p>Intr-un sat ai c\u0103rui oameni nu-i cunosc, pentru c\u0103 nu am fost niciodat\u0103 acolo, primind acest text de la un necunoscut \u00eempreun\u0103 cu un bilet de sinucidere<br \/>\n(a se citi ca eu am \u00eencercat s\u0103 schimb numele \u0219i contextul substan\u021bial, dar dac\u0103 totu\u0219i recunoa\u0219te\u021bi asem\u0103n\u0103ri cu personaje \u0219i fapte reale, aia e, merge\u021bi pe burt\u0103! )<br \/>\n:<\/p>\n<p>-Bun\u0103 ziua,\u00a0 \u0219ti\u021bi cumva,\u00a0 domnu&#8217; Enache acas\u0103?<br \/>\n-Cre&#8217;ca Enache de-l cau\u021bi dumneata nu mai e p-acilea.<br \/>\n-A plecat ?<br \/>\n-A plecat \u00een lumea celor drep\u021bi acum dou\u0103 s\u0103pt\u0103m\u00e2ni.<br \/>\n-A murit?<br \/>\n-Da, domn&#8217;e. E\u0219ti\u00a0\u00a0 <em>po\u0219taru&#8217; <\/em>\u0103la nou? C\u0103 am auzit c\u0103 vine unu nou&#8230;<br \/>\n-Nu,\u00a0 eu sunt de la CEZ.<br \/>\n-Cine e \u0103\u0219tia?<br \/>\n-Cu curentul.<br \/>\n-A, de la Electrica.<br \/>\n-Am o cerere de rebransare pe\u00a0 de la domnul Enache Petre&#8230;<br \/>\n-Aaa, \u0103sta e copilu&#8217;,\u00a0 da&#8217; nu sta aci.<br \/>\n-Dar\u00a0 unde?<br \/>\n-La ora\u0219.<br \/>\n-Cum dom&#8217;ne?\u00a0 \u0218i atunci, aci cine st\u0103?\u00a0 S\u0103 citesc m\u0103car <em>contuaru&#8217;.<\/em><br \/>\n-P\u0103i,\u00a0 Nae al lu&#8217; Tic\u0103 Florea st\u0103 aci.<br \/>\n-A\u0219a,\u00a0 s\u0103-l caut \u00een registru.\u00a0 Deci,\u00a0 domnu&#8217; Nae,\u00a0 sau Nicolae Florea.<br \/>\n-Aaa, nu, c\u0103 nu il cheam\u0103 Florea \u00een acte.<br \/>\n-P\u0103i, cum dom&#8217;ne, nu zici c\u0103 e copilu&#8217; lu Tic\u0103 Florea?<br \/>\n-Ba da, dar a\u0219a ii zicea lui, Florea, dup\u0103 tac&#8217;so, dar \u00een acte pe el \u00eel chema Enache <em>Costandin. <\/em> E \u0103sta de a murit.<br \/>\n-Deci s\u0103 caut la mine \u00een \u0103sta dup\u0103 Enache Nicolae.\u00a0 Asta dac\u0103 i-o fi schimbat rolu&#8217; \u0219i contractu&#8217;&#8230;<br \/>\n-Nu Nicolae, c\u0103 nici pe fiu-so\u00a0 nu-l cheam\u0103 a\u0219a.<br \/>\n-Da&#8217; cum?<br \/>\n&#8211;<em>Costandin,\u00a0 <\/em>ca pe tac&#8217;so.<br \/>\n&#8211; Deci pe Nae al lu&#8217;\u00a0 Tic\u0103 Florea \u00eel cheam\u0103 \u00een acte tot Enache Constantin?!<br \/>\n-Da, dar\u00a0 l-au strigat Nae, nu puteau s\u0103 \u00eei zic\u0103 <em>tot Costandin,\u00a0 <\/em>ca lu tac&#8217;so.<br \/>\n-Bine, dar nu ziceai c\u0103 Enache Petre e copilu&#8217;?<br \/>\n-P\u0103i,\u00a0 \u0103la micu, al lu&#8217;\u00a0 Nae,\u00a0 dar nu st\u0103 aci. S-a mutat la ora\u0219.<br \/>\n-C\u00e2nd s-a mutat \u0219i unde statea? C\u0103 noi l-am debran\u0219at acu&#8217; 1 lun\u0103 \u0219i jumate , acu&#8217; a pl\u0103tit \u0219i a cerut rebran\u0219area.<br \/>\n-Aaa, \u0103sta cre&#8217;ca e ala de l-a prins fur\u00e2nd\u00a0 curent&#8230; Nu e d-aci!\u00a0 \u0102sta e d-ai lu&#8217; Petre. Enache e numele mic. \u0102\u0219tia stau dou\u0103 str\u0103zi mai la vale, de la principala.\u00a0 Da&#8217; , dumneata nu ii \u0219tii?<br \/>\n-P\u0103i nu,\u00a0 c\u0103 eu sunt nou.<br \/>\n-B\u0103 ai dracu&#8217;,\u00a0 \u0103\u0219tia <em>ne-a<\/em> zis c\u0103 s-a schimbat <em>po\u0219taru, <\/em>nu omu&#8217; cu curentu&#8217;.<br \/>\n&#x1f31f; &#x1f31f; &#x1f31f;<\/p>\n","protected":false},"excerpt":{"rendered":"<p>Am v\u0103zut de-a lungul timpului sum\u0103 de oameni indigna\u021bi pe net pe p\u0103rin\u021bii care le dau copiilor nume neconforme cu a\u0219tept\u0103rile epocii \u0219i care \u00ee\u0219i&hellip;<\/p>\n","protected":false},"author":1,"featured_media":4864,"comment_status":"open","ping_status":"open","sticky":false,"template":"","format":"standard","meta":{"jetpack_post_was_ever_published":false,"_jetpack_newsletter_access":"","_jetpack_dont_email_post_to_subs":false,"_jetpack_newsletter_tier_id":0,"_jetpack_memberships_contains_paywalled_content":false,"_jetpack_memberships_contains_paid_content":false,"footnotes":"","jetpack_publicize_message":"","jetpack_publicize_feature_enabled":true,"jetpack_social_post_already_shared":true,"jetpack_social_options":{"image_generator_settings":{"template":"highway","default_image_id":0,"font":"","enabled":false},"version":2}},"categories":[3],"tags":[1067,1068],"class_list":["post-4865","post","type-post","status-publish","format-standard","has-post-thumbnail","hentry","category-general-trash","tag-nume","tag-stories"],"views":2001,"jetpack_publicize_connections":[],"jetpack_featured_media_url":"https:\/\/catalinx.ro\/wordpress\/wp-content\/uploads\/2016\/03\/wpid-wp-1459105761548.jpg","jetpack_sharing_enabled":true,"jetpack_shortlink":"https:\/\/wp.me\/p4Eq23-1gt","jetpack-related-posts":[],"_links":{"self":[{"href":"https:\/\/catalinx.ro\/wordpress\/index.php?rest_route=\/wp\/v2\/posts\/4865","targetHints":{"allow":["GET"]}}],"collection":[{"href":"https:\/\/catalinx.ro\/wordpress\/index.php?rest_route=\/wp\/v2\/posts"}],"about":[{"href":"https:\/\/catalinx.ro\/wordpress\/index.php?rest_route=\/wp\/v2\/types\/post"}],"author":[{"embeddable":true,"href":"https:\/\/catalinx.ro\/wordpress\/index.php?rest_route=\/wp\/v2\/users\/1"}],"replies":[{"embeddable":true,"href":"https:\/\/catalinx.ro\/wordpress\/index.php?rest_route=%2Fwp%2Fv2%2Fcomments&post=4865"}],"version-history":[{"count":3,"href":"https:\/\/catalinx.ro\/wordpress\/index.php?rest_route=\/wp\/v2\/posts\/4865\/revisions"}],"predecessor-version":[{"id":4894,"href":"https:\/\/catalinx.ro\/wordpress\/index.php?rest_route=\/wp\/v2\/posts\/4865\/revisions\/4894"}],"wp:featuredmedia":[{"embeddable":true,"href":"https:\/\/catalinx.ro\/wordpress\/index.php?rest_route=\/wp\/v2\/media\/4864"}],"wp:attachment":[{"href":"https:\/\/catalinx.ro\/wordpress\/index.php?rest_route=%2Fwp%2Fv2%2Fmedia&parent=4865"}],"wp:term":[{"taxonomy":"category","embeddable":true,"href":"https:\/\/catalinx.ro\/wordpress\/index.php?rest_route=%2Fwp%2Fv2%2Fcategories&post=4865"},{"taxonomy":"post_tag","embeddable":true,"href":"https:\/\/catalinx.ro\/wordpress\/index.php?rest_route=%2Fwp%2Fv2%2Ftags&post=4865"}],"curies":[{"name":"wp","href":"https:\/\/api.w.org\/{rel}","templated":true}]}}