

{"id":4981,"date":"2016-04-03T09:26:05","date_gmt":"2016-04-03T07:26:05","guid":{"rendered":"http:\/\/catalinx.ro\/wordpress\/?p=4981"},"modified":"2016-04-03T09:26:05","modified_gmt":"2016-04-03T07:26:05","slug":"coriandru-cplm-e-asta","status":"publish","type":"post","link":"https:\/\/catalinx.ro\/wordpress\/?p=4981","title":{"rendered":"Coriandru. CPLM e \u0103sta?"},"content":{"rendered":"<div id=\"fb-root\"><\/div>\n<p>E netul prin de re\u021bete cu <a href=\"http:\/\/www.reteteculinare.ro\/ghid_alimente\/C\/coriandru\/\">coriandru<\/a>.<br \/>\nPui, supe \u0219i&nbsp; pe\u0219te, chiftele de pe\u0219te aromatizate cu mireasma de origine obscur\u0103&#8230;<\/p>\n<p>Ca un \u021b\u0103ran ce sunt, am luat un plic de semin\u021be acum un an \u0219i i l-am dat <em>lu&#8217; mama <\/em>s\u0103-l \u00eens\u0103m\u00e2n\u021beze.&nbsp; Dup\u0103 care,&nbsp; mai t\u00e2rziu,&nbsp; m-a \u00eentrebat ce vreau s\u0103 dac cu el.<br \/>\n-P\u0103i, condiment.<br \/>\n-Tu \u0219tii cum miroase?<br \/>\n-Nici cea mai vag\u0103 idee.<\/p>\n<p>Mai \u00eent\u00e2i,&nbsp; a\u0219a arat\u0103.<\/p>\n<p><a href=\"http:\/\/catalinx.ro\/wordpress\/wp-content\/uploads\/2016\/04\/wpid-wp-1459667781059.jpg\"><img decoding=\"async\" title=\"wp-1459667781059\" class=\"alignnone size-full\"  alt=\"image\" src=\"http:\/\/catalinx.ro\/wordpress\/wp-content\/uploads\/2016\/04\/wpid-wp-1459667781059.jpg\" \/><\/a><\/p>\n<p><a href=\"http:\/\/catalinx.ro\/wordpress\/wp-content\/uploads\/2016\/04\/wpid-wp-1459667801904.jpg\"><img decoding=\"async\" title=\"wp-1459667801904\" class=\"alignnone size-full\"  alt=\"image\" src=\"http:\/\/catalinx.ro\/wordpress\/wp-content\/uploads\/2016\/04\/wpid-wp-1459667801904.jpg\" \/><\/a><\/p>\n<p>Al dracu&#8217;,&nbsp; n-a pierit nici anul urm\u0103tor,&nbsp; adic\u0103 anul \u0103sta.&nbsp; Rom\u00e2nul \u0219i iarba rea nu piere. Nu pier.<\/p>\n<p>Am rupt o frunz\u0103 \u0219i am mirosit-o.<br \/>\nS\u0103-\u021bi bagi pula \u0219i alta nu!<br \/>\nAduce at\u00e2t de tare a plosnita c\u0103-mi vine s\u0103 \u00eemi \u00eentorc ma\u021bele pe dos \u0219i acum c\u00e2nd scriu.<\/p>\n<p>Asta \u0219i pentru c\u0103 \u00eenc\u0103 nu s-a dus danful din <em>de\u0219te. <\/em><br \/>\nAcest&nbsp; &#x1f4f1; de pe care scriu este acum spurcat pe veci.<\/p>\n<p>De-acum am s\u0103 citesc cu foarte mare aten\u021bie meniurile prin restaurante.&nbsp;<\/p>\n<p>Dori\u021bi un macrou la gr\u0103tar cu vierme <a href=\"http:\/\/m.cotidianul.ro\/article.php?id=278810\">anisakis<\/a> \u0219i arom\u0103 de plosnita de p\u0103dure? Fresh!<\/p>\n","protected":false},"excerpt":{"rendered":"<p>E netul prin de re\u021bete cu coriandru. Pui, supe \u0219i&nbsp; pe\u0219te, chiftele de pe\u0219te aromatizate cu mireasma de origine obscur\u0103&#8230; Ca un \u021b\u0103ran ce sunt,&hellip;<\/p>\n","protected":false},"author":1,"featured_media":0,"comment_status":"open","ping_status":"open","sticky":false,"template":"","format":"standard","meta":{"jetpack_post_was_ever_published":false,"_jetpack_newsletter_access":"","_jetpack_dont_email_post_to_subs":false,"_jetpack_newsletter_tier_id":0,"_jetpack_memberships_contains_paywalled_content":false,"_jetpack_memberships_contains_paid_content":false,"footnotes":"","jetpack_publicize_message":"","jetpack_publicize_feature_enabled":true,"jetpack_social_post_already_shared":true,"jetpack_social_options":{"image_generator_settings":{"template":"highway","default_image_id":0,"font":"","enabled":false},"version":2}},"categories":[675,614,500],"tags":[1089,1087,1088],"class_list":["post-4981","post","type-post","status-publish","format-standard","hentry","category-agro","category-bio","category-self","tag-aroma","tag-coriandru","tag-plosnita"],"views":2332,"jetpack_publicize_connections":[],"jetpack_featured_media_url":"","jetpack_sharing_enabled":true,"jetpack_shortlink":"https:\/\/wp.me\/p4Eq23-1il","jetpack-related-posts":[],"_links":{"self":[{"href":"https:\/\/catalinx.ro\/wordpress\/index.php?rest_route=\/wp\/v2\/posts\/4981","targetHints":{"allow":["GET"]}}],"collection":[{"href":"https:\/\/catalinx.ro\/wordpress\/index.php?rest_route=\/wp\/v2\/posts"}],"about":[{"href":"https:\/\/catalinx.ro\/wordpress\/index.php?rest_route=\/wp\/v2\/types\/post"}],"author":[{"embeddable":true,"href":"https:\/\/catalinx.ro\/wordpress\/index.php?rest_route=\/wp\/v2\/users\/1"}],"replies":[{"embeddable":true,"href":"https:\/\/catalinx.ro\/wordpress\/index.php?rest_route=%2Fwp%2Fv2%2Fcomments&post=4981"}],"version-history":[{"count":1,"href":"https:\/\/catalinx.ro\/wordpress\/index.php?rest_route=\/wp\/v2\/posts\/4981\/revisions"}],"predecessor-version":[{"id":4982,"href":"https:\/\/catalinx.ro\/wordpress\/index.php?rest_route=\/wp\/v2\/posts\/4981\/revisions\/4982"}],"wp:attachment":[{"href":"https:\/\/catalinx.ro\/wordpress\/index.php?rest_route=%2Fwp%2Fv2%2Fmedia&parent=4981"}],"wp:term":[{"taxonomy":"category","embeddable":true,"href":"https:\/\/catalinx.ro\/wordpress\/index.php?rest_route=%2Fwp%2Fv2%2Fcategories&post=4981"},{"taxonomy":"post_tag","embeddable":true,"href":"https:\/\/catalinx.ro\/wordpress\/index.php?rest_route=%2Fwp%2Fv2%2Ftags&post=4981"}],"curies":[{"name":"wp","href":"https:\/\/api.w.org\/{rel}","templated":true}]}}