

{"id":5001,"date":"2016-04-06T19:12:44","date_gmt":"2016-04-06T17:12:44","guid":{"rendered":"http:\/\/catalinx.ro\/wordpress\/?p=5001"},"modified":"2016-04-06T19:13:55","modified_gmt":"2016-04-06T17:13:55","slug":"rca-ni-se-pregateste-ceva","status":"publish","type":"post","link":"https:\/\/catalinx.ro\/wordpress\/?p=5001","title":{"rendered":"RCA: Ni se preg\u0103te\u0219te ceva."},"content":{"rendered":"<div id=\"fb-root\"><\/div>\n<p><span style=\"font-family: 'andale mono', monospace;\">Practic , in momentul de fa\u021b\u0103 asigurarea RCA nu numai c\u0103 nu este util\u0103 dar este \u0219i nociv\u0103 \u0219i este pe cale s\u0103 devin\u0103 \u0219i mai nociv\u0103 de atat. \u00a0Triumful civiliza\u021biei.<\/span><\/p>\n<p><span style=\"font-family: 'andale mono', monospace;\">Avem aici doua \u0219tiri:<\/span><\/p>\n<p><span style=\"font-family: 'andale mono', monospace;\"><a href=\"http:\/\/www.profit.ro\/stiri\/noua-lege-rca-polite-in-rate-pe-orice-perioada-multiplu-de-o-luna-platile-pentru-vatamari-din-accidente-limitate-pe-model-adas-15422706\">Asta de pe profit.ro<\/a><\/span><br \/>\n<a href=\"http:\/\/catalinx.ro\/wordpress\/wp-content\/uploads\/2016\/04\/wpid-wp-1459962516591.png\"><img decoding=\"async\" class=\"alignnone size-full\" title=\"wp-1459962516591\" src=\"http:\/\/catalinx.ro\/wordpress\/wp-content\/uploads\/2016\/04\/wpid-wp-1459962516591.png\" alt=\"image\" \/><\/a><\/p>\n<p><span style=\"font-family: 'andale mono', monospace;\"><a href=\"http:\/\/www.auto-bild.ro\/stiri\/raport-2015-numarul-accidentelor-provocate-de-soferi-cu-masini-fara-rca-s-a-dublat-fata-de-2010-94718.html\">si asta de ieri<\/a> aparut\u0103 \u00een mai multe surse<\/span><\/p>\n<p>&nbsp;<\/p>\n<p><span style=\"font-family: 'andale mono', monospace;\">Ce spun aceste 2 \u0219tiri?\u00a0<\/span><\/p>\n<p><span style=\"font-family: 'andale mono', monospace;\">Prima spune ca parlamentul rom\u00e2niei , s-a gandit el a\u0219a c\u0103 asiguratorii pierd prea mul\u021bi bani \u00een procesele de desp\u0103gubire a victimelor accidentelor de circula\u021bie , inclusiv a urma\u0219ilor , \u00een caz de deces.<\/span><\/p>\n<p><span style=\"font-family: 'andale mono', monospace;\">\u0218i vor standardizarea desp\u0103gubirilor suportate de c\u0103tre asigurator , dup\u0103 o gril\u0103 imbecil\u0103, din c\u00e2te \u00een\u021beleg . <\/span><\/p>\n<blockquote><p><em>Formula g\u0103sit\u0103 de asigur\u0103tori este apropiat\u0103 de sistemul utilizat \u00een perioada comunist\u0103 de c\u0103tre compania de stat ADAS. Fiec\u0103rui tip de v\u0103t\u0103mare \u00eei este atribuit un anumit punctaj pentru ca valoarea desp\u0103gubirii s\u0103 poate fii stabilit\u0103 unitar, indiferent de caz<\/em>.<\/p><\/blockquote>\n<p><span style=\"font-family: 'andale mono', monospace;\">Comuni\u0219ti p\u00e2n\u0103 la cap\u0103t. Si chiar si un pic mai incolo.<\/span><\/p>\n<p><span style=\"font-family: 'andale mono', monospace;\">Nu vreau s\u0103 m\u0103 leg prea mult de limitarea maximelor la suma de referin\u021b\u0103 de cca. 100 000 euro. S\u0103 zicem c\u0103 nu asta e buba mare , de\u0219i , dac\u0103 un dobitoc priveaz\u0103 familia mea de veniturile mele , b\u0103g\u00e2ndu-m\u0103 \u00eentr-un cavou, sau mai r\u0103u, transform\u00e2ndu-m\u0103 \u00een legum\u0103 irecuperabil\u0103 100 000 de euro sunt bani de semin\u021be , privite pe distan\u021ba unei vie\u021bi. Banii a\u0219tia sunt mai pu\u021bin dec\u00e2t c\u00e2\u0219tig eu \u00een 10 ani. Mult mai pu\u021bini. O via\u021b\u0103 de munc\u0103 are dup\u0103 ultimele calcule mai bine de 40 de ani. <\/span><\/p>\n<p><span style=\"font-family: 'andale mono', monospace;\"><strong>\u00a0\u0218tiu, hipsterii\u00a0dintre voi care se cred de dreapta , dar sunt doar imbecili , vor spune c\u0103 nu e treaba asigur\u0103torului s\u0103 se g\u00e2ndeasca la confortul vie\u021bii familiei mele \u0219i c\u0103 trebuie s\u0103 \u00eemi fac eu asigurare de via\u021b\u0103.<\/strong><\/span><\/p>\n<p><span style=\"font-family: 'andale mono', monospace;\">\u00a0Acestor hipsteri \u021bin s\u0103 le transmit \u00een mod special muie cu pichammerul. Mult\u0103! \u00centruc\u00e2t ideea de justi\u021bie presupune imputabilitatea \u0219i posibilitatea de repara\u021bie a pagubelor produse de catre oricine.<\/span><\/p>\n<p><span style=\"font-family: 'andale mono', monospace;\">I-auzi aici:<\/span><\/p>\n<blockquote><p><em><a href=\"http:\/\/www.profit.ro\/stiri\/noua-lege-rca-polite-in-rate-pe-orice-perioada-multiplu-de-o-luna-platile-pentru-vatamari-din-accidente-limitate-pe-model-adas-15422706\"><span style=\"font-size: 18pt;\"><strong><span style=\"font-family: terminal, monaco, monospace;\">Asigur\u0103torii<\/span><\/strong><\/span> se a\u0219teapt\u0103 ca acest sistem s\u0103 fie preluat \u0219i de c\u0103tre judec\u0103torii care administreaz\u0103 dosarele \u00een care victimele accidentelor cer desp\u0103gubiri de la asigur\u0103tor. Legea RCA, \u00eens\u0103, nu va putea deveni obligatorie pentru judec\u0103tori \u0219i nici nu poate limita accesul oamenilor la justi\u021bie.<\/a><\/em><\/p><\/blockquote>\n<p><span style=\"font-family: 'andale mono', monospace;\">Ba da, b\u0103. Dac\u0103 dai o lege , ea devine obligatorie pentru judec\u0103tori, c\u0103 d-aia e lege. Iar pe urm\u0103 trebuie s\u0103 stai sa invoci excep\u021bii de constitu\u021bionalitate \u0219i de pula mea \u0219i s\u0103 te caci pe tine zeci de ani prin procese p\u00e2n\u0103 mori sper\u00e2nd c\u0103 se va face dreptate&#8230;c\u00e2ndva.<\/span><\/p>\n<p><span style=\"font-family: 'andale mono', monospace;\">Dar cel mai de c\u0103cat aspect al legii \u0103\u0219tia , dup\u0103 cum am spus , nu e limita maxim\u0103. Ci \u00a0\u00eentreg sistemul de punctaj propus.<\/span><\/p>\n<blockquote><p><span style=\"font-family: 'andale mono', monospace;\"><em>\u00cen cazul unor v\u0103t\u0103m\u0103ri mai pu\u021bin grave, dar semnificative, sumele pot fi chiar derizorii. De exemplu, un picior rupt echivaleaz\u0103 cu un punct, sau 2.500 de lei, iar un ochi pierdut echivaleaz\u0103 cu aproximativ 10 puncte sau 25.000 de lei.<\/em><\/span><\/p><\/blockquote>\n<p><span style=\"font-family: 'andale mono', monospace;\">Ca idee, cam <a href=\"http:\/\/www.lectiadeortopedie.ro\/colaborare-sanador\/\">at\u00e2t e factura<\/a>\u00a0\u00a0dac\u0103 \u00ee\u021bi fu\u021bi diverse chestii pe la un picior \u00een cazul unui accident \u0219i poate nu vrei s\u0103 sta \u00eentr-un spital infect de stat , unde trebuie s\u0103 dai oricum o sum\u0103 apropiat\u0103 \u00een \u0219pag\u0103 \u0219i achizi\u021bionare de diverse chestii pe banii t\u0103i. Dublu.<\/span><\/p>\n<p><span style=\"font-family: 'andale mono', monospace;\">Dac\u0103 \u00eemi fut o m\u00e2n\u0103, am belit pula c\u0103 eu cu asta ap\u0103s pe taste. Nu m\u0103 fute\u021bi cu concediu medical, c\u0103 la mine se aplic\u0103 \u00a0dar al\u021bii sunt freelanceri \u0219i nu e vina lor c\u0103 un dobitoc le fute via\u021ba, au dreptul la compensa\u021bie \u00a0realist\u0103.<\/span><\/p>\n<p><strong>Atunci, \u00eentrebarea esen\u021bial\u0103 e legat\u0103 de modul \u00een care vor s\u0103 aplice legea:<\/strong><\/p>\n<p><span style=\"font-family: 'andale mono', monospace;\">1) \u00a0Fie vor s\u0103 o dea la modul : A\u0219tia sunt banii , at\u00e2t prime\u0219ti , ne doare \u00een pul\u0103 de via\u021ba ta \u00a0&#8211; caz \u00een care e atacabil\u0103 , e o mizerie \u0219i aduce antingere dincolo de spectrul RCA, motiv pentru care asigurarea RCA e mai bine s\u0103 dispar\u0103, iar asiguratorii trebuie sp\u00e2nzura\u021bi de coaie . <\/span><\/p>\n<p><span style=\"font-family: 'andale mono', monospace;\">De ce? Pentru ca prefer s\u0103 fiu lovit de un prost f\u0103r\u0103 asigurare , s\u0103-l dau \u00een judecat\u0103 pe el \u0219i sa-i iau tot ce are , cas\u0103 , ma\u0219ina, nevasta \u0219i copiii pe post de sclavi , sau orice \u00eemi este permis s\u0103-i execut , plus poprire pe venituri toat\u0103 vie\u021bi\u0219oara lui , sa-l toc mai ceva ca IFNurile recuperatoare de credite. A\u0219a \u00eenve\u021bi ce e aia responsabilitate \u0219i mergi cu autobuzul dac\u0103 nu ai coaie.<\/span><\/p>\n<p><span style=\"font-family: 'andale mono', monospace;\">Punctul unul e trimful vicios al socialismului \u0219i oglinda faptului ca modelul \u0103sta e convenabil doar pentru s\u0103araci, c\u0103 la asta duce: La s\u0103racirea \u00een mod egal , sus\u021binut \u0219i echitabil al tuturor cet\u0103\u021benilor. Doar c\u0103 unii muncesc ca s\u0103 ajung\u0103 s\u0103raci \u00een timp ce al\u021bii reu\u0219sesc f\u0103r\u0103 prea mari eforturi.<\/span><\/p>\n<p><span style=\"font-family: 'andale mono', monospace;\">2) Fie vor s\u0103 o dea la modul: Asigur\u0103torii sunt s\u0103raci , ne pare r\u0103u, pentru ca RCA-ul costa prea pu\u021bin \u0219i nu \u00eel putem m\u0103ri pentru ca \u0219i asigura\u021bii sunt, majoritatea, tot s\u0103raci. Prin urmare , responsabilitatea \u00a0asigur\u0103torului se limiteaz\u0103 la grila pulii, iar mai departe , dac\u0103 vrei , trebuie s\u0103 te cer\u021bi separat cu vinovatul \u00een cauz\u0103. \u00a0Care sun\u0103 mai bine dec\u00e2t varianta 1) , c\u0103-\u021bi d\u0103 posibilitatea , ca victim\u0103, \u00een teorie, s\u0103 po\u021bi fi desp\u0103gubit integral, sau m\u0103car propor\u021bional \u0219i mai apropiat de valoarea daunelor, dar \u00een practic\u0103 e tot c\u0103c\u0103cios, iar asigur\u0103torii trebuiesc prin\u0219i \u0219i ei \u0219i angaja\u021bii lor \u0219i sp\u00e2nzura\u021bi de coaie, unul c\u00e2te unul.<\/span><\/p>\n<p><span style=\"font-family: 'andale mono', monospace;\">De ce? Pentru c\u0103 asigurarea pulii devine inutil\u0103, cel pu\u021bin \u00een accidentele cu victime, de care ar trebui s\u0103 ne pese cel mai mult, mai mult oricum , dec\u00e2t c\u00e2t st\u0103 rabla \u00een service. Inutil\u0103, at\u00e2t timp c\u00e2t am aratat clar c\u0103 \u00a0grila pulii discrimineaz\u0103 victimele \u0219i \u00een situa\u021bia daunelor minime c\u00e2t \u0219i \u00een cea a daunelor maximale, \u0219i practic \u00ee\u021bi transmite \u00eempreun\u0103 cu o muie c\u0103lduroas\u0103, c\u0103 dac\u0103 vrei mai mult, va trebui s\u0103 te \u00eendrep\u021bi separat c\u0103tre vinovat.<\/span><\/p>\n<p><span style=\"font-family: 'andale mono', monospace;\">De ce e asta de c\u0103cat? O data pentru c\u0103 ii da falsa iluzie asiguratului s\u0103rac c\u0103 e asigurat \u0219i \u00a0\u00eei merge , ca s\u0103 zic a\u0219a, at\u00e2t timp c\u00e2t victimele lui sunt tot s\u0103raci ca \u0219i el, sau oameni f\u0103r\u0103 r\u0103bdare \u0219i \u00eencredere \u00een procesul de justi\u021bie, dar de fapt , \u00eel pune cu curul la b\u0103taie \u00a0f\u0103r\u0103 s\u0103-i dea senza\u021bia de responsabilitate. I\u021bi dai seama c\u0103 ai pus-o doar c\u00e2nd i\u021bi deschide unul dosar. Asta nu va contribui la \u00a0un trafic mai responsabil, ci la o tergiversare \u0219i mai mare a cauzelor. \u00a0Pentru ce?<\/span><\/p>\n<p><span style=\"font-family: 'andale mono', monospace;\">Pentru c\u0103 \u00a0trebuie \u00eemp\u0103cate capra \u0219i varza aici \u0219i c\u0103 nu suntem \u00een stare nici de socialism , nici de liberalism , nici de stat de drept nici de nimic ,\u00een pula mea , \u00een afara de luat voturi:<\/span><\/p>\n<p><span style=\"font-family: 'andale mono', monospace;\">Anume asigur\u0103torii , care nu mai vor s\u0103 pl\u0103teasca at\u00e2t de mult &#8211; iar din partea mea , muie lor , mah, ce , \u0103sta e statul asiguratorilor? Ce socialism e \u0103sta ?<\/span><\/p>\n<p><span style=\"font-family: 'andale mono', monospace;\">\u0218i anume \u00a0asigura\u021bii s\u0103raci \u0219i cu voturi multe care nu vor \u0219i nu pot suporta costuri mai mari \u00een poli\u021ba de asigurare . Iar aici , ar trebui inclusi \u0219i transportatorii.<\/span><\/p>\n<p><span style=\"font-family: 'andale mono', monospace;\">Practic , hai s\u0103 fie ca toata lumea, c\u0103 mor\u021bii oricum sunt de vin\u0103. \u00a0\u00a0<\/span><\/p>\n<p><span style=\"font-family: 'andale mono', monospace;\">Iar inutilitatea \u00a0cresc\u00e2nd\u0103 a RCA-ului se deduce din \u0219tirea a doua , aia \u00een care se spune c\u0103 din 2010 \u0219i p\u00e2n\u0103 acum s-a dublat numarul cazurilor de accidente av\u00e2nd vinova\u021bi persoane f\u0103r\u0103 asigurare , \u00een care Fondul de Protec\u021bie\u00a0\u00a0Victimelor Str\u0103zii ( FVPS) a pl\u0103tit daune \u00a0victimelor . <\/span><\/p>\n<p><span style=\"font-family: 'andale mono', monospace;\"><strong>Ce ne spune asta?<\/strong> C\u0103 nu faptul c\u0103 s-au dublat aia f\u0103r\u0103 asigurare e \u0219tirea. M\u0103 rog , poate s\u0103 \u00eensemne ceva legat de, de ce alege statul solu\u021bii a\u0219a schioape \u0219i pentru s\u0103raci , l\u0103s\u00e2nd la o parte presiunea \u0219i s\u0103-i spunem civilizt lobby-ul din partea asiguratorilor.<\/span><\/p>\n<p><span style=\"font-family: 'andale mono', monospace;\">Ne spune c\u0103 \u0103\u0219tia pl\u0103tesc, b\u0103h. \u00a0\u0102\u0219tia care primesc 1% din valoarea pe care o pl\u0103te\u0219ti tu la asigurare PL\u0102-TESC.<\/span><\/p>\n<p><span style=\"font-family: 'andale mono', monospace;\">Practic , daca ai nenorocul s\u0103 te lovesc \u0219i s\u0103 fie din vina mea \u0219i sincer nu \u00eemi doresc asta,\u00a0<strong> vei fi prefer\u00e2nd ca eu s\u0103 nu am asigurare , pentru ca s\u0103 po\u021bi fi desp\u0103gubit de fondul \u0103sta, mai degraba dec\u00e2t de asigur\u0103torul meu.<\/strong><\/span><\/p>\n<p><span style=\"font-family: 'andale mono', monospace;\">Dar eu sunt un cet\u0103\u021bean model \u0219i nu merg f\u0103r\u0103 asigurare , ci \u00a0pl\u0103tesc&#8230; la EuroIns, a\u0219a c\u0103 mult noroc?\u00a0<\/span><\/p>\n<p><span style=\"font-family: 'andale mono', monospace;\">\u00cen\u021belege\u021bi acum ce vreau s\u0103 spun? \u00centre\u021binem cu bani pu\u021bini un sistem inutil , care mai mult ne \u00eencurc\u0103 \u0219i singurul lucru la care e bun e s\u0103 ne ia banii.<\/span><\/p>\n<p>&nbsp;<\/p>\n<p><span style=\"font-family: 'andale mono', monospace;\">Solu\u021bia e \u00een fa\u021ba lor \u0219i am mai <a href=\"http:\/\/catalinx.ro\/wordpress\/?p=3743\">enun\u021bat-o<\/a> \u0219i eu \u0219i al\u021bii.<\/span><\/p>\n<p><span style=\"font-family: georgia, palatino, serif; font-size: 10pt; color: #993300;\"><strong>Anume , asigurarea asta are o singur\u0103 \u0219ans\u0103 s\u0103 ias\u0103 bine: Trebuie s\u0103 se instituie ca repara\u021biile pe care le faci pe poli\u021ba altuia s\u0103 fie la asigur\u0103torul t\u0103u , nu la al lui. Iar decontul\/regresia \u00a0s\u0103 se regleze la nivel de rechini. \u00cen felul \u0103sta vei fi stimulat s\u0103 pl\u0103te\u0219ti at\u00e2t de mult , \u00een func\u021bie de ce calitate a serviciilor\u00a0dore\u0219ti, iar cei ce nu pl\u0103tesc vor disp\u0103rea .<\/strong><\/span><\/p>\n<p><span style=\"font-family: 'andale mono', monospace;\">Dar nu se va \u00eentampla a\u0219a , c\u0103 nu vrea nimeni.<\/span><\/p>\n","protected":false},"excerpt":{"rendered":"<p>Practic , in momentul de fa\u021b\u0103 asigurarea RCA nu numai c\u0103 nu este util\u0103 dar este \u0219i nociv\u0103 \u0219i este pe cale s\u0103 devin\u0103 \u0219i&hellip;<\/p>\n","protected":false},"author":2,"featured_media":5006,"comment_status":"open","ping_status":"open","sticky":false,"template":"","format":"standard","meta":{"jetpack_post_was_ever_published":false,"_jetpack_newsletter_access":"","_jetpack_dont_email_post_to_subs":false,"_jetpack_newsletter_tier_id":0,"_jetpack_memberships_contains_paywalled_content":false,"_jetpack_memberships_contains_paid_content":false,"footnotes":"","jetpack_publicize_message":"","jetpack_publicize_feature_enabled":true,"jetpack_social_post_already_shared":true,"jetpack_social_options":{"image_generator_settings":{"template":"highway","default_image_id":0,"font":"","enabled":false},"version":2}},"categories":[621,170],"tags":[878,877],"class_list":["post-5001","post","type-post","status-publish","format-standard","has-post-thumbnail","hentry","category-articole","category-politice","tag-asigurari","tag-rca"],"views":1996,"jetpack_publicize_connections":[],"jetpack_featured_media_url":"https:\/\/catalinx.ro\/wordpress\/wp-content\/uploads\/2016\/04\/wpid-wp-1459962723804.jpg","jetpack_sharing_enabled":true,"jetpack_shortlink":"https:\/\/wp.me\/p4Eq23-1iF","jetpack-related-posts":[],"_links":{"self":[{"href":"https:\/\/catalinx.ro\/wordpress\/index.php?rest_route=\/wp\/v2\/posts\/5001","targetHints":{"allow":["GET"]}}],"collection":[{"href":"https:\/\/catalinx.ro\/wordpress\/index.php?rest_route=\/wp\/v2\/posts"}],"about":[{"href":"https:\/\/catalinx.ro\/wordpress\/index.php?rest_route=\/wp\/v2\/types\/post"}],"author":[{"embeddable":true,"href":"https:\/\/catalinx.ro\/wordpress\/index.php?rest_route=\/wp\/v2\/users\/2"}],"replies":[{"embeddable":true,"href":"https:\/\/catalinx.ro\/wordpress\/index.php?rest_route=%2Fwp%2Fv2%2Fcomments&post=5001"}],"version-history":[{"count":3,"href":"https:\/\/catalinx.ro\/wordpress\/index.php?rest_route=\/wp\/v2\/posts\/5001\/revisions"}],"predecessor-version":[{"id":5008,"href":"https:\/\/catalinx.ro\/wordpress\/index.php?rest_route=\/wp\/v2\/posts\/5001\/revisions\/5008"}],"wp:featuredmedia":[{"embeddable":true,"href":"https:\/\/catalinx.ro\/wordpress\/index.php?rest_route=\/wp\/v2\/media\/5006"}],"wp:attachment":[{"href":"https:\/\/catalinx.ro\/wordpress\/index.php?rest_route=%2Fwp%2Fv2%2Fmedia&parent=5001"}],"wp:term":[{"taxonomy":"category","embeddable":true,"href":"https:\/\/catalinx.ro\/wordpress\/index.php?rest_route=%2Fwp%2Fv2%2Fcategories&post=5001"},{"taxonomy":"post_tag","embeddable":true,"href":"https:\/\/catalinx.ro\/wordpress\/index.php?rest_route=%2Fwp%2Fv2%2Ftags&post=5001"}],"curies":[{"name":"wp","href":"https:\/\/api.w.org\/{rel}","templated":true}]}}