

{"id":5242,"date":"2016-05-01T12:05:07","date_gmt":"2016-05-01T10:05:07","guid":{"rendered":"http:\/\/catalinx.ro\/wordpress\/?p=5242"},"modified":"2016-05-02T07:02:46","modified_gmt":"2016-05-02T05:02:46","slug":"pastele-la-mare","status":"publish","type":"post","link":"https:\/\/catalinx.ro\/wordpress\/?p=5242","title":{"rendered":"Pa\u0219tele la mare?"},"content":{"rendered":"<div id=\"fb-root\"><\/div>\n<p>Aud c\u0103 retelistica bisericeasc\u0103 ( bisericoasa) s-a dezvoltat \u00een ultimii ani, c\u0103 \u0103\u0219tia de la mine nu mai aprind lumina de \u00eenviere de la o lumeasc\u0103 brichet\u0103,&nbsp; ptiu drace, chibrit! Ci se duc \u0219i o iau de la &#x1f682; trin din comuna vecin\u0103, c\u0103 pe la noi nu trece , care vine cu trinu de la aeroport de la Craiova, sau <em>di la <\/em>Sibiu, dracu&#8217; s\u0103-i ia de unde or zbura de \u00eendat\u0103 ce aterizeaz\u0103 de la Bucure\u0219ti.&nbsp; Iar acolo nu se propag\u0103 de la catedrala m\u00e2ntuirii pro\u0219tilor,&nbsp; c\u0103 aia nu e gata, ci tot cu avionul vine tocmai din Ierusalim, de unde, sanchi se aprinde singur\u0103.&nbsp;<br \/>\nB\u0103, c\u00e2t\u0103&nbsp; propagand\u0103,&nbsp; c\u00e2\u021bi bani risipi\u021bi,&nbsp; c\u00e2t\u0103 prefacere \u0219i ritual doar s\u0103 te asiguri c\u0103 ai, dom&#8217;ne, un proces centralizat \u0219i nelaicizat de distribu\u021bie a luminii de la surs\u0103.&nbsp; Pula mea, PR cretin. Cre\u0219tin ORTODOX,&nbsp; coaie.<br \/>\nPe vremea mea,&nbsp; <em>adic\u0103 c\u00e2nd <\/em>eram copil, mergea \u0219i din chibrit, mergea \u0219i \u00eenvierea la 3 diminea\u021ba,&nbsp; mergea <em>\u0219i a\u0219a. <\/em><br \/>\nNot anymooooore! A ajuns civiliza\u021bia \u0219i acilea, sunt to\u021bi popii comunali mai ortodoc\u0219i dec\u00e2t Daniel.&nbsp;<\/p>\n<p>&nbsp;&nbsp;&nbsp;&nbsp;&nbsp;&nbsp;&nbsp;&nbsp;&nbsp;&nbsp;&nbsp;&nbsp;&nbsp;&nbsp;&nbsp;&nbsp;&nbsp;&nbsp;&nbsp;&nbsp;&nbsp;&nbsp;&nbsp;&nbsp;&nbsp; ***<br \/>\n&nbsp;&nbsp; Ce s\u0103 te faci, totu\u0219i, c\u0103 e \u00een de\u0219ert totul.<br \/>\nPa\u0219tele se suprapune cu 1 maiu muncitoresc \u0219i p-aci lumea se duce la mare de unu mai.<br \/>\n&nbsp; Tradi\u021bia asta nu o \u00een\u021beleg \u0219i m\u0103 distreaz\u0103 mai pu\u021bin&nbsp; dec\u00e2t spartul ou\u0103lor \u0219i t\u0103iatul mielului.<\/p>\n<p>M\u0103, nu zic, anul trecut am fost \u0219i eu <a href=\"http:\/\/catalinx.ro\/wordpress\/?p=2030\">la mare de 1mai.<\/a><br \/>\nDa&#8217; nu era frig s\u0103 te caci pe tine,&nbsp; sau s\u0103 bata vantu&#8217; s\u0103 te sim\u021bi ca la Marea Nordului.<br \/>\nB\u0103nuiesc ca nu po\u021bi eluda spiritul lu&#8217; 1 Mai, cum nu-l po\u021bi nici pe cel al lu&#8217; &#8220;Cristos a \u00eenviat!&#8221;. B\u0103nuiesc ca nu a m\u00e2ncat cineva azi la micul dejun un ou ochi sau omlet\u0103.&nbsp;<\/p>\n<p>Si-atunci iar nu \u00een\u021beleg de ce se amestec\u0103 s\u0103rb\u0103torile,&nbsp; de ce se permite s\u0103 avem Pa\u0219te de 1 mai?<br \/>\nCum ar fi s\u0103 avem Cr\u0103ciun pe 1 decembrie,&nbsp; sau Revelionul de <em>Sf\u00e2nt\u0103 M\u0103rie&#8230; <\/em><\/p>\n<p>\u00cen final,&nbsp; peisaj cu ou\u0103 de Pa\u0219te.<\/p>\n<p><a href=\"http:\/\/catalinx.ro\/wordpress\/wp-content\/uploads\/2016\/05\/wpid-wp-1462097016105.jpg\"><img decoding=\"async\" title=\"wp-1462097016105\" class=\"alignnone size-full\"  alt=\"image\" src=\"http:\/\/catalinx.ro\/wordpress\/wp-content\/uploads\/2016\/05\/wpid-wp-1462097016105.jpg\" \/><\/a><\/p>\n","protected":false},"excerpt":{"rendered":"<p>Aud c\u0103 retelistica bisericeasc\u0103 ( bisericoasa) s-a dezvoltat \u00een ultimii ani, c\u0103 \u0103\u0219tia de la mine nu mai aprind lumina de \u00eenviere de la o&hellip;<\/p>\n","protected":false},"author":1,"featured_media":5240,"comment_status":"open","ping_status":"open","sticky":false,"template":"","format":"standard","meta":{"jetpack_post_was_ever_published":false,"_jetpack_newsletter_access":"","_jetpack_dont_email_post_to_subs":false,"_jetpack_newsletter_tier_id":0,"_jetpack_memberships_contains_paywalled_content":false,"_jetpack_memberships_contains_paid_content":false,"footnotes":"","jetpack_publicize_message":"","jetpack_publicize_feature_enabled":true,"jetpack_social_post_already_shared":true,"jetpack_social_options":{"image_generator_settings":{"template":"highway","default_image_id":0,"font":"","enabled":false},"version":2}},"categories":[732],"tags":[1146,373],"class_list":["post-5242","post","type-post","status-publish","format-standard","has-post-thumbnail","hentry","category-religie-si-biserici","tag-1-mai","tag-paste"],"views":1830,"jetpack_publicize_connections":[],"jetpack_featured_media_url":"https:\/\/catalinx.ro\/wordpress\/wp-content\/uploads\/2016\/05\/wpid-wp-1462097054888.jpg","jetpack_sharing_enabled":true,"jetpack_shortlink":"https:\/\/wp.me\/p4Eq23-1my","jetpack-related-posts":[],"_links":{"self":[{"href":"https:\/\/catalinx.ro\/wordpress\/index.php?rest_route=\/wp\/v2\/posts\/5242","targetHints":{"allow":["GET"]}}],"collection":[{"href":"https:\/\/catalinx.ro\/wordpress\/index.php?rest_route=\/wp\/v2\/posts"}],"about":[{"href":"https:\/\/catalinx.ro\/wordpress\/index.php?rest_route=\/wp\/v2\/types\/post"}],"author":[{"embeddable":true,"href":"https:\/\/catalinx.ro\/wordpress\/index.php?rest_route=\/wp\/v2\/users\/1"}],"replies":[{"embeddable":true,"href":"https:\/\/catalinx.ro\/wordpress\/index.php?rest_route=%2Fwp%2Fv2%2Fcomments&post=5242"}],"version-history":[{"count":3,"href":"https:\/\/catalinx.ro\/wordpress\/index.php?rest_route=\/wp\/v2\/posts\/5242\/revisions"}],"predecessor-version":[{"id":5245,"href":"https:\/\/catalinx.ro\/wordpress\/index.php?rest_route=\/wp\/v2\/posts\/5242\/revisions\/5245"}],"wp:featuredmedia":[{"embeddable":true,"href":"https:\/\/catalinx.ro\/wordpress\/index.php?rest_route=\/wp\/v2\/media\/5240"}],"wp:attachment":[{"href":"https:\/\/catalinx.ro\/wordpress\/index.php?rest_route=%2Fwp%2Fv2%2Fmedia&parent=5242"}],"wp:term":[{"taxonomy":"category","embeddable":true,"href":"https:\/\/catalinx.ro\/wordpress\/index.php?rest_route=%2Fwp%2Fv2%2Fcategories&post=5242"},{"taxonomy":"post_tag","embeddable":true,"href":"https:\/\/catalinx.ro\/wordpress\/index.php?rest_route=%2Fwp%2Fv2%2Ftags&post=5242"}],"curies":[{"name":"wp","href":"https:\/\/api.w.org\/{rel}","templated":true}]}}