

{"id":5467,"date":"2016-05-30T00:10:04","date_gmt":"2016-05-29T22:10:04","guid":{"rendered":"http:\/\/catalinx.ro\/wordpress\/?p=5467"},"modified":"2016-05-30T00:10:04","modified_gmt":"2016-05-29T22:10:04","slug":"stiri-nesimtite-de-la-miezul-noptii","status":"publish","type":"post","link":"https:\/\/catalinx.ro\/wordpress\/?p=5467","title":{"rendered":"\u0218tiri nesim\u021bite de la miezul nop\u021bii"},"content":{"rendered":"<div id=\"fb-root\"><\/div>\n<p>E trecut de miezul nop\u021bii, dar a\u0219a e titlul.<\/p>\n<p><strong>Politice<\/strong><\/p>\n<p>Am dat co ochiu peste un <strong><a href=\"http:\/\/m.mediafax.ro\/politic\/euprimar-de-ce-nu-i-plac-candidatului-diaconu-paradele-gay-angela-merkel-si-klaus-iohannis-15393711\">interviu<\/a><\/strong> luat unui candidat la prim\u0103ria Bucure\u0219ti.<br \/>\nCum nu votez \u00een Bucure\u0219ti,&nbsp; nici nu pot s\u0103 spun c\u0103 \u00eel sus\u021bin,&nbsp; sau c\u0103 \u00eemi pas\u0103 dac\u0103 iese, oricum Firea v\u0103 sparge probabil pe to\u021bi.&nbsp; Mi se pare \u00eens\u0103 interesant\u0103 abordarea na\u021bionalist\u0103,&nbsp; transanta pe fa\u021b\u0103.&nbsp; Nu c\u0103 a\u0219 fi de acord cu el \u00een toate punctele de vedere, nu c\u0103 a\u0219 avea \u00eencredere c\u0103 ce spune aia vrea, m\u0103car,&nbsp; s\u0103 \u0219i fac\u0103,&nbsp; nici nu conteaz\u0103.&nbsp;<br \/>\n&nbsp;&nbsp; Conteaz\u0103 c\u0103 e unu&#8217; cu coaie ( \u0219i probabil f\u0103r\u0103 \u0219anse reale)&nbsp; care are tupeu s\u0103 spun\u0103 lucruri-le cum le vede.<br \/>\n&nbsp; Cea mai tare e pozi\u021bia \u00eempotriva construirii mosheii turce\u0219ti \u00een Bucure\u0219ti,&nbsp; pe care o asociaz\u0103 cu o mi\u0219care de islamizare a Europei.&nbsp;<br \/>\n&nbsp; Oric\u00e2t ai \u00eencerca s\u0103 negi anumite lucruri se cam v\u0103d \u0219i put,&nbsp; dar rareori vezi&nbsp; vreun om politic s\u0103 \u0219i spun\u0103 cu subiect \u0219i predicat care e percep\u021bia.&nbsp;<br \/>\nUite ici mostr\u0103,&nbsp; dac\u0103 v\u0103 e lene, poate, s\u0103 \u00eei citi\u021bi toate elucubra\u021biile.<\/p>\n<p><a href=\"http:\/\/catalinx.ro\/wordpress\/wp-content\/uploads\/2016\/05\/wp-1464558127295.png\"><img decoding=\"async\" title=\"wp-1464558127295\" class=\"alignnone size-full\"  alt=\"image\" src=\"http:\/\/catalinx.ro\/wordpress\/wp-content\/uploads\/2016\/05\/wp-1464558127295.png\" \/><\/a><\/p>\n<p>Intre timp la <a href=\"http:\/\/m.hotnews.ro\/stire\/21036623\">Istanbul <\/a> :<\/p>\n<p><a href=\"http:\/\/catalinx.ro\/wordpress\/wp-content\/uploads\/2016\/05\/wp-1464558272677.png\"><img decoding=\"async\" title=\"wp-1464558272677\" class=\"alignnone size-full\"  alt=\"image\" src=\"http:\/\/catalinx.ro\/wordpress\/wp-content\/uploads\/2016\/05\/wp-1464558272677.png\" \/><\/a><\/p>\n<p>Deci cum, b\u0103h?&nbsp; \u0102ia nu mai au unde s\u0103 se roage, vor s\u0103 bage rug\u0103ciuni \u0219i acolo?&nbsp;<br \/>\n\u00cen condi\u021biile \u00een care Moscheea Albastr\u0103 e efectiv la cap\u0103tul celalalt al parcului?&nbsp;<br \/>\nDubio\u0219i r\u0103u.&nbsp;<\/p>\n<p>Mai departe&#8230;<\/p>\n<p><a href=\"http:\/\/catalinx.ro\/wordpress\/wp-content\/uploads\/2016\/05\/wp-1464559226703.png\"><img decoding=\"async\" title=\"wp-1464559226703\" class=\"alignnone size-full\"  alt=\"image\" src=\"http:\/\/catalinx.ro\/wordpress\/wp-content\/uploads\/2016\/05\/wp-1464559226703.png\" \/><\/a><\/p>\n<p><a href=\"http:\/\/lbhn-1602388572.eu-west-1.elb.amazonaws.com\/stire\/21036831\">Toat\u0103 \u0219tirea aici. <\/a><br \/>\nDeci cum vine asta? \u0102la practic a pierdut preliminariile din partidul sau \u00een fa\u021ba lu&#8217; madam Clinton,&nbsp; dar continu\u0103 s\u0103 fac\u0103 campanie \u0219i s\u0103 str\u00e2ng\u0103 voturi. Pentru?<br \/>\nPentru c\u0103 e un mo\u0219 care reprezint\u0103, ca \u0219i ceilal\u021bi,&nbsp; grupuri de interese \u0219i sunt avizi dup\u0103 p\u00e2rghii \u0219i influen\u021b\u0103.&nbsp; Practic,&nbsp; s\u0103-i poat\u0103 spune nebunei alia, f\u0103 vezi c\u0103 suntem \u0219i noi pe aici \u0219i dac\u0103 nu ne bagi \u00een seam\u0103 \u00ee\u021bi d\u0103m br\u00e2nci pe sc\u0103ri.<br \/>\n\u0218i tare \u00eemi e c\u0103 cum \u00ee\u0219i dau ei asa la gioale,&nbsp; mi-i incaleca gur\u0103 spart\u0103 \u0103la de&nbsp; Trump \u0219i s\u0103 ne r\u00e2dem pe&nbsp; urm\u0103.<br \/>\n Care e miza?&nbsp; Pentru mine niciuna,&nbsp; dar&nbsp; Rom\u00e2nia tot se zbate s\u0103 nu ne mai cear\u0103 aia vize. Cu maimu\u021boiul la c\u00e2rma&nbsp; parc\u0103 vad mai pu\u021bine \u0219anse,<br \/>\nPoate e mai bine, \u00een US nu mai stersesera rom\u00e2nii mo\u0219i la cur.<\/p>\n<p>(at\u00e2ta c\u0103 mi- somn grav)<br \/>\n&#x1f4a4;<\/p>\n","protected":false},"excerpt":{"rendered":"<p>E trecut de miezul nop\u021bii, dar a\u0219a e titlul. Politice Am dat co ochiu peste un interviu luat unui candidat la prim\u0103ria Bucure\u0219ti. Cum nu&hellip;<\/p>\n","protected":false},"author":2,"featured_media":0,"comment_status":"open","ping_status":"open","sticky":false,"template":"","format":"standard","meta":{"jetpack_post_was_ever_published":false,"_jetpack_newsletter_access":"","_jetpack_dont_email_post_to_subs":false,"_jetpack_newsletter_tier_id":0,"_jetpack_memberships_contains_paywalled_content":false,"_jetpack_memberships_contains_paid_content":false,"footnotes":"","jetpack_publicize_message":"","jetpack_publicize_feature_enabled":true,"jetpack_social_post_already_shared":true,"jetpack_social_options":{"image_generator_settings":{"template":"highway","default_image_id":0,"font":"","enabled":false},"version":2}},"categories":[1],"tags":[],"class_list":["post-5467","post","type-post","status-publish","format-standard","hentry","category-uncategorized"],"views":1289,"jetpack_publicize_connections":[],"jetpack_featured_media_url":"","jetpack_sharing_enabled":true,"jetpack_shortlink":"https:\/\/wp.me\/p4Eq23-1qb","jetpack-related-posts":[],"_links":{"self":[{"href":"https:\/\/catalinx.ro\/wordpress\/index.php?rest_route=\/wp\/v2\/posts\/5467","targetHints":{"allow":["GET"]}}],"collection":[{"href":"https:\/\/catalinx.ro\/wordpress\/index.php?rest_route=\/wp\/v2\/posts"}],"about":[{"href":"https:\/\/catalinx.ro\/wordpress\/index.php?rest_route=\/wp\/v2\/types\/post"}],"author":[{"embeddable":true,"href":"https:\/\/catalinx.ro\/wordpress\/index.php?rest_route=\/wp\/v2\/users\/2"}],"replies":[{"embeddable":true,"href":"https:\/\/catalinx.ro\/wordpress\/index.php?rest_route=%2Fwp%2Fv2%2Fcomments&post=5467"}],"version-history":[{"count":1,"href":"https:\/\/catalinx.ro\/wordpress\/index.php?rest_route=\/wp\/v2\/posts\/5467\/revisions"}],"predecessor-version":[{"id":5468,"href":"https:\/\/catalinx.ro\/wordpress\/index.php?rest_route=\/wp\/v2\/posts\/5467\/revisions\/5468"}],"wp:attachment":[{"href":"https:\/\/catalinx.ro\/wordpress\/index.php?rest_route=%2Fwp%2Fv2%2Fmedia&parent=5467"}],"wp:term":[{"taxonomy":"category","embeddable":true,"href":"https:\/\/catalinx.ro\/wordpress\/index.php?rest_route=%2Fwp%2Fv2%2Fcategories&post=5467"},{"taxonomy":"post_tag","embeddable":true,"href":"https:\/\/catalinx.ro\/wordpress\/index.php?rest_route=%2Fwp%2Fv2%2Ftags&post=5467"}],"curies":[{"name":"wp","href":"https:\/\/api.w.org\/{rel}","templated":true}]}}