

{"id":5542,"date":"2016-06-08T19:38:49","date_gmt":"2016-06-08T17:38:49","guid":{"rendered":"http:\/\/catalinx.ro\/wordpress\/?p=5542"},"modified":"2016-06-08T19:46:39","modified_gmt":"2016-06-08T17:46:39","slug":"cum-sa-fii-la-fel-de-prost-ca-restul-piticiprosti","status":"publish","type":"post","link":"https:\/\/catalinx.ro\/wordpress\/?p=5542","title":{"rendered":"Cum s\u0103 fii la fel de prost ca restul. Piticiprosti"},"content":{"rendered":"<div id=\"fb-root\"><\/div>\n<p>Interviu imaginar:<\/p>\n<p><em>-Buna ziua, domnule. Dumneavoastra sunte\u021bi prost?<\/em><\/p>\n<p><em>-Da, dar nu mai mult ca restul.<\/em><\/p>\n<p><em>-Aha, atunci bine.<\/em><\/p>\n<p>Sunt un pic dezamagit . Citesc deseori chestiile scrise pe piticigratis , iar\u00a0\u00a0acolo unde nu sunt de acord , m\u0103car r\u00e2d cu poft\u0103. Doar c\u0103 de data asta omul dovede\u0219te c\u0103 e dezam\u0103gitor de prost sau poate r\u0103u inten\u021bionat.<\/p>\n<p>A scris <a href=\"http:\/\/www.piticigratis.com\/2016\/06\/ghid-electoral-pentru-tineretul-aiurit\/\">un ghid \u00a0electoral<\/a> ( nu am vrut sa comentez pe tema asta \u00een perioada alegerilor) care p\u00e2n\u0103 la un punct ( cu cine s\u0103 nu votezi ) e rezonabil.<\/p>\n<p>Dup\u0103 care se cac\u0103 pe el cu aceea\u0219i logic\u0103 ce conserv\u0103 Rom\u00e2nia \u00eentr-o bucl\u0103 vicioas\u0103 \u00een care sistemul se cac\u0103 pe noi , de c\u00e2nd lumea.<\/p>\n<p>&nbsp;<\/p>\n<p>Punctual \u00a0\u0219i apoi explic de ce ideologia asta e p\u0103guboas\u0103 p\u00e2n\u0103 \u00een m\u0103duv\u0103.<\/p>\n<blockquote><p>Te ui\u021bi frumos pe lista de candida\u021bi \u0219i pe numerele din sondaje. Este vreun candidat care nu face parte din partidele de mai sus \u0219i are \u0219anse reale de c\u00e2\u0219tig (la maxim 5 puncte de primul clasat) \u0219i \u0219tii c\u00e2t de c\u00e2t c\u0103 nu e un tic\u0103los notoriu? Voteaz\u0103-l pe \u0103la. Cel mai probabil nu exist\u0103, dar dac\u0103 exist\u0103, e\u0219ti norocos.<\/p>\n<p>Dac\u0103 nu e, vezi care sunt primii doi candida\u021bi. Sunt la distan\u021b\u0103 mai mic\u0103 de 5 puncte unul de altul? Voteaz\u0103-l pe \u0103la care e r\u0103ul cel mai mic. E distan\u021ba mai mare de 5 puncte \u00eentre ei? N-ai ce s\u0103 faci, asta e. Dac\u0103 votezi un cet\u0103\u021bean f\u0103r\u0103 nici o \u0219ans\u0103, pe care toate sondajele \u00eel dau drept complet pierdut, votul t\u0103u nu a valorat nimic. A fost doar un gest demonstrativ. \u0218i la fel de demonstrativ po\u021bi desena puli pe buletin sau po\u021bi chiuli direct de la vot.<\/p><\/blockquote>\n<p>De ce e asta de c\u0103cat? Pai citind <a href=\"http:\/\/www.evz.ro\/se-retrage-catalin-predoiu-pnl-anunta-un-sondaj-in-urma-caruia-va-fi-sustinut-cel-mai-bine-plasat-candidat-al-dreptei-impotriva-lui-firea-batalia-se-da-intre-nicusor-dan-si-candidatul-pnl.html\">sondajele <\/a>\u00a0de dinainte de \u00a0alegeri, care sunt f\u0103cute de ni\u0219te pro\u0219ti pe ni\u0219te pro\u0219ti \u00a0ai fi aflat ca \u00a0al doilea candidat ca \u0219ans\u0103 dup\u0103 Firea era \u00a0Predoiu cu 26%<\/p>\n<p><a href=\"http:\/\/www.evz.ro\/se-retrage-catalin-predoiu-pnl-anunta-un-sondaj-in-urma-caruia-va-fi-sustinut-cel-mai-bine-plasat-candidat-al-dreptei-impotriva-lui-firea-batalia-se-da-intre-nicusor-dan-si-candidatul-pnl.html\"><img loading=\"lazy\" decoding=\"async\" data-attachment-id=\"5543\" data-permalink=\"https:\/\/catalinx.ro\/wordpress\/?attachment_id=5543#main\" data-orig-file=\"https:\/\/catalinx.ro\/wordpress\/wp-content\/uploads\/2016\/06\/sondajantelocalebuc.jpg\" data-orig-size=\"707,398\" data-comments-opened=\"1\" data-image-meta=\"{&quot;aperture&quot;:&quot;0&quot;,&quot;credit&quot;:&quot;&quot;,&quot;camera&quot;:&quot;&quot;,&quot;caption&quot;:&quot;&quot;,&quot;created_timestamp&quot;:&quot;0&quot;,&quot;copyright&quot;:&quot;&quot;,&quot;focal_length&quot;:&quot;0&quot;,&quot;iso&quot;:&quot;0&quot;,&quot;shutter_speed&quot;:&quot;0&quot;,&quot;title&quot;:&quot;&quot;,&quot;orientation&quot;:&quot;0&quot;}\" data-image-title=\"sondajantelocalebuc\" data-image-description=\"\" data-image-caption=\"\" data-large-file=\"https:\/\/catalinx.ro\/wordpress\/wp-content\/uploads\/2016\/06\/sondajantelocalebuc.jpg\" class=\"alignnone wp-image-5543 size-full\" src=\"http:\/\/catalinx.ro\/wordpress\/wp-content\/uploads\/2016\/06\/sondajantelocalebuc.jpg\" alt=\"sondajantelocalebuc\" width=\"707\" height=\"398\" srcset=\"https:\/\/catalinx.ro\/wordpress\/wp-content\/uploads\/2016\/06\/sondajantelocalebuc.jpg 707w, https:\/\/catalinx.ro\/wordpress\/wp-content\/uploads\/2016\/06\/sondajantelocalebuc-300x169.jpg 300w, https:\/\/catalinx.ro\/wordpress\/wp-content\/uploads\/2016\/06\/sondajantelocalebuc-640x360.jpg 640w\" sizes=\"auto, (max-width: 707px) 100vw, 707px\" \/><\/a><\/p>\n<p>B\u0103 s\u0103 fie al dracu. Predoiu, m\u0103? \u00cen fine , am r\u00e2s \u0219i am trecut mai departe. \u00a0Rezultatele le \u0219ti\u021bi. Care e treaba cu sondajele ? P\u0103i simplu. Manipulare, fix spre ce ne \u00eendreapt\u0103 piticii pulii.<\/p>\n<p><img loading=\"lazy\" decoding=\"async\" data-attachment-id=\"5544\" data-permalink=\"https:\/\/catalinx.ro\/wordpress\/?attachment_id=5544#main\" data-orig-file=\"https:\/\/catalinx.ro\/wordpress\/wp-content\/uploads\/2016\/06\/rezultate-alegeri-PMB.jpg\" data-orig-size=\"684,438\" data-comments-opened=\"1\" data-image-meta=\"{&quot;aperture&quot;:&quot;0&quot;,&quot;credit&quot;:&quot;&quot;,&quot;camera&quot;:&quot;&quot;,&quot;caption&quot;:&quot;&quot;,&quot;created_timestamp&quot;:&quot;0&quot;,&quot;copyright&quot;:&quot;&quot;,&quot;focal_length&quot;:&quot;0&quot;,&quot;iso&quot;:&quot;0&quot;,&quot;shutter_speed&quot;:&quot;0&quot;,&quot;title&quot;:&quot;&quot;,&quot;orientation&quot;:&quot;0&quot;}\" data-image-title=\"rezultate alegeri PMB\" data-image-description=\"\" data-image-caption=\"\" data-large-file=\"https:\/\/catalinx.ro\/wordpress\/wp-content\/uploads\/2016\/06\/rezultate-alegeri-PMB.jpg\" class=\"alignnone size-full wp-image-5544\" src=\"http:\/\/catalinx.ro\/wordpress\/wp-content\/uploads\/2016\/06\/rezultate-alegeri-PMB.jpg\" alt=\"rezultate alegeri PMB\" width=\"684\" height=\"438\" srcset=\"https:\/\/catalinx.ro\/wordpress\/wp-content\/uploads\/2016\/06\/rezultate-alegeri-PMB.jpg 684w, https:\/\/catalinx.ro\/wordpress\/wp-content\/uploads\/2016\/06\/rezultate-alegeri-PMB-300x192.jpg 300w, https:\/\/catalinx.ro\/wordpress\/wp-content\/uploads\/2016\/06\/rezultate-alegeri-PMB-640x410.jpg 640w\" sizes=\"auto, (max-width: 684px) 100vw, 684px\" \/><\/p>\n<p>Oare s-o gandi cineva c\u0103 asta s-ar putea \u00eentampla ? CE CREZI? Pula mea s-a gandit unul, motiv pentru centaur s\u0103 se fac\u0103 de r\u00e2s.<\/p>\n<p><img loading=\"lazy\" decoding=\"async\" data-attachment-id=\"5545\" data-permalink=\"https:\/\/catalinx.ro\/wordpress\/?attachment_id=5545#main\" data-orig-file=\"https:\/\/catalinx.ro\/wordpress\/wp-content\/uploads\/2016\/06\/prostulclasei.jpg\" data-orig-size=\"848,441\" data-comments-opened=\"1\" data-image-meta=\"{&quot;aperture&quot;:&quot;0&quot;,&quot;credit&quot;:&quot;&quot;,&quot;camera&quot;:&quot;&quot;,&quot;caption&quot;:&quot;&quot;,&quot;created_timestamp&quot;:&quot;0&quot;,&quot;copyright&quot;:&quot;&quot;,&quot;focal_length&quot;:&quot;0&quot;,&quot;iso&quot;:&quot;0&quot;,&quot;shutter_speed&quot;:&quot;0&quot;,&quot;title&quot;:&quot;&quot;,&quot;orientation&quot;:&quot;0&quot;}\" data-image-title=\"prostulclasei\" data-image-description=\"\" data-image-caption=\"\" data-large-file=\"https:\/\/catalinx.ro\/wordpress\/wp-content\/uploads\/2016\/06\/prostulclasei.jpg\" class=\"alignnone size-full wp-image-5545\" src=\"http:\/\/catalinx.ro\/wordpress\/wp-content\/uploads\/2016\/06\/prostulclasei.jpg\" alt=\"prostulclasei\" width=\"848\" height=\"441\" srcset=\"https:\/\/catalinx.ro\/wordpress\/wp-content\/uploads\/2016\/06\/prostulclasei.jpg 848w, https:\/\/catalinx.ro\/wordpress\/wp-content\/uploads\/2016\/06\/prostulclasei-300x156.jpg 300w, https:\/\/catalinx.ro\/wordpress\/wp-content\/uploads\/2016\/06\/prostulclasei-768x399.jpg 768w, https:\/\/catalinx.ro\/wordpress\/wp-content\/uploads\/2016\/06\/prostulclasei-640x333.jpg 640w\" sizes=\"auto, (max-width: 848px) 100vw, 848px\" \/><\/p>\n<p>B\u0103, acuma nu \u0219tiu dac\u0103 omul \u0219i-a scris articolul dup\u0103 ce a tras ceva naftalin\u0103 pe nas, c\u0103 de obicei nu e retardat , sau l-a pl\u0103tit cineva, sau plm \u0219i nici nu m-a\u0219 fi legat de asta, c\u0103 na, to\u021bi avem zile \u00a0mai proaste \u00a0dac\u0103 nu-i tr\u0103gea \u00een toate p\u0103r\u021bile cu aia cu \u201dr\u0103ul cel mai mic\u201d.<\/p>\n<p>Suge\u021bi b\u0103i pula cu r\u0103ul vostru cel mai mic!<\/p>\n<p>Nu exist\u0103 r\u0103ul mai mic , e o inven\u021bie , o proiec\u021bie \u00een mintea voastra , un artificiu \u00a0f\u0103cut de sistem \u00a0care v\u0103 pune \u00een bra\u021be dou\u0103 op\u021biuni proaste \u00a0\u0219i v\u0103 cere s\u0103 alege\u021bi una.<\/p>\n<p>-Bun\u0103 seara , ce dori\u021bi drept cin\u0103, o muie , sau o pul\u0103 \u00een cur. Sigur, am avea \u0219i o bucat\u0103 de p\u00e2ine dar noi credem c\u0103 cei mai mul\u021bi dintre dumneavoastra nu sunt \u00eenfometa\u021bi , c\u0103ci \u00a0am f\u0103cut un sondaj \u0219i chestiile astea doua \u00a0au cea mai mare \u0219ans\u0103.<\/p>\n<p>-Aaaa, pai atunci, bine. Da\u021bi-mi, v\u0103 rog, \u00a0muie , c\u0103 sunt sigur c\u0103 pula-n cur nu \u021bine de foame!<\/p>\n<p>S\u0103-mi bag pula dac\u0103 v\u0103 \u00een\u021beleg ! \u00a0\u0218i nu m\u0103 leg aici de majoritate . Majoritatea sunt a\u0219a de pro\u0219ti \u00a0c\u0103 nu ar trebui s\u0103 fie l\u0103sa\u021bi s\u0103 voteze f\u0103r\u0103 \u00eenso\u021bitor, care ar trebui s\u0103 le explice care din op\u021biuni e muia \u0219i care e pula \u00een cur. M\u0103 refer la oamenii cu care pot conversa , care au loc prin bula mea \u0219i care tot voteaz\u0103 r\u0103ul cel mai mic , de c\u00e2nd \u0219tiu eu. \u0218i da, majoritatea e normal s\u0103 \u00a0voteze numai \u00a0muie \u0219i pule , democratic pentru toat\u0103 lumea, \u00a0a\u0219a cum \u00a0intuie\u0219te \u0219i \u0103sta , pentru c\u0103 asta e defini\u021bia prostiei , dar cum pula mea \u00a0vrei s\u0103 creezi un trend semnificativ pentru o alt\u0103 op\u021biune , dac\u0103 tu te ui\u021bi la sondaje \u0219i spui, b\u0103, coaie \u00a0nu conteaz\u0103 ce op\u021biuni am , o s\u0103 \u00eemi aleg una \u201dcu \u0219anse\u201d , dintr-astea votate de pro\u0219ti.<\/p>\n<p>Cum pula mea crezi c\u0103 ai \u0219ansa s\u0103 schimbi , sau s\u0103 \u00eembun\u0103t\u0103\u021be\u0219ti un sistem , care te joac\u0103 pe degete \u0219i care reu\u0219e\u0219te s\u0103 \u00ee\u021bi anticipeze mut\u0103rile \u00a0\u0219i alegerile \u0219i-\u021bi ofer\u0103 pseudo alegerile \u0103lea pe tav\u0103, iar tu te compor\u021bi ca un hamster pe rol\u0103 \u0219i crezi c\u0103 e\u0219ti liber \u0219i te bucuri de democra\u021bie schimb\u00e2nd direc\u021bia \u00een care alergi de la un scrutin la altul \u0219i \u00a0consolandu-te cu ideea c\u0103 alergi \u00een direc\u021bia mai pu\u021bin gre\u0219it\u0103. E\u0219ti \u00eentr-o cu\u0219c\u0103, \u00een pula mea!<\/p>\n<p>De 20 de ani Iliescu a fost pe r\u00e2nd r\u0103ul mai mic , \u00a0r\u0103ul mai mare , apoi iar mai mic, apoi B\u0103sescu a fost r\u0103ul mai mic \u00a0de dou\u0103 ori . Apoi Ponta a fost r\u0103ul mai mare \u00a0\u0219i mutu a fost \u0103l mic , pe care l-a\u021bi votat , teleghida\u021bi , s\u0103 v\u0103 lua\u021bi \u021bara \u00eenapoi, iar el drept mul\u021bumire , l-a l\u0103sat pe r\u0103ul mai mare s\u0103 fie \u00een continuare premier , cu prerogative mai mari . S\u0103-mi bag pula dac\u0103 v\u0103 \u00een\u021beleg!<\/p>\n<p>Cel mai mult \u00eei stimez pe pro\u0219tii care l-au ales pe Iliescu \u00een <a href=\"https:\/\/ro.wikipedia.org\/wiki\/Alegeri_preziden%C8%9Biale_%C3%AEn_Rom%C3%A2nia,_1990\">duminica orcului , pardon orbului<\/a>, sau ortacului&#8230;plm , pe acolo. Atunci majoritatea nu a ales r\u0103ul mai mic. L-a ales pe \u0103la mai mare , evident, dar au f\u0103cut-o pentru c\u0103 pe \u0103la \u00eel doreau , credeau c\u0103 e salvatorul lor, lumina de la cap\u0103tul pulii, ce mai , i-a p\u0103c\u0103lit cu stil , dar alegera a fost o op\u021biune veridic\u0103, l-au votat pe \u0103la c\u0103 a\u0219a au vrut ei.<\/p>\n<p>Au mai dat un chix cu el \u00een 92 \u0219i aia a fost tot. De aci \u00eenainte a mers tot cu r\u0103ul cel mai mic. Tot de-ampulea, tot ro\u0219ie-neagr\u0103, ca la poker.<\/p>\n<p>Ajung s\u0103 cred c\u0103 \u201dr\u0103ul mai mic\u201d e alegerea cea mai proast\u0103 pe care o po\u021bi face. Serios , n-am zis-o p\u00e2n\u0103 acum , c\u0103 nu credeam \u00een asta , dar dec\u00e2t s\u0103 alegi r\u0103ul mai mic, mai bine stai acasa. Daca nu ai o preferinta. Sau alege r\u0103ul mai mare. Daca nu putem sa impunem schimbarea unui sistem in bine , m\u0103car s\u0103-i dam foc! C\u0103 doar nu s-o face gaur\u0103 \u00een cer.Numai \u00een cur.<\/p>\n<p>Am zis c\u0103 am votat in turul doi cu Ponta , raul cel mare, ca optiunea mea s-a pierdut pe drum. Si data viitoare cand va fi cu doua tururi am sa fac la fel.<\/p>\n<p>Bag pula in voi, ca sunteti prosti . Daca intr-o democratie care va pune la dispozitie un sistem mai mult decat dualist , voi doar doua optiuni vedeti , ca asa spun sondajele, iar aia v\u0103 fac de absolut fiecare data s\u0103 va polarizati in jurul acelorasi doua optiuni si sa votati mereu raul mai mic desi nu preferati niciuna din optiuni, tare mi-e lehamite si vreau s\u0103 v\u0103d Balaurul cel Mare.<\/p>\n<p>Ce c\u00e2\u0219tigi dac\u0103 votezi \u00a0discrepant de \u00a0prostime? Evident nu alegerile. Nu din prima. Tot ai s\u0103-\u021bi iei la muie o vreme. P\u00e2n\u0103 c\u00e2nd se cristalizeaz\u0103 ideea ca uite, b\u0103, \u00een jurul meu lumea nu mai e a\u0219a polarizat\u0103 , ar putea s\u0103 ias\u0103 \u0219i al\u021bii dec\u00e2t a\u0219tia pe care mi-i v\u00e2r\u0103 pervers \u00a0sistemul pe sub nas. \u00a0Dar n-ai cu cine, evident , dac\u0103 p\u00e2n\u0103 si oamenii de la care ai a\u0219tept\u0103ri g\u00e2ndesc a\u0219a.<\/p>\n","protected":false},"excerpt":{"rendered":"<p>Interviu imaginar: -Buna ziua, domnule. Dumneavoastra sunte\u021bi prost? -Da, dar nu mai mult ca restul. -Aha, atunci bine. Sunt un pic dezamagit . Citesc deseori&hellip;<\/p>\n","protected":false},"author":2,"featured_media":5546,"comment_status":"open","ping_status":"open","sticky":false,"template":"","format":"standard","meta":{"jetpack_post_was_ever_published":false,"_jetpack_newsletter_access":"","_jetpack_dont_email_post_to_subs":false,"_jetpack_newsletter_tier_id":0,"_jetpack_memberships_contains_paywalled_content":false,"_jetpack_memberships_contains_paid_content":false,"footnotes":"","jetpack_publicize_message":"","jetpack_publicize_feature_enabled":true,"jetpack_social_post_already_shared":true,"jetpack_social_options":{"image_generator_settings":{"template":"highway","default_image_id":0,"font":"","enabled":false},"version":2}},"categories":[621,170,887],"tags":[114],"class_list":["post-5542","post","type-post","status-publish","format-standard","has-post-thumbnail","hentry","category-articole","category-politice","category-propaganda","tag-alegeri"],"views":1868,"jetpack_publicize_connections":[],"jetpack_featured_media_url":"https:\/\/catalinx.ro\/wordpress\/wp-content\/uploads\/2016\/06\/Goofy.svg_.png","jetpack_sharing_enabled":true,"jetpack_shortlink":"https:\/\/wp.me\/p4Eq23-1ro","jetpack-related-posts":[],"_links":{"self":[{"href":"https:\/\/catalinx.ro\/wordpress\/index.php?rest_route=\/wp\/v2\/posts\/5542","targetHints":{"allow":["GET"]}}],"collection":[{"href":"https:\/\/catalinx.ro\/wordpress\/index.php?rest_route=\/wp\/v2\/posts"}],"about":[{"href":"https:\/\/catalinx.ro\/wordpress\/index.php?rest_route=\/wp\/v2\/types\/post"}],"author":[{"embeddable":true,"href":"https:\/\/catalinx.ro\/wordpress\/index.php?rest_route=\/wp\/v2\/users\/2"}],"replies":[{"embeddable":true,"href":"https:\/\/catalinx.ro\/wordpress\/index.php?rest_route=%2Fwp%2Fv2%2Fcomments&post=5542"}],"version-history":[{"count":3,"href":"https:\/\/catalinx.ro\/wordpress\/index.php?rest_route=\/wp\/v2\/posts\/5542\/revisions"}],"predecessor-version":[{"id":5550,"href":"https:\/\/catalinx.ro\/wordpress\/index.php?rest_route=\/wp\/v2\/posts\/5542\/revisions\/5550"}],"wp:featuredmedia":[{"embeddable":true,"href":"https:\/\/catalinx.ro\/wordpress\/index.php?rest_route=\/wp\/v2\/media\/5546"}],"wp:attachment":[{"href":"https:\/\/catalinx.ro\/wordpress\/index.php?rest_route=%2Fwp%2Fv2%2Fmedia&parent=5542"}],"wp:term":[{"taxonomy":"category","embeddable":true,"href":"https:\/\/catalinx.ro\/wordpress\/index.php?rest_route=%2Fwp%2Fv2%2Fcategories&post=5542"},{"taxonomy":"post_tag","embeddable":true,"href":"https:\/\/catalinx.ro\/wordpress\/index.php?rest_route=%2Fwp%2Fv2%2Ftags&post=5542"}],"curies":[{"name":"wp","href":"https:\/\/api.w.org\/{rel}","templated":true}]}}