

{"id":5639,"date":"2016-06-23T06:19:30","date_gmt":"2016-06-23T04:19:30","guid":{"rendered":"http:\/\/catalinx.ro\/wordpress\/?p=5639"},"modified":"2016-06-23T08:03:28","modified_gmt":"2016-06-23T06:03:28","slug":"vai-biziday-nu-inteleg-ce-nu-intelegeti","status":"publish","type":"post","link":"https:\/\/catalinx.ro\/wordpress\/?p=5639","title":{"rendered":"Vai Biziday. Nu \u00een\u021beleg ce nu \u00een\u021belege\u021bi"},"content":{"rendered":"<div id=\"fb-root\"><\/div>\n<p>Ieri, peste tot \u0219tirea ca emisiunea TV <a href=\"http:\/\/www.biziday.ro\/2016\/06\/21\/despre-biziday-la-jurnalul-de-seara\/\">Biziday se \u00eenchide. C\u0103 Moise Guran se muta online.<\/a>\u00a0\u0218i c\u0103-\u0219i va p\u0103stra doar o m\u00e2n\u0103 \u00een TV pentru expunere. S-a scris <a href=\"http:\/\/www.nwradu.ro\/2016\/06\/de-ce-mi-se-pare-gresita-decizia-lui-moise-guran-de-a-renunta-la-televiziune\/\">\u00een mai multe<\/a><a href=\"https:\/\/lazyadmin.ro\/bula-moise-guran\/\">\u00a0locuri\u00a0<\/a>\u00a0despre asta, iar domnul Guran chiar a comentat pe final, exprim\u00e2ndu-\u0219i p\u0103rerea. Lucrul care conteaz\u0103 mai mult dec\u00e2t sus\u021binerea opiniei e faptul c\u0103 omul e deja \u00een online \u0219i prin faptul c\u0103 e activ marcheaz\u0103 ideea de: \u201db\u0103ie\u021bi, eu sunt deja aici, la fel de activ \u0219i dinamic c\u0103 \u0219i voi\u201d.<\/p>\n<p>B\u0103, e normal s\u0103 se \u00eent\u00e2mple a\u0219a. Lumea vorbe\u0219te despre faptul c\u0103 <em>ce se \u00eent\u00e2mpl\u0103 cu publicul neacoperit,\u00a0\u00a0c\u0103 \u00a0mai sunt \u00eenc\u0103 pensionari care \u201dvoteaz\u0103 PSD cu dou\u0103 m\u00e2ini\u201d.<\/em> Mai sunt , dar sunt pe duc\u0103, iar \u0103ia nu conteaz\u0103 la mare lucru. \u00cen afar\u0103 de faptul c\u0103 voteaz\u0103 \u0219i c\u0103 vor fi din ce \u00een ce mai pu\u021bini, \u00a0nu pot influen\u021ba nimic cu nimic \u0219i e o prostie s\u0103 li te adresezi. Gen s\u0103 \u00ee\u021bi pierzi timpul cu asta.<\/p>\n<p>Eu sunt unul din \u0103ia care urm\u0103ream emisiunile lui nenea \u0103sta prin 2005-2009, c\u00e2nd lucram noaptea \u0219i aveam timp. \u00a0Dup\u0103 care am r\u0103rit-o. \u0218i c\u0103 la un uneori\u00a0nu prea am mai fost de acord cu omul ( dar asta nu ar fi o problem\u0103) \u00a0\u0219i c\u0103 nu am timp \u0219i c\u0103 am trecut \u00eentre timp de nivelul la care informa\u021biile explicate frumos \u0219i simplu \u00eemi mai aduceau utilitate, gen m\u0103 descurc de-aici, mul\u021bumesc!<\/p>\n<p>Mai dau un ochi pe site, mai urmaresc \u00a0o \u00eenregistrare, mai pun aci un link \u0219i comentez cu diferi\u021bi cunoscu\u021bi, sau nu, dac\u0103 \u00eemp\u0103rt\u0103\u0219esc, sau nu, opinia. Nu pot s\u0103 fac asta cu o transmisie TV. Emisiunea e difuzat\u0103 la o or\u0103, apoi \u00een reluare , apoi &#8211; gata! N-ai prins-o la revedere, omul \u0219i-a r\u0103cit gura degeaba.<\/p>\n<p>Toat\u0103 lumea se mut\u0103 pe mobil. P\u00e2n\u0103 \u0219i eu care aveam o tem\u0103 aci \u00a0din anno domini 1400 \u0219i care dau ochii peste cap c\u00e2nd trebuie s\u0103 muncesc ceva \u0219tiind c\u0103 nu-mi aduce nimic, am c\u0103utat dracului alta, care e citibil\u0103 pe mobil, \u00een primul r\u00e2nd ca s\u0103 pot s\u0103 citesc \u0219i s\u0103 scriu eu . Pornesc laptopul pentru c\u0103 lucrez pe el, dar altfel , mai pornesc calculatorul vie\u021bii c\u00e2nd m\u0103 joc ceva cu copiii. \u00cen rest telefon. Iar dac\u0103 acum 2 ani m\u0103 pi\u0219am pe mine c\u0103 telefoanele de 5 inchi sunt prea mari, c\u0103 eu am m\u00e2ini mici , c\u0103 nu pot ajunge, ete c\u0103 am \u00eenv\u0103\u021bat s\u0103 m\u0103 descurc \u0219i cu mai mare, c\u0103 \u0103sta e prezentul, s\u0103 ai un telefon \u00een care s\u0103-\u021bi aib\u0103 loc totul \u0219i totul trebuie s\u0103-\u021bi fie livrat prin telefon , a\u0219a c\u0103 go figure, mul\u021bumim domnule Steve Jobs, c\u0103 nu mai face Moise Guran emisiune TV.<\/p>\n<p><strong>R\u0103m\u00e2ne de v\u0103zut , dac\u0103 publicul c\u0103ruia i se adreseaz\u0103 \u00a0are \u0219i bani s\u0103 pl\u0103teasc\u0103 serviciile livrate prin noua aplica\u021bie. C\u0103 aici sunt ni\u0219te probleme.<\/strong><\/p>\n<p>Deja lumea a \u00eenceput s\u0103\u00a0<strong><a href=\"http:\/\/razvanbb.ro\/castiga-puncte-accesand-blogul\/\">dea puncte<\/a>\u00a0<\/strong> c\u0103 le accesezi\/ utilizezi blogul, ceea ce \u00eenseamn\u0103 nu c\u0103 nu acceseaz\u0103 lumea blogul \u00een cauz\u0103, ci c\u0103 agen\u021biile au \u00eenceput, probabil, s\u0103 ceara date mai detaliate despre num\u0103rul \u0219i profilul utilizatorilor. Dar, pe undeva, \u00eenseamn\u0103 \u0219i c\u0103 cititorii sunt mai jos dec\u00e2t s\u0103raci , dac\u0103 trebuie s\u0103 le dai tu ceva s\u0103-\u021bi citeasc\u0103 site-ul . De\u0219i al\u021bii se laud\u0103 c\u0103 <a href=\"http:\/\/cetin.ro\/primit-feedback-pozitiv\/\"><strong>cititorii pl\u0103tesc con\u021binutul<\/strong><\/a>, ceea ce ar fi foarte bine, dac\u0103 ar fi consistent.<\/p>\n<p>&nbsp;<\/p>\n<p>&nbsp;<\/p>\n<p>&nbsp;<\/p>\n<p>&nbsp;<\/p>\n","protected":false},"excerpt":{"rendered":"<p>Ieri, peste tot \u0219tirea ca emisiunea TV Biziday se \u00eenchide. C\u0103 Moise Guran se muta online.\u00a0\u0218i c\u0103-\u0219i va p\u0103stra doar o m\u00e2n\u0103 \u00een TV pentru&hellip;<\/p>\n","protected":false},"author":2,"featured_media":5640,"comment_status":"open","ping_status":"open","sticky":false,"template":"","format":"standard","meta":{"jetpack_post_was_ever_published":false,"_jetpack_newsletter_access":"","_jetpack_dont_email_post_to_subs":false,"_jetpack_newsletter_tier_id":0,"_jetpack_memberships_contains_paywalled_content":false,"_jetpack_memberships_contains_paid_content":false,"footnotes":"","jetpack_publicize_message":"","jetpack_publicize_feature_enabled":true,"jetpack_social_post_already_shared":true,"jetpack_social_options":{"image_generator_settings":{"template":"highway","default_image_id":0,"font":"","enabled":false},"version":2}},"categories":[621,170],"tags":[1217,1218],"class_list":["post-5639","post","type-post","status-publish","format-standard","has-post-thumbnail","hentry","category-articole","category-politice","tag-biziday","tag-digi24"],"views":1684,"jetpack_publicize_connections":[],"jetpack_featured_media_url":"https:\/\/catalinx.ro\/wordpress\/wp-content\/uploads\/2016\/06\/newsfeed.jpg","jetpack_sharing_enabled":true,"jetpack_shortlink":"https:\/\/wp.me\/p4Eq23-1sX","jetpack-related-posts":[],"_links":{"self":[{"href":"https:\/\/catalinx.ro\/wordpress\/index.php?rest_route=\/wp\/v2\/posts\/5639","targetHints":{"allow":["GET"]}}],"collection":[{"href":"https:\/\/catalinx.ro\/wordpress\/index.php?rest_route=\/wp\/v2\/posts"}],"about":[{"href":"https:\/\/catalinx.ro\/wordpress\/index.php?rest_route=\/wp\/v2\/types\/post"}],"author":[{"embeddable":true,"href":"https:\/\/catalinx.ro\/wordpress\/index.php?rest_route=\/wp\/v2\/users\/2"}],"replies":[{"embeddable":true,"href":"https:\/\/catalinx.ro\/wordpress\/index.php?rest_route=%2Fwp%2Fv2%2Fcomments&post=5639"}],"version-history":[{"count":1,"href":"https:\/\/catalinx.ro\/wordpress\/index.php?rest_route=\/wp\/v2\/posts\/5639\/revisions"}],"predecessor-version":[{"id":5641,"href":"https:\/\/catalinx.ro\/wordpress\/index.php?rest_route=\/wp\/v2\/posts\/5639\/revisions\/5641"}],"wp:featuredmedia":[{"embeddable":true,"href":"https:\/\/catalinx.ro\/wordpress\/index.php?rest_route=\/wp\/v2\/media\/5640"}],"wp:attachment":[{"href":"https:\/\/catalinx.ro\/wordpress\/index.php?rest_route=%2Fwp%2Fv2%2Fmedia&parent=5639"}],"wp:term":[{"taxonomy":"category","embeddable":true,"href":"https:\/\/catalinx.ro\/wordpress\/index.php?rest_route=%2Fwp%2Fv2%2Fcategories&post=5639"},{"taxonomy":"post_tag","embeddable":true,"href":"https:\/\/catalinx.ro\/wordpress\/index.php?rest_route=%2Fwp%2Fv2%2Ftags&post=5639"}],"curies":[{"name":"wp","href":"https:\/\/api.w.org\/{rel}","templated":true}]}}