

{"id":5923,"date":"2016-07-26T07:49:30","date_gmt":"2016-07-26T05:49:30","guid":{"rendered":"http:\/\/catalinx.ro\/wordpress\/?p=5923"},"modified":"2016-07-26T08:51:12","modified_gmt":"2016-07-26T06:51:12","slug":"intr-o-lume-a-lui-eugen-grigore-din-viitor","status":"publish","type":"post","link":"https:\/\/catalinx.ro\/wordpress\/?p=5923","title":{"rendered":"Intr-o lume a lui Eugen Grigore. Din viitor"},"content":{"rendered":"<div id=\"fb-root\"><\/div>\n<p>&nbsp;<\/p>\n<p>A venit momentul \u0103la \u00een care toat\u0103 lumea \u00a0\u00ee\u0219i love\u0219te pumnii a \u201ds\u00e2c-s\u00e2c\u201d \u0219i \u00a0nu rateaz\u0103 ocazia s\u0103 le spun\u0103 nem\u021bilor c\u0103 \u201dv-am spus b\u0103, noi, s\u0103 nu primi\u021bi imigran\u021bi islami\u0219ti c\u0103 sunt <a href=\"http:\/\/www.mediafax.ro\/externe\/autoritatile-germane-au-calificat-explozia-din-ansbach-drept-atentat-posesorul-bombei-un-solicitant-sirian-de-azil-in-varsta-de-27-de-ani-cu-probleme-psihice-15538554\">bombal\u0103i<\/a>\u201d \u0219i c\u0103 pula mea.<\/p>\n<p>\u0218i cam aia e, le cam ia curul foc zilele \u0103stea. \u0218i cam aia e , imigran\u021bii \u0103ia islami\u0219ti era limpede c\u0103 reprezint\u0103 un risc pentru securitate \u0219i se \u0219i vede. \u00a0Iar lumea, stigmatizeaz\u0103, pe undeva corect, islamul ,ca fiind responsabil pentru asta.<\/p>\n<p>Corect, nu pentru c\u0103 religia \u201dp\u0103cii\u201d induce implicit la terorism, cum cred majoritatea. \u00a0Doar c\u0103 nu ai cum s\u0103 nu faci corela\u021bia statistic\u0103. Cum nu ai cum s\u0103 c\u00e2n\u021bi ode comunismului \u0219i s\u0103 lauzi idealismul marxist , lament\u00e2ndu-te c\u0103 a e\u0219uat doar pentru c\u0103 a fost aplicat prost \u0219i ignor\u00e2nd c\u00e2t de prost a e\u0219uat \u0219i c\u00e2t de grave au fost problemele create \u0219i c\u0103 nu a g\u0103sit cineva p\u00e2n\u0103 acum o metod\u0103 practic eficient\u0103 de a-l aplica. \u00a0\u00cen concluzie , e o mizerie. La fel ca \u0219i religiile ,la fel ca \u0219i islamismul \u00een particular. Doar c\u0103 motorul atentatelor e altul, radicali\u0219tii islamici \u00a0care-\u0219i asum\u0103 credit \u0219i incit\u0103 la terorism sunt doar ni\u0219te speculatori infec\u021bi. Iar o data pornit\u0103 chestia asta mi-e greu s\u0103 cred c\u0103 lucrurile \u0103stea s-ar opri chiar cu dispari\u021bia factorului numit religie islamic\u0103 \u0219i jihad.<\/p>\n<p>S-a cam prins gustul chestiei \u0103\u0219tia , iar societatea a evoluat \u00eentr-un a\u0219a grad de organizare \u0219i segregare social\u0103, \u00eenc\u00e2t orice \u00eencercare de a te \u00eempotrivi , de a face ceva care s\u0103 fac\u0103 societatea sensibil\u0103 la problemele indivizilor e amortizat\u0103 de v\u00e2scuozitatea birocratic\u0103, de indiferen\u021b\u0103, de mormanele de bani aflate \u00eentre clasele sociale, de urechile care se scald\u0103 \u00een ce sunete vor. Cu excep\u021bia cazurilor c\u00e2nd se mai aude c\u00e2te un \u201dbau\u201d.<\/p>\n<p>O societate unde lipsa de responsabilitate individual\u0103, lipsa de responsabilitate a deciziei troneaz\u0103. Exact cum \u00a0creionau jego\u0219ii aia pro Brexit, exact motivul pentru care \u00a0britanicii au fost prosti\u021bi s\u0103 voteze s\u0103 ias\u0103 din UE.<\/p>\n<p>Tot ce mai poti sa faci pentru awareness ( aka sa-ti faci p\u0103sul auzit) e sa te sacrifici cu ecou. Poc.<\/p>\n<p>Si acum , despre\u00a0nenea \u0103sta pe care \u00eel dau eu exemplu \u00een mai multe situa\u021bii. Nu stau s\u0103 v\u0103 spun cine a fost, \u00een detaliu , \u00a0<a href=\"http:\/\/www.sebastianbargau.ro\/2013\/05\/17\/eugen-grigore-omul-care-n-a-plecat-capul\/\">Eugen Grigore<\/a>, citi\u021bi \u00een link, daca vre\u021bi.<\/p>\n<p>Vreau s\u0103 fac doar mici preciz\u0103ri c\u0103 poate a\u021bi \u00een\u021beles gre\u0219it mesajul dac\u0103 i-a\u021bi v\u0103zut numele strigat <a href=\"http:\/\/www.gsp.ro\/fotbal\/liga-1\/cine-a-fost-de-fapt-eugen-grigore-povestea-nefardata-a-criminalului-omagiat-de-galeria-stelei-362786.html\">prin vreo galerie de fotbal<\/a>.<\/p>\n<p>In ciuda faptului c\u0103 a f\u0103cut vrai\u0219te o \u0219atr\u0103 de \u021bigani, ucig\u00e2nd vreo 24 la \u00eentamplare, atacul nu a fost determinat de rasism. Posibil ca el s\u0103 fi ur\u00e2t \u021biganii , \u00een sinea lui, e incert, \u00eens\u0103 \u0219i-a b\u0103gat pula \u00een ei doar dup\u0103 ce i-au dat foc la cas\u0103 cu familia \u00eenchis\u0103 \u00een\u0103untru, doar dup\u0103 ce poli\u021bia \u00a0a facut ce face ea mai bine c\u00e2nd trebuie s\u0103-i apere pe cet\u0103\u021beni \u0219i s\u0103 aplice legea &#8211; a tras de timp, doar dup\u0103 ce poli\u021bia l-a pedepsit tot pe el cu amenin\u021b\u0103ri &#8230;etc.<\/p>\n<p>Este portretul unui om futut \u00een pizd\u0103 de sistem , f\u0103r\u0103 nimic de \u00a0pierdut. Un om pe care nu-l po\u021bi amenin\u021ba cu pu\u0219c\u0103ria, sau cu altceva.<\/p>\n<p>Pentru c\u0103 \u00a0nu po\u021bi s\u0103-mi iei tot ce am, eventual \u0219i motiva\u021bia de a tr\u0103i \u0219i s\u0103-mi spui serios c\u0103 dac\u0103 nu sunt de acord poate m\u0103 bagi \u0219i la pu\u0219c\u0103rie, \u00een mor\u021bii mei de infractor. \u0218i s\u0103 te a\u0219tep\u021bi c\u0103 nu te dau cu capul de to\u021bi pere\u021bii p\u00e2n\u0103 \u00ee\u021bi las fresca pe zid.<\/p>\n<p>Ironic, din ultimele stiri , fix atentatul din Nisa , \u0103la cu camionul , are <strong> mai pu\u021bin <\/strong> profilul omului incol\u021bit de sistem f\u0103r\u0103 op\u021biuni. Din c\u00e2te \u00een\u021beleg , omul era u\u0219or dezaxat , nu suferea material ( a trimis o caciul\u0103 de bani \u00een Tunisia), practic singura problem\u0103 notabil\u0103 ar fi c\u0103 l-a l\u0103sat nevasta pentru c\u0103 o b\u0103tea prea mult.<\/p>\n<p>Dar dac\u0103 te ui\u021bi la atentatele din Germania, ele arat\u0103 al\u021bi oameni.<\/p>\n<p>Societatea europeana ofera posibilit\u0103\u021bi limitate pentru s\u0103raci. Oameni care vad c\u0103 nu au prea multe de pierdut se radicalizeaz\u0103 u\u0219or pentru c\u0103 e limpede c\u0103 asta e cam cea mai la \u00eendem\u00e2n\u0103 metod\u0103 de a ob\u021bine aten\u021bie, pentru c\u0103 prinde.<\/p>\n<p>Ultimul bombal\u0103u din Ansbach avea ceva istoric de \u201dprobleme mentale\u201d pentru tentative de sinucidere. Am pus ghilimele pentru ca \u00eentotdeauna societatea pune tentativa de sinucidere pe seama problemelor mentale. Un o s\u0103natos la minte nu s-ar sinucide niciodat\u0103. \u00a0Nu se uita nimeni la efectul lipsei de op\u021biuni. \u00a0Poate doar ni\u0219te b\u0103ie\u021bi care pot valorifica o sinucidere la modul: Auzi? Tot ai o via\u021b\u0103 de c\u0103cat la care vrei s\u0103 renun\u021bi. Nu vrei s\u0103 o faci epic, s\u0103 te \u021bin\u0103 minte toat\u0103 lumea?<\/p>\n<p>Dac\u0103 \u0103\u0219tia doi\u00a0de deasupra au m\u0103car o not\u0103 de radicalizare islamic\u0103, say leg\u0103tur\u0103 cu Isis, pu\u021boiul din Munich nu. Se vorbe\u0219te despre obsesia legat\u0103 de omorurile \u00een mas\u0103, despre leg\u0103tura cu Breivik, despre lucruri care indic\u0103 c\u0103tre un rebel f\u0103r\u0103 cauz\u0103.<\/p>\n<p>Nu vorbe\u0219te nimeni despre condi\u021bia social\u0103. Adic\u0103, cum pula mea se \u00eent\u00e2mpl\u0103 c\u0103 nu vezi ni\u0219te b\u0103ie\u021bi care \u00a0duc o via\u021b\u0103 bun\u0103, cobor\u00e2nd dintr-un Merc , cu dou\u0103 pizde care s\u0103 le care trancanele , una s\u0103 \u021bin\u0103 farfuria cu coca, \u00a0care s\u0103 \u00eenceap\u0103 s\u0103 traga \u00een mul\u021bime?<\/p>\n<p>Oameni care nu mai au nimic (prea mult ) de pierdut au existat tot timpul, acum pare ca exista si o ni\u0219\u0103 de specul\u0103 \u00een zona asta, unde ei sunt g\u0103si\u021bi \u0219i motiva\u021bi \u00a0c\u0103tre acte de violen\u021b\u0103. \u0218i sunt din ce \u00een ce mai mul\u021bi. \u0218i da, faptul c\u0103 ni\u0219te milioane de d-\u0103\u0219tia \u0219i-au g\u0103sit casa pe aici pe \u00a0aproape nu poate dec\u00e2t s\u0103 creasc\u0103 riscul de astfel de evenimente. \u00a0 Unii vor spune c\u0103 Rom\u00e2nia e ( a fost) plin\u0103 de s\u0103raci \u0219i uite c\u0103 nu&#8230; Aia e !\u00a0A fost plin\u0103. Mai mul\u021bi s\u0103raci dec\u00e2t altfel. Cei mai mul\u021bi pe care ii vedeai erau s\u0103raci. Cei mai mul\u021bi pe care \u00eei cuno\u0219teai erau s\u0103raci, suficien\u021bi c\u00e2t s\u0103 g\u0103se\u0219ti un sens al vie\u021bii mizere. Du-te \u00eentr-o \u021bar\u0103 unde \u201dto\u021bi\u201d tr\u0103iesc semnificativ mai bine ca tine, iar tu fii unul care subzist\u0103. Altfel se deseneaz\u0103 lumea. \u00a0 Nu comp\u0103timesc pe nimeni, doar privesc.<\/p>\n<p><strong>Nu, \u00eenc\u0103 nu au ie\u0219it suficien\u021bi d-\u0103\u0219tia care nu mai au nimic de pierdut cu bomba la cing\u0103toare , dar vor s\u0103 vin\u0103.<\/strong><\/p>\n<p>Deja se \u00eencearc\u0103 \u00a0asimilarea oric\u0103rui incident \u00a0cu terorismul, c\u0103 e mai simplu a\u0219a \u201dwin-win\u201d. Radicali\u0219tii islamici au nevoie s\u0103 c\u00e2\u0219tige capital de imagine si credibilitate \u0219i au tot interesul s\u0103 valideze \u0219i s\u0103 salute orice atac, iar restul lumii are nevoie s\u0103 bage gunoiul sub pre\u0219 \u0219i s\u0103 men\u021bin\u0103 frica de babau.<\/p>\n<p>Problematica a crescut destul de complex \u0219i e mai simplu s\u0103-i spui simplu terorism \u0219i s\u0103 \u00eencerci s\u0103 o tratezi sub aspectul termenului \u0103stuia. Doar c\u0103 nu cred c\u0103 exist\u0103 solu\u021bie.<\/p>\n<p>Socialismul european g\u00e2ndit s\u0103 \u021bin\u0103 \u00een fr\u00e2u pe cei de la marginea de jos a societ\u0103\u021bii, s\u0103 nu se revolte pentru lipsa de echitate din construc\u021bia sistemului, f\u0103cea cumva fa\u021b\u0103 dificil societ\u0103\u021bii existente, \u00een condi\u021biile depopul\u0103rii. S-a visat c\u0103 repopularea va ajuta sistemul. Nu c\u00e2nd asta se face tot cu at\u00e2rn\u0103tori, cu m\u00e2ini \u00eentinse \u00a0c\u0103tre \u021b\u00e2\u021ba sistemului , unde mai pui c\u0103 a\u0219tia-s unii mai avizi de poman\u0103 , veni\u021bi special pentru reclama asta . Ajun\u0219i \u00een fa\u021ba pomului l\u0103udat, cam sterp azi, dup\u0103 ce \u0219i-au v\u00e2ndut ce via\u021b\u0103 or fi avut pe unde unde or fi avut-o, se reg\u0103sesc \u00een pula goala, cu sacul gol \u0219i f\u0103r\u0103 prea mari perspective. S\u0103 ni se dea, \u021bip\u0103, dar nu prea \u00eei aude nimeni. S\u0103 ni se dea \u021bip\u0103 \u0219i localnicii deja obi\u0219nui\u021bi s\u0103 li se dea \u0219i li se d\u0103 pula-n bra\u021be.<\/p>\n<p><em>Atunci s\u0103-i d\u0103m foc!<\/em><\/p>\n<p>Unde mai pui , c\u0103 \u00een vest , construc\u021bia asta socialist\u0103, de luat de la \u201dboga\u021bi\u201d \u0219i dat la s\u0103raci st\u0103 pe umerii, nu ai corpora\u021biilor multina\u021bionale care-\u0219i sifoneaz\u0103 profiturile pe cine-\u0219tie-unde, ci pe ai angaja\u021bilor one\u0219ti care pl\u0103tesc mai bine de jum\u0103tate din venituri pentru lini\u0219te \u0219i siguran\u021b\u0103. Pe care nu le mai primesc, c\u0103 ei sunt primii viza\u021bi de mizeria asta, nu primii. C\u00e2ndva, oamenii \u0103\u0219tia vor ajunge ei s\u0103 vrea s\u0103 se fac\u0103 auzi\u021bi, momentul \u0103la \u00eel a\u0219tept cu interes. \u00a0Nu mai e destul\u0103 viagra ca s\u0103 mascheze impoten\u021ba sistemului pentru mult timp.<\/p>\n<p>Eugen Grigorii deja pocnesc ca popcornul din loc \u00een loc. Doar c\u0103 lumea \u00eenc\u0103 nu \u00eei vede a\u0219a.<\/p>\n<p>&nbsp;<\/p>\n<p>[stextbox id=&#8221;black&#8221;]<em>f\u0103r\u0103 poze , f\u0103r\u0103 SEO. F\u0103r\u0103 share, m\u0103 doare \u00een pul\u0103 dac\u0103 am audien\u021b\u0103<\/em>.[\/stextbox]<\/p>\n","protected":false},"excerpt":{"rendered":"<p>&nbsp; A venit momentul \u0103la \u00een care toat\u0103 lumea \u00a0\u00ee\u0219i love\u0219te pumnii a \u201ds\u00e2c-s\u00e2c\u201d \u0219i \u00a0nu rateaz\u0103 ocazia s\u0103 le spun\u0103 nem\u021bilor c\u0103 \u201dv-am spus&hellip;<\/p>\n","protected":false},"author":2,"featured_media":0,"comment_status":"open","ping_status":"open","sticky":false,"template":"","format":"standard","meta":{"jetpack_post_was_ever_published":false,"_jetpack_newsletter_access":"","_jetpack_dont_email_post_to_subs":false,"_jetpack_newsletter_tier_id":0,"_jetpack_memberships_contains_paywalled_content":false,"_jetpack_memberships_contains_paid_content":false,"footnotes":"","jetpack_publicize_message":"","jetpack_publicize_feature_enabled":true,"jetpack_social_post_already_shared":true,"jetpack_social_options":{"image_generator_settings":{"template":"highway","default_image_id":0,"font":"","enabled":false},"version":2}},"categories":[170],"tags":[],"class_list":["post-5923","post","type-post","status-publish","format-standard","hentry","category-politice"],"views":2105,"jetpack_publicize_connections":[],"jetpack_featured_media_url":"","jetpack_sharing_enabled":false,"jetpack_shortlink":"https:\/\/wp.me\/p4Eq23-1xx","jetpack-related-posts":[],"_links":{"self":[{"href":"https:\/\/catalinx.ro\/wordpress\/index.php?rest_route=\/wp\/v2\/posts\/5923","targetHints":{"allow":["GET"]}}],"collection":[{"href":"https:\/\/catalinx.ro\/wordpress\/index.php?rest_route=\/wp\/v2\/posts"}],"about":[{"href":"https:\/\/catalinx.ro\/wordpress\/index.php?rest_route=\/wp\/v2\/types\/post"}],"author":[{"embeddable":true,"href":"https:\/\/catalinx.ro\/wordpress\/index.php?rest_route=\/wp\/v2\/users\/2"}],"replies":[{"embeddable":true,"href":"https:\/\/catalinx.ro\/wordpress\/index.php?rest_route=%2Fwp%2Fv2%2Fcomments&post=5923"}],"version-history":[{"count":6,"href":"https:\/\/catalinx.ro\/wordpress\/index.php?rest_route=\/wp\/v2\/posts\/5923\/revisions"}],"predecessor-version":[{"id":5934,"href":"https:\/\/catalinx.ro\/wordpress\/index.php?rest_route=\/wp\/v2\/posts\/5923\/revisions\/5934"}],"wp:attachment":[{"href":"https:\/\/catalinx.ro\/wordpress\/index.php?rest_route=%2Fwp%2Fv2%2Fmedia&parent=5923"}],"wp:term":[{"taxonomy":"category","embeddable":true,"href":"https:\/\/catalinx.ro\/wordpress\/index.php?rest_route=%2Fwp%2Fv2%2Fcategories&post=5923"},{"taxonomy":"post_tag","embeddable":true,"href":"https:\/\/catalinx.ro\/wordpress\/index.php?rest_route=%2Fwp%2Fv2%2Ftags&post=5923"}],"curies":[{"name":"wp","href":"https:\/\/api.w.org\/{rel}","templated":true}]}}