

{"id":5927,"date":"2016-07-25T17:53:29","date_gmt":"2016-07-25T15:53:29","guid":{"rendered":"http:\/\/catalinx.ro\/wordpress\/?p=5927"},"modified":"2016-07-25T17:54:16","modified_gmt":"2016-07-25T15:54:16","slug":"pedeapsa-pentru-esec","status":"publish","type":"post","link":"https:\/\/catalinx.ro\/wordpress\/?p=5927","title":{"rendered":"Pedeapsa pentru e\u0219ec"},"content":{"rendered":"<div id=\"fb-root\"><\/div>\n<p>V\u0103leleu , amnesty international se plang c\u0103 <a href=\"http:\/\/www.independent.co.uk\/news\/world\/europe\/detainees-beaten-tortured-and-raped-after-failed-turkey-coup-amnesty-says-a7154091.html\">de\u021binu\u021bii \u00een urma loviturii de stat ratate sunt b\u0103tu\u021bi \u0219i futu\u021bi \u0219i presupun c\u0103 \u0219i cu banii lua\u021bi, adic\u0103, c\u0103 nu li se respect\u0103 drepturile<\/a>.<\/p>\n<p>P\u0103i \u0219i la ce v\u0103 a\u0219tepta\u021bi, b\u0103, b\u0103ie\u021bi? La un premiu de consolare ? Pula mea, au ratat mizerabil. I-a b\u0103tut Erdogan memorabil la jocul lor. Adic\u0103 la social media. C\u00e2t de jenant poate s\u0103 fie s\u0103 te bat\u0103, m\u0103, Erdogan la twitter \u0219i la facetime, adic\u0103 , \u0103la care militeaz\u0103 pentru cenzura \u0103stora?<\/p>\n<p>Normal, trebuie b\u0103tu\u021bi exemplar , s\u0103 li se aduc\u0103 aminte c\u0103 acum o vreme armata \u00eensemna ceva , nu erau o adun\u0103tur\u0103 de ciumafle\u021bi \u00eemp\u0103ia\u021bi \u0219i c\u0103 dac\u0103 vrei s\u0103 dai o lovitur\u0103 de stat , o dai \u00a0capabil \u0219i coerent, nu-\u021bi ba\u021bi joc!<\/p>\n<p>Nu te pi\u0219i pe vacan\u021bele ieftine ale rom\u00e2nilor \u00een Antalia cum vrei tu, b\u0103h.<\/p>\n<p>Sper s\u0103-i bat\u0103 la s\u00e2nge p\u00e2n\u0103 se caca pe ei.<\/p>\n","protected":false},"excerpt":{"rendered":"<p>V\u0103leleu , amnesty international se plang c\u0103 de\u021binu\u021bii \u00een urma loviturii de stat ratate sunt b\u0103tu\u021bi \u0219i futu\u021bi \u0219i presupun c\u0103 \u0219i cu banii lua\u021bi,&hellip;<\/p>\n","protected":false},"author":2,"featured_media":5928,"comment_status":"open","ping_status":"open","sticky":false,"template":"","format":"standard","meta":{"jetpack_post_was_ever_published":false,"_jetpack_newsletter_access":"","_jetpack_dont_email_post_to_subs":false,"_jetpack_newsletter_tier_id":0,"_jetpack_memberships_contains_paywalled_content":false,"_jetpack_memberships_contains_paid_content":false,"footnotes":"","jetpack_publicize_message":"","jetpack_publicize_feature_enabled":true,"jetpack_social_post_already_shared":true,"jetpack_social_options":{"image_generator_settings":{"template":"highway","default_image_id":0,"font":"","enabled":false},"version":2}},"categories":[170],"tags":[1271,1270],"class_list":["post-5927","post","type-post","status-publish","format-standard","has-post-thumbnail","hentry","category-politice","tag-turkeycoup","tag-erdogan"],"views":1227,"jetpack_publicize_connections":[],"jetpack_featured_media_url":"https:\/\/catalinx.ro\/wordpress\/wp-content\/uploads\/2016\/07\/turkey_soldiers_2.png","jetpack_sharing_enabled":true,"jetpack_shortlink":"https:\/\/wp.me\/p4Eq23-1xB","jetpack-related-posts":[],"_links":{"self":[{"href":"https:\/\/catalinx.ro\/wordpress\/index.php?rest_route=\/wp\/v2\/posts\/5927","targetHints":{"allow":["GET"]}}],"collection":[{"href":"https:\/\/catalinx.ro\/wordpress\/index.php?rest_route=\/wp\/v2\/posts"}],"about":[{"href":"https:\/\/catalinx.ro\/wordpress\/index.php?rest_route=\/wp\/v2\/types\/post"}],"author":[{"embeddable":true,"href":"https:\/\/catalinx.ro\/wordpress\/index.php?rest_route=\/wp\/v2\/users\/2"}],"replies":[{"embeddable":true,"href":"https:\/\/catalinx.ro\/wordpress\/index.php?rest_route=%2Fwp%2Fv2%2Fcomments&post=5927"}],"version-history":[{"count":3,"href":"https:\/\/catalinx.ro\/wordpress\/index.php?rest_route=\/wp\/v2\/posts\/5927\/revisions"}],"predecessor-version":[{"id":5931,"href":"https:\/\/catalinx.ro\/wordpress\/index.php?rest_route=\/wp\/v2\/posts\/5927\/revisions\/5931"}],"wp:featuredmedia":[{"embeddable":true,"href":"https:\/\/catalinx.ro\/wordpress\/index.php?rest_route=\/wp\/v2\/media\/5928"}],"wp:attachment":[{"href":"https:\/\/catalinx.ro\/wordpress\/index.php?rest_route=%2Fwp%2Fv2%2Fmedia&parent=5927"}],"wp:term":[{"taxonomy":"category","embeddable":true,"href":"https:\/\/catalinx.ro\/wordpress\/index.php?rest_route=%2Fwp%2Fv2%2Fcategories&post=5927"},{"taxonomy":"post_tag","embeddable":true,"href":"https:\/\/catalinx.ro\/wordpress\/index.php?rest_route=%2Fwp%2Fv2%2Ftags&post=5927"}],"curies":[{"name":"wp","href":"https:\/\/api.w.org\/{rel}","templated":true}]}}