

{"id":7902,"date":"2017-02-19T12:09:00","date_gmt":"2017-02-19T10:09:00","guid":{"rendered":"http:\/\/catalinx.ro\/wordpress\/?p=7902"},"modified":"2017-02-19T12:36:55","modified_gmt":"2017-02-19T10:36:55","slug":"un-analfabet","status":"publish","type":"post","link":"https:\/\/catalinx.ro\/wordpress\/?p=7902","title":{"rendered":"Un analfabet"},"content":{"rendered":"<div id=\"fb-root\"><\/div>\n<p>C\u00e2ndva a ap\u0103rut pe peretele liftului din blocul unde locuiesc un text scris cu pixul:<\/p>\n<blockquote><p>PIZDA, O ADOR.&nbsp;<\/p><\/blockquote>\n<p>&nbsp;Cred c\u0103 am mai zis asta. L-am v\u0103zut, &nbsp;l-am aprobat, am apreciat c\u0103 e scris de un om educat. Da, a pus \u0219i virgula aia acolo.&nbsp;<\/p>\n<p>Nici prin g\u00e2nd nu mi-a trecut s\u0103 &nbsp;\u0219terg. &nbsp;Putea s\u0103 fi scris \u0219i pe u\u0219a mea.&nbsp;<\/p>\n<p>Vreun vecin a fost, \u00eens\u0103, &nbsp;deranjat \u0219i cineva a dat cu var peste.&nbsp;<\/p>\n<p>Scriitorul a insistat \u0219i \u0219i-a marcat din nou manifestul.&nbsp;<\/p>\n<p>Vecinul s-a enervat \u0219i a \u0219ters cu un cui, ceva. Ur\u00e2t din partea lui.&nbsp;<\/p>\n<p>Cred c\u0103 omul \u00eendr\u0103gostit &#x1f60d; s-a mutat din bloc, sau a renun\u021bat s\u0103 se mai exprime public, sau poate s-a certat cu pizda, cine \u0219tie, c\u0103 nu a mai rescris.&nbsp;<\/p>\n<p>Dar joi seara, c\u00e2nd plecam la \u021bar\u0103 am v\u0103zut c\u0103 \u00een bloc s-a mutat un analfabet.&nbsp;<\/p>\n<p>Am g\u0103sit scris \u00een lift:&nbsp;<\/p>\n<p><a href=\"http:\/\/catalinx.ro\/wordpress\/wp-content\/uploads\/2017\/02\/wp-image-14303909jpeg.jpg\"><img loading=\"lazy\" decoding=\"async\" src=\"http:\/\/catalinx.ro\/wordpress\/wp-content\/uploads\/2017\/02\/wp-image-14303909jpeg.jpg\" alt=\"\" class=\"wp-image-7907 alignnone size-full\" width=\"2000\" height=\"1126\"\/><\/a><\/p>\n<blockquote><p>&#8220;Sugeti Pula to\u021bi <b>dup\u0103 scar\u0103 <\/b>[ neinteligibil].&#8221;<\/p><\/blockquote>\n<p>\u00cen primul r\u00e2nd c\u0103 scrisul e infect. &nbsp;\u00cen al doilea r\u00e2nd c\u0103 omul fie e analfabet, &nbsp;cel mai probabil, fie e un <i>feti\u0219ist<\/i>&nbsp;dubios. Adic\u0103 de ce s\u0103 mergem to\u021bi dup\u0103 scar\u0103 \u0219i s\u0103 o sugem acolo? Avem loc? &nbsp;<\/p>\n<p>Sunt enervat \u0219i dac\u0103-l prind ii rup m\u00e2na \u00een u\u0219a liftului.<\/p>\n<p>\u00cemi pl\u0103cea cel dinainte. Romantic,vorba aia.&nbsp;<\/p>\n<p>Mi-a povestit un cunoscut ( deci nu bag m\u00e2na \u00een foc c\u0103 e adev\u0103rat) &nbsp;c\u0103 pe vremea c\u00e2nd eram genera\u021bia noastr\u0103 \u00een \u0219coal\u0103 \u0219i educa\u021bia se mai f\u0103cea \u0219i cu b\u0103taia ( asta \u0219tiu c\u0103 e adev\u0103rat) &nbsp;colegii \u00ee\u0219i mai trimiteau foi scrise, din banca \u00een banc\u0103 , c\u00e2nd nu aveau poft\u0103 de ce se preda &#8220;la tabl\u0103&#8221;. &nbsp;Inclusiv ( a se citi <b>mai ales)&nbsp;<\/b>&nbsp;cu texte vulgare \u0219i ceea ce acum ai numi hartuire sexual\u0103. &nbsp;\u0218i asta \u0219tiu c\u0103 se \u00eent\u00e2mpla, c\u0103 scriam \u0219i eu. &nbsp;<\/p>\n<p>\u0218i la un moment dat un coleg de-al \u0103stuia a fost prins de profesorul de mate c\u0103 a dat unei pizde o foaie pe care scria mare &#8221; S\u0103 mio sugi&#8221;.&nbsp;<\/p>\n<p>Cic\u0103 l-ar fi b\u0103tut violent c\u0103 e un analfabet \u0219i c\u0103 nu \u0219tie s\u0103 scrie corect \u0219i &nbsp;l-ar fi pus s\u0103 scrie pe caietul de matematic\u0103 de 100 de ori &#8220;S\u0103 mi-o sugi&#8221; &nbsp;corect. Tem\u0103! &nbsp;<\/p>\n<p>Iar a doua zi l-ar fi b\u0103tut iar\u0103\u0219i c\u0103 lipsea semnul exclam\u0103rii.&nbsp;<\/p>\n<p>Lucru cu care rezonez. Limba rom\u00e2n\u0103 \u00ee\u021bi permite s\u0103 fii foarte creativ \u00een a vorbi vulgar, &nbsp;a \u00eenjura, &nbsp;a ponegri. \u0102sta e unul din pu\u021binele lucruri pe care pentru care g\u0103sesc c\u0103 e util s\u0103 \u0219tii rom\u00e2ne\u0219te. &nbsp;S\u0103 \u00eenjuri al\u021bi rom\u00e2ni. &nbsp;S\u0103 \u00eei faci s\u0103 se simt\u0103 mizerabil. Am auzit c\u0103 maghiara ar fi la fel de bogat\u0103, &nbsp;dar, cum nu o cunosc, nu \u00eemi dau cu p\u0103rerea.&nbsp;<\/p>\n<p>Partea dificil\u0103 e c\u0103 trebuie s\u0103-\u021bi dai pu\u021bin silin\u021ba ca s\u0103 \u00eenjuri corect c\u00e2nd scrii.&nbsp;<\/p>\n<p>\u0218i un simplu &#8221; &nbsp;&#8216;te-n pula mea! &#8221; necesita c\u00e2teva no\u021biuni &nbsp;de ortografie \u0219i gramatic\u0103, &nbsp;nu e chiar pentru oricine.&nbsp;<\/p>\n<blockquote><\/blockquote>\n","protected":false},"excerpt":{"rendered":"<p>C\u00e2ndva a ap\u0103rut pe peretele liftului din blocul unde locuiesc un text scris cu pixul: PIZDA, O ADOR.&nbsp; &nbsp;Cred c\u0103 am mai zis asta. L-am&hellip;<\/p>\n","protected":false},"author":2,"featured_media":0,"comment_status":"open","ping_status":"open","sticky":false,"template":"","format":"image","meta":{"jetpack_post_was_ever_published":false,"_jetpack_newsletter_access":"","_jetpack_dont_email_post_to_subs":false,"_jetpack_newsletter_tier_id":0,"_jetpack_memberships_contains_paywalled_content":false,"_jetpack_memberships_contains_paid_content":false,"footnotes":"","jetpack_publicize_message":"","jetpack_publicize_feature_enabled":true,"jetpack_social_post_already_shared":true,"jetpack_social_options":{"image_generator_settings":{"template":"highway","default_image_id":0,"font":"","enabled":false},"version":2}},"categories":[1244],"tags":[1674,1673,1261],"class_list":["post-7902","post","type-post","status-publish","format-image","hentry","category-bucuresti","tag-analfabetism","tag-grafferi","tag-mizerie","post_format-post-format-image"],"views":2326,"jetpack_publicize_connections":[],"jetpack_featured_media_url":"","jetpack_sharing_enabled":true,"jetpack_shortlink":"https:\/\/wp.me\/p4Eq23-23s","jetpack-related-posts":[],"_links":{"self":[{"href":"https:\/\/catalinx.ro\/wordpress\/index.php?rest_route=\/wp\/v2\/posts\/7902","targetHints":{"allow":["GET"]}}],"collection":[{"href":"https:\/\/catalinx.ro\/wordpress\/index.php?rest_route=\/wp\/v2\/posts"}],"about":[{"href":"https:\/\/catalinx.ro\/wordpress\/index.php?rest_route=\/wp\/v2\/types\/post"}],"author":[{"embeddable":true,"href":"https:\/\/catalinx.ro\/wordpress\/index.php?rest_route=\/wp\/v2\/users\/2"}],"replies":[{"embeddable":true,"href":"https:\/\/catalinx.ro\/wordpress\/index.php?rest_route=%2Fwp%2Fv2%2Fcomments&post=7902"}],"version-history":[{"count":3,"href":"https:\/\/catalinx.ro\/wordpress\/index.php?rest_route=\/wp\/v2\/posts\/7902\/revisions"}],"predecessor-version":[{"id":7908,"href":"https:\/\/catalinx.ro\/wordpress\/index.php?rest_route=\/wp\/v2\/posts\/7902\/revisions\/7908"}],"wp:attachment":[{"href":"https:\/\/catalinx.ro\/wordpress\/index.php?rest_route=%2Fwp%2Fv2%2Fmedia&parent=7902"}],"wp:term":[{"taxonomy":"category","embeddable":true,"href":"https:\/\/catalinx.ro\/wordpress\/index.php?rest_route=%2Fwp%2Fv2%2Fcategories&post=7902"},{"taxonomy":"post_tag","embeddable":true,"href":"https:\/\/catalinx.ro\/wordpress\/index.php?rest_route=%2Fwp%2Fv2%2Ftags&post=7902"}],"curies":[{"name":"wp","href":"https:\/\/api.w.org\/{rel}","templated":true}]}}