

{"id":8444,"date":"2017-04-23T14:09:50","date_gmt":"2017-04-23T12:09:50","guid":{"rendered":"http:\/\/catalinx.ro\/wordpress\/?p=8444"},"modified":"2017-04-23T14:14:04","modified_gmt":"2017-04-23T12:14:04","slug":"munca-in-zadar-aprilie-brumat","status":"publish","type":"post","link":"https:\/\/catalinx.ro\/wordpress\/?p=8444","title":{"rendered":"Munc\u0103 \u00een zadar. Aprilie brumat."},"content":{"rendered":"<div id=\"fb-root\"><\/div>\n<p>Am v\u0103zut \u0219tirile cu francezii care au f\u0103cut focul \u00een vii zilele trecute s\u0103 nu le \u00eenghe\u021be. &nbsp;B\u0103nuiam c\u0103 nu e a bun\u0103, &nbsp;dar am zis hai, c\u0103 Fran\u021ba o fi departe. \u0218i am l\u0103sat-o a\u0219a, &nbsp;c\u0103 ce s\u0103 fac. Eu eram \u0219i mai departe.<\/p>\n<p>L-am sunat asear\u0103 pe tata s\u0103 \u00eel \u00eentreb una alta \u0219i mi-a stricat un pic meciu. Nu c\u0103 ar fi vina lui.&nbsp;<\/p>\n<p>Pe 20 a \u00eenghe\u021bat un pic p\u0103m\u00e2ntul \u0219i a dat un pic bruma, a\u0219a de control. &nbsp;<\/p>\n<p>Pe 21 a \u00eenghe\u021bat apa \u00een &nbsp;trocul p\u0103s\u0103rilor &#8211; tun, brum\u0103 p\u00e2n\u0103 la 10 diminea\u021ba .&nbsp;<\/p>\n<p>Via e praf. Cire\u0219ele sunt negre. \u0218ti\u021bi voi ce e aia? S-au dus.&nbsp;<\/p>\n<p>M-am chinuit s\u0103 fac instala\u021bii de irigat \u0219i pe dracu ghem (or fi cr\u0103pat \u0219i \u021bevile, &nbsp;mai \u0219tii? &nbsp;Nici nu vreau s\u0103 \u00eel \u00eentreb pe tata) &nbsp;c\u0103 a fost \u00eenceputul de prim\u0103var\u0103 prea arid.&nbsp;<\/p>\n<p>Ai mei au s\u0103pat via, au legat, au pula mea.&nbsp;<\/p>\n<p>A stropit tata pomii o dat\u0103, le-am mai dat \u0219i eu o tur\u0103. &nbsp;<\/p>\n<p>Ca s\u0103 ce! Ca s\u0103 \u00ee\u021bi bagi pula \u00een ea de munc\u0103. &nbsp;<\/p>\n<p><a href=\"http:\/\/catalinx.ro\/wordpress\/wp-content\/uploads\/2017\/04\/wp-image-1543155523jpg.jpg\"><img loading=\"lazy\" decoding=\"async\" width=\"700\" height=\"1244\" alt=\"\" src=\"http:\/\/catalinx.ro\/wordpress\/wp-content\/uploads\/2017\/04\/wp-image-1543155523jpg.jpg\" title=\"\" class=\"alignnone size-full wp-image-8446\"\/><\/a><br \/>\nC\u00e2nd mi-a spus tata, am zis c\u0103 asta e \u0219i am plecat s\u0103 m\u0103 plimb prin Bristol, c\u0103 la \u0103\u0219tia cire\u0219ii sunt mi\u0219to. &nbsp; Dar cu ochii un pic umezi, &nbsp;nu de pagub\u0103, &nbsp;c\u0103 nu tr\u0103iesc din cire\u0219ele alea, iar vin de la tata nici nu prea beau. Dar de nervi, de oftic\u0103, de-un sentiment de futilitate, &nbsp;de &#8220;la ce pula mea conteaz\u0103 c\u0103 am eu p\u0103m\u00e2nt gratis \u00een \u021bara asta dac\u0103, &nbsp;ba e prea frig, ba e prea cald, ba prea secet\u0103, &nbsp;ba sunt inunda\u021bii?&#8221;.<\/p>\n<p>Nu e numai Rom\u00e2nia a\u0219a, dar uite c\u0103 aici (UK) nu e a\u0219a. \u00cenc\u0103.&nbsp;<\/p>\n<p>\u0218i-mi vine s\u0103 \u00eei str\u00e2ng de g\u00e2t pe \u0103ia care o ard \u00een &#8220;nu exist\u0103 \u00eenc\u0103lzire global\u0103&#8221;, &nbsp;nu exist\u0103 schimb\u0103ri climatice cauzate de poluare. Nu exist\u0103 nimic. M\u0103 v\u0103d cum le bag pe g\u00e2t lope\u021bi de cire\u0219e negre \u0219i putrede, trase prin praf de c\u0103rbune, \u0219i le torn \u00een gura \u021binut\u0103 c\u0103scat\u0103 cu cle\u0219ti carafe \u00eentregi din cel mai bun vin de Diesel, produc\u021bia 2017 f\u0103r\u0103 filtru de particule. \u0218i le spun c\u0103 li se pare, c\u0103 nu exist\u0103 c\u0103rbune, &nbsp;cire\u0219e putrezite \u00een floare \u0219i efectele polu\u0103rii. &nbsp;A\u0219a e noul Bordeaux, &nbsp;vin negru, de-\u021bi r\u0103m\u00e2n buzele p\u0103tate \u0219i-\u021bi pic\u0103 din\u021bii de la el. E natural.&nbsp;<\/p>\n<p>Agricultura e pe cale s\u0103 devin\u0103 mult mai scump\u0103 doar pentru c\u0103 vrem s\u0103 continue s\u0103 fie petrolul \u0219i restul vie\u021bii la fel de ieftine \u0219i la fel de primitive.<\/p>\n<p>M\u0103 \u00eentreb dac\u0103 merit\u0103 s\u0103 mai visez la un teren cu razorul meu, cu plm, oriunde, \u00een condi\u021biile astea.&nbsp;<\/p>\n<p>\u0218i telefonului \u0103stuia i s-a futut bateria de tot. S\u0103 o schimb sau s\u0103 iau altul? \u00cen\u021belege\u021bi &nbsp;ideea &#x1f4ad;? &#8230;<\/p>\n<p>M\u0103 duc la Londra c\u0103 am treab\u0103 \u0219i alte griji mai acute. &nbsp;D\u0103-o \u00een pula mea de natur\u0103, &nbsp;dup\u0103 ce am s\u0103 rezolv restul problemelor de care depind banii mei am s\u0103 m\u0103 gamdesc \u0219i la asta. Dac\u0103 o s\u0103 mai am la ce.&nbsp;<\/p>\n","protected":false},"excerpt":{"rendered":"<p>Am v\u0103zut \u0219tirile cu francezii care au f\u0103cut focul \u00een vii zilele trecute s\u0103 nu le \u00eenghe\u021be. &nbsp;B\u0103nuiam c\u0103 nu e a bun\u0103, &nbsp;dar am&hellip;<\/p>\n","protected":false},"author":2,"featured_media":8446,"comment_status":"open","ping_status":"open","sticky":false,"template":"","format":"standard","meta":{"jetpack_post_was_ever_published":false,"_jetpack_newsletter_access":"","_jetpack_dont_email_post_to_subs":true,"_jetpack_newsletter_tier_id":0,"_jetpack_memberships_contains_paywalled_content":false,"_jetpack_memberships_contains_paid_content":false,"footnotes":"","jetpack_publicize_message":"","jetpack_publicize_feature_enabled":true,"jetpack_social_post_already_shared":true,"jetpack_social_options":{"image_generator_settings":{"template":"highway","default_image_id":0,"font":"","enabled":false},"version":2}},"categories":[675,614,571],"tags":[1766,1803,962,1805,1804],"class_list":["post-8444","post","type-post","status-publish","format-standard","has-post-thumbnail","hentry","category-agro","category-bio","category-life-log","tag-aprilie-2017","tag-bruma-in-aprilie","tag-frig","tag-inghet","tag-promoroaca"],"views":2509,"jetpack_publicize_connections":[],"jetpack_featured_media_url":"https:\/\/catalinx.ro\/wordpress\/wp-content\/uploads\/2017\/04\/wp-image-1543155523jpg.jpg","jetpack_sharing_enabled":true,"jetpack_shortlink":"https:\/\/wp.me\/p4Eq23-2cc","jetpack-related-posts":[],"_links":{"self":[{"href":"https:\/\/catalinx.ro\/wordpress\/index.php?rest_route=\/wp\/v2\/posts\/8444","targetHints":{"allow":["GET"]}}],"collection":[{"href":"https:\/\/catalinx.ro\/wordpress\/index.php?rest_route=\/wp\/v2\/posts"}],"about":[{"href":"https:\/\/catalinx.ro\/wordpress\/index.php?rest_route=\/wp\/v2\/types\/post"}],"author":[{"embeddable":true,"href":"https:\/\/catalinx.ro\/wordpress\/index.php?rest_route=\/wp\/v2\/users\/2"}],"replies":[{"embeddable":true,"href":"https:\/\/catalinx.ro\/wordpress\/index.php?rest_route=%2Fwp%2Fv2%2Fcomments&post=8444"}],"version-history":[{"count":2,"href":"https:\/\/catalinx.ro\/wordpress\/index.php?rest_route=\/wp\/v2\/posts\/8444\/revisions"}],"predecessor-version":[{"id":8447,"href":"https:\/\/catalinx.ro\/wordpress\/index.php?rest_route=\/wp\/v2\/posts\/8444\/revisions\/8447"}],"wp:featuredmedia":[{"embeddable":true,"href":"https:\/\/catalinx.ro\/wordpress\/index.php?rest_route=\/wp\/v2\/media\/8446"}],"wp:attachment":[{"href":"https:\/\/catalinx.ro\/wordpress\/index.php?rest_route=%2Fwp%2Fv2%2Fmedia&parent=8444"}],"wp:term":[{"taxonomy":"category","embeddable":true,"href":"https:\/\/catalinx.ro\/wordpress\/index.php?rest_route=%2Fwp%2Fv2%2Fcategories&post=8444"},{"taxonomy":"post_tag","embeddable":true,"href":"https:\/\/catalinx.ro\/wordpress\/index.php?rest_route=%2Fwp%2Fv2%2Ftags&post=8444"}],"curies":[{"name":"wp","href":"https:\/\/api.w.org\/{rel}","templated":true}]}}