

{"id":8822,"date":"2017-06-01T20:22:05","date_gmt":"2017-06-01T18:22:05","guid":{"rendered":"http:\/\/catalinx.ro\/wordpress\/?p=8822"},"modified":"2017-06-02T11:26:51","modified_gmt":"2017-06-02T09:26:51","slug":"in-roma","status":"publish","type":"post","link":"https:\/\/catalinx.ro\/wordpress\/?p=8822","title":{"rendered":"\u00cen Roma."},"content":{"rendered":"<div id=\"fb-root\"><\/div>\n<figure style=\"width: 960px\" class=\"wp-caption alignnone\"><a href=\"http:\/\/catalinx.ro\/wordpress\/wp-content\/uploads\/2017\/06\/DSC_1253-01-960x540.jpeg\"><img loading=\"lazy\" decoding=\"async\" data-attachment-id=\"8821\" data-permalink=\"https:\/\/catalinx.ro\/wordpress\/?attachment_id=8821\" data-orig-file=\"https:\/\/catalinx.ro\/wordpress\/wp-content\/uploads\/2017\/06\/DSC_1253-01-960x540.jpeg\" data-orig-size=\"960,540\" data-comments-opened=\"1\" data-image-meta=\"{&quot;aperture&quot;:&quot;0&quot;,&quot;credit&quot;:&quot;&quot;,&quot;camera&quot;:&quot;&quot;,&quot;caption&quot;:&quot;&quot;,&quot;created_timestamp&quot;:&quot;0&quot;,&quot;copyright&quot;:&quot;&quot;,&quot;focal_length&quot;:&quot;0&quot;,&quot;iso&quot;:&quot;0&quot;,&quot;shutter_speed&quot;:&quot;0&quot;,&quot;title&quot;:&quot;&quot;,&quot;orientation&quot;:&quot;0&quot;}\" data-image-title=\"DSC_1253-01-960&amp;#215;540\" data-image-description=\"\" data-image-caption=\"\" data-large-file=\"https:\/\/catalinx.ro\/wordpress\/wp-content\/uploads\/2017\/06\/DSC_1253-01-960x540.jpeg\" width=\"960\" height=\"540\" alt=\"\" src=\"http:\/\/catalinx.ro\/wordpress\/wp-content\/uploads\/2017\/06\/DSC_1253-01-960x540.jpeg\" title=\"Roma antic\u0103 \" class=\"size-full wp-image-8821\" srcset=\"https:\/\/catalinx.ro\/wordpress\/wp-content\/uploads\/2017\/06\/DSC_1253-01-960x540.jpeg 960w, https:\/\/catalinx.ro\/wordpress\/wp-content\/uploads\/2017\/06\/DSC_1253-01-960x540-300x169.jpeg 300w, https:\/\/catalinx.ro\/wordpress\/wp-content\/uploads\/2017\/06\/DSC_1253-01-960x540-768x432.jpeg 768w\" sizes=\"auto, (max-width: 960px) 100vw, 960px\" \/><\/a><figcaption class=\"wp-caption-text\">Roma e antic\u0103 \u0219i acum<\/figcaption><\/figure>\n<p>Probabil c\u0103 am s\u0103 mai scriu c\u00e2teva articole despre Italia. A\u0219a c\u0103 \u00eencerc s\u0103 o iau pe buc\u0103\u021bi. E prima dat\u0103 c\u00e2nd ajung aici, &#8220;la s\u0103racii \u0103\u0219tia&#8221; \u0219i sper c\u0103 \u0219i ultima. Am s\u0103 revin pe parcursul articolelor cu referin\u021be. &nbsp;<\/p>\n<p>Italia nu e ur\u00e2t\u0103. &nbsp;Adic\u0103 natura. &nbsp;Dar, ca \u0219i Rom\u00e2nia, &nbsp;p\u0103cat c\u0103 e populat\u0103. &nbsp;<\/p>\n<p>Am aterizat la Roma, c\u0103 era mai ieftin \u0219i mai potrivit ca timp zborul acolo \u0219i e util zic, s\u0103 v\u0103d \u0219i eu cum ar\u0103tau str\u0103mo\u0219ii no\u0219tri, &nbsp;pe linie paterna. C\u0103 \u00een\u021beleg ca Decebal era mama, \u00een rela\u021bia asta.&nbsp;<\/p>\n<p>A\u0219a, \u0219i am luat eu autobuzul de la Ciampino c\u0103tre Roma Termini. Eu pl\u0103nuiam s\u0103 merg cu trenul, da&#8217; sta\u021bia \u00een aeroportul \u0103sta e&#8230; 4 km mai \u00eencolo, cam ca la Otopeni.&nbsp;<\/p>\n<p>Ora\u0219ul ar fi frumos, &nbsp;<b>dac\u0103.&nbsp;<\/b><\/p>\n<p>&nbsp;Dac\u0103 ar fi mai \u00eentre\u021binut. &nbsp;Cl\u0103dirile au ar\u0103tat c\u00e2ndva frumu\u0219el, c\u00e2nd or fi avut ultima oar\u0103 fa\u021badele renovate \u0219i vopsite. Poate le izoleaz\u0103 \u0219i ei cu polistiren \u0219i pun termopane cu fonduri europene, ca rudele lor s\u0103race. &nbsp;<\/p>\n<p>Adic\u0103, &nbsp;le mai trebuie ni\u0219te sute de milioane de euro investite \u00een fa\u021badele alea \u0219i, sincer, nu \u0219tiu exact ce \u00eei \u021bine \u00een loc, c\u0103 eu am pl\u0103tit la hotel \u0219i taxa de turist 8 Euro pe zi de persoan\u0103. &nbsp;D\u0103-te \u00een pula mea de ora\u0219 turistic, dac\u0103 doi in\u0219i pl\u0103tesc 32 de euro pe dou\u0103 zile ( sunt mii de turi\u0219ti zilnic) \u0219i tu nu ai bani s\u0103 faci totul lun\u0103!&nbsp;<\/p>\n<p><b>Erata: 16 EUR\/2zile\/2 pers.<\/b><\/p>\n<p>\u00cen Bucure\u0219ti mai \u00een\u021beleg, c\u0103 pl\u0103tesc anual dublu de at\u00e2t la un apartament cu 4 camere \u0219i din pul\u0103 turi\u0219ti. &nbsp;<\/p>\n<p><a href=\"http:\/\/catalinx.ro\/wordpress\/wp-content\/uploads\/2017\/06\/IMG_20170601_111746_076-903x864.jpg\"><img loading=\"lazy\" decoding=\"async\" data-attachment-id=\"8804\" data-permalink=\"https:\/\/catalinx.ro\/wordpress\/?attachment_id=8804\" data-orig-file=\"https:\/\/catalinx.ro\/wordpress\/wp-content\/uploads\/2017\/06\/IMG_20170601_111746_076-903x864.jpg\" data-orig-size=\"903,864\" data-comments-opened=\"1\" data-image-meta=\"{&quot;aperture&quot;:&quot;0&quot;,&quot;credit&quot;:&quot;&quot;,&quot;camera&quot;:&quot;&quot;,&quot;caption&quot;:&quot;&quot;,&quot;created_timestamp&quot;:&quot;0&quot;,&quot;copyright&quot;:&quot;&quot;,&quot;focal_length&quot;:&quot;0&quot;,&quot;iso&quot;:&quot;0&quot;,&quot;shutter_speed&quot;:&quot;0&quot;,&quot;title&quot;:&quot;&quot;,&quot;orientation&quot;:&quot;0&quot;}\" data-image-title=\"IMG_20170601_111746_076-903&amp;#215;864\" data-image-description=\"\" data-image-caption=\"\" data-large-file=\"https:\/\/catalinx.ro\/wordpress\/wp-content\/uploads\/2017\/06\/IMG_20170601_111746_076-903x864.jpg\" src=\"http:\/\/catalinx.ro\/wordpress\/wp-content\/uploads\/2017\/06\/IMG_20170601_111746_076-903x864.jpg\" alt=\"\" class=\"wp-image-8804 alignnone size-full\" width=\"903\" height=\"864\" srcset=\"https:\/\/catalinx.ro\/wordpress\/wp-content\/uploads\/2017\/06\/IMG_20170601_111746_076-903x864.jpg 903w, https:\/\/catalinx.ro\/wordpress\/wp-content\/uploads\/2017\/06\/IMG_20170601_111746_076-903x864-300x287.jpg 300w, https:\/\/catalinx.ro\/wordpress\/wp-content\/uploads\/2017\/06\/IMG_20170601_111746_076-903x864-768x735.jpg 768w\" sizes=\"auto, (max-width: 903px) 100vw, 903px\" \/><\/a>\u0218i dac\u0103 nu ar fi praf, nu ca prin Bucure\u0219ti, dar aproape. &nbsp;<\/p>\n<p>\u0218i dac\u0103 nu ar mirosi a pipilica pe l\u00e2ng\u0103 Gar\u0103, &nbsp;dar \u0219i prin alte locuri &#8211; unele.&nbsp;<\/p>\n<p>\u0218i dac\u0103 nu ar dormi c\u00e2te-un boschetar la fiecare col\u021b de strad\u0103, ce vrei, vremea e prietenoas\u0103.&nbsp;<\/p>\n<p>\u0218i dac\u0103 nu ar fi 30 de grade la pr\u00e2nz \u00een mai.&nbsp;<\/p>\n<p>\u0218i dac\u0103 nu ar fi \u00eemb\u00e2csit &nbsp;de turi\u0219ti. &nbsp;Asta de mai jos e Fontana di Trevi, &nbsp;sau a\u0219a ceva. Nimic epic, cum ar fi Coloseumul, s\u0103 zicem. Acolo era moarte; revin. &nbsp;O pi\u0219\u0103toare \u0219i ni\u0219te bolovani. Iar \u0103ia sunt turi\u0219ti care se uitau, &nbsp;lobotomizati, cum curge ap\u0103 \u0219i at\u00e2t, c\u0103 nu era vreun show sau vreo femeie dezbr\u0103cat\u0103 pe acolo. \u0218i f\u0103ceau poze, normal.&nbsp;<\/p>\n<p><a href=\"http:\/\/catalinx.ro\/wordpress\/wp-content\/uploads\/2017\/06\/DSC_1257-01-960x540.jpeg\"><img loading=\"lazy\" decoding=\"async\" data-attachment-id=\"8805\" data-permalink=\"https:\/\/catalinx.ro\/wordpress\/?attachment_id=8805\" data-orig-file=\"https:\/\/catalinx.ro\/wordpress\/wp-content\/uploads\/2017\/06\/DSC_1257-01-960x540.jpeg\" data-orig-size=\"960,540\" data-comments-opened=\"1\" data-image-meta=\"{&quot;aperture&quot;:&quot;0&quot;,&quot;credit&quot;:&quot;&quot;,&quot;camera&quot;:&quot;&quot;,&quot;caption&quot;:&quot;&quot;,&quot;created_timestamp&quot;:&quot;0&quot;,&quot;copyright&quot;:&quot;&quot;,&quot;focal_length&quot;:&quot;0&quot;,&quot;iso&quot;:&quot;0&quot;,&quot;shutter_speed&quot;:&quot;0&quot;,&quot;title&quot;:&quot;&quot;,&quot;orientation&quot;:&quot;0&quot;}\" data-image-title=\"DSC_1257-01-960&amp;#215;540\" data-image-description=\"\" data-image-caption=\"\" data-large-file=\"https:\/\/catalinx.ro\/wordpress\/wp-content\/uploads\/2017\/06\/DSC_1257-01-960x540.jpeg\" src=\"http:\/\/catalinx.ro\/wordpress\/wp-content\/uploads\/2017\/06\/DSC_1257-01-960x540.jpeg\" alt=\"\" class=\"wp-image-8805 alignnone size-full\" width=\"960\" height=\"540\" srcset=\"https:\/\/catalinx.ro\/wordpress\/wp-content\/uploads\/2017\/06\/DSC_1257-01-960x540.jpeg 960w, https:\/\/catalinx.ro\/wordpress\/wp-content\/uploads\/2017\/06\/DSC_1257-01-960x540-300x169.jpeg 300w, https:\/\/catalinx.ro\/wordpress\/wp-content\/uploads\/2017\/06\/DSC_1257-01-960x540-768x432.jpeg 768w\" sizes=\"auto, (max-width: 960px) 100vw, 960px\" \/><\/a><\/p>\n<p>\u0218i dac\u0103 ini\u021bial suna vag interesant s\u0103 locuiesc \u00eentr-un ora\u0219 turistic, s\u0103 v\u0103d f\u00e2nt\u00e2na asta pe geam, s\u0103 zicem, parc\u0103 nu e deloc atractiv s\u0103 m\u0103 uit pe geam \u0219i s\u0103 v\u0103d zilnic 1000 de turi\u0219ti cu ochii beli\u021bi, printre care \u0219i ni\u0219te v\u00e2nz\u0103tori de nimicuri, plus ho\u021bii de buzunare aferen\u021bi.&nbsp;<\/p>\n<p>Mai departe cu turismul \u00een Roma, &nbsp;care, dup\u0103 p\u0103rerea mea e un hoax cam de la un cap la altul, cu mici excep\u021bii.&nbsp;<\/p>\n<p>Am pl\u0103tit 46 de euro pe 2 bilete de-o zi de &#8220;sightseeing tour&#8221;. Autobuz de \u0103la cu etaj care te duce prin locuri \u0219i te urci, sau cobori, c\u00e2nd \u0219i unde vrei tu. Las\u0103 pre\u021bul \u0219i faptul c\u0103 ie\u0219eam la fel dac\u0103 mergeam cu Uber, la c\u00e2t de pu\u021bin l-am folosit. Altele sunt problemele,cum ar fi c\u0103 30 de grade sunt, dar aer condi\u021bionat nema.&nbsp;<\/p>\n<p>Sau c\u0103 \u00een orice sta\u021bie cobor\u00ee, repet oricare, sunt gagii care sar c\u0103lare pe tine s\u0103 v\u00e2nd\u0103 diferite nimicuri la suprapre\u021b. B\u0103, gr\u0103mad\u0103, nu unul, sau doi. &nbsp;Te b\u00e2ntuie cam cum b\u00e2ntuiau \u021biganii pe plajele din Rom\u00e2nia, &nbsp;dar nu acum, &nbsp;ci acum 10-15 ani, c\u0103 acum e un pic mai civilizat la noi, privind strict din unghiul \u0103sta.&nbsp;<\/p>\n<p>Mai r\u0103u ca \u00een Zanzibar, nu cred c\u0103 exagerez.<\/p>\n<p>\u0218i dac\u0103 nu ar fi cam overrated. Adic\u0103, &nbsp;se \u00eenghesuie lumea s\u0103 viziteze Coloseumul, nu \u0219tiu cat cost\u0103, &nbsp;12 EUR, sau ceva. Din nou, nu suma e problema, ci ce prime\u0219ti de ea: o chestie d\u0103r\u00e2mata \u0219i o buluceala de c\u00e2teva mii de oameni care se \u00eengr\u0103m\u0103desc s\u0103 o vad\u0103. \u00centr-o zi de miercuri. Nu \u0219tiu ce poate s\u0103 fie acolo \u00een weekend \u0219i nici nu \u00een\u021beleg de ce. C\u0103 vezi, \u00een toate filmele interesante ( Gladiator, Spartacus&#8230;etc) chestia aia e reconstruit\u0103 pe calculator, pe cum or face-o \u0103ia cu filmele, dar \u00een IRL, &nbsp;nu. \u0218i mi se spune s\u0103 dau ni\u0219te bani s-o v\u0103d a\u0219a distrus\u0103. &nbsp;Mie \u00eemi place cu chestii megalomaniace, Casa Poporului, catedrala pulii, chiar dac\u0103 sunt bani arunca\u021bi pe geam, dar au un rost. Numai s\u0103 arate \u0219i ele \u00eentr-un fel, nu \u00eemi ceri bani s\u0103 v\u0103d trei pietre d\u0103r\u00e2mate. \u0218i de banii \u0103ia nici nu faci nimic s\u0103 arate mai bine. E Roma antic\u0103, &nbsp;\u00een\u021beleg, &nbsp;dar hai pe ici pe colo s\u0103 mai facem ceva, s\u0103 nu ajung\u0103 chiar ruin\u0103, zic. Zici c\u0103 sunt rom\u00e2ni la treaba asta.&nbsp;<\/p>\n<p>Iar drumurile \u00een ora\u0219 mai sunt \u0219i cu gropi \u0219i \u0219leauri, c\u0103 a\u0219a au v\u0103zut ei la fii lor de peste Dun\u0103re c\u0103 se poart\u0103.&nbsp;<\/p>\n<p>Iar&nbsp;<a href=\"http:\/\/m.cinemagia.ro\/filme\/le-ragazze-di-piazza-di-spagna-fetele-din-piata-spaniei-10103\/\">fetele din Pia\u021ba Spaniei<\/a>&nbsp;nu-s ca \u0103lea din filmul serial pe care l-am v\u0103zut eu \u00een 98-2000 pe TVR, nici ca \u0103la original. S-a cam umplut de str\u00e2mbe pia\u021ba aia. Dar aia e, ce s\u0103 faci? N-ai ce s\u0103 faci.<\/p>\n<p><a href=\"http:\/\/catalinx.ro\/wordpress\/wp-content\/uploads\/2017\/06\/DSC_1258-01-960x540.jpeg\"><img loading=\"lazy\" decoding=\"async\" data-attachment-id=\"8819\" data-permalink=\"https:\/\/catalinx.ro\/wordpress\/?attachment_id=8819\" data-orig-file=\"https:\/\/catalinx.ro\/wordpress\/wp-content\/uploads\/2017\/06\/DSC_1258-01-960x540.jpeg\" data-orig-size=\"960,540\" data-comments-opened=\"1\" data-image-meta=\"{&quot;aperture&quot;:&quot;0&quot;,&quot;credit&quot;:&quot;&quot;,&quot;camera&quot;:&quot;&quot;,&quot;caption&quot;:&quot;&quot;,&quot;created_timestamp&quot;:&quot;0&quot;,&quot;copyright&quot;:&quot;&quot;,&quot;focal_length&quot;:&quot;0&quot;,&quot;iso&quot;:&quot;0&quot;,&quot;shutter_speed&quot;:&quot;0&quot;,&quot;title&quot;:&quot;&quot;,&quot;orientation&quot;:&quot;0&quot;}\" data-image-title=\"DSC_1258-01-960&amp;#215;540\" data-image-description=\"\" data-image-caption=\"\" data-large-file=\"https:\/\/catalinx.ro\/wordpress\/wp-content\/uploads\/2017\/06\/DSC_1258-01-960x540.jpeg\" src=\"http:\/\/catalinx.ro\/wordpress\/wp-content\/uploads\/2017\/06\/DSC_1258-01-960x540.jpeg\" alt=\"\" class=\"wp-image-8819 alignnone size-full\" width=\"960\" height=\"540\" srcset=\"https:\/\/catalinx.ro\/wordpress\/wp-content\/uploads\/2017\/06\/DSC_1258-01-960x540.jpeg 960w, https:\/\/catalinx.ro\/wordpress\/wp-content\/uploads\/2017\/06\/DSC_1258-01-960x540-300x169.jpeg 300w, https:\/\/catalinx.ro\/wordpress\/wp-content\/uploads\/2017\/06\/DSC_1258-01-960x540-768x432.jpeg 768w\" sizes=\"auto, (max-width: 960px) 100vw, 960px\" \/><\/a><\/p>\n<p><b>Vatican<\/b><\/p>\n<p><a href=\"http:\/\/catalinx.ro\/wordpress\/wp-content\/uploads\/2017\/06\/DSC_1240-01-960x540.jpeg\"><img loading=\"lazy\" decoding=\"async\" data-attachment-id=\"8820\" data-permalink=\"https:\/\/catalinx.ro\/wordpress\/?attachment_id=8820\" data-orig-file=\"https:\/\/catalinx.ro\/wordpress\/wp-content\/uploads\/2017\/06\/DSC_1240-01-960x540.jpeg\" data-orig-size=\"960,540\" data-comments-opened=\"1\" data-image-meta=\"{&quot;aperture&quot;:&quot;0&quot;,&quot;credit&quot;:&quot;&quot;,&quot;camera&quot;:&quot;&quot;,&quot;caption&quot;:&quot;&quot;,&quot;created_timestamp&quot;:&quot;0&quot;,&quot;copyright&quot;:&quot;&quot;,&quot;focal_length&quot;:&quot;0&quot;,&quot;iso&quot;:&quot;0&quot;,&quot;shutter_speed&quot;:&quot;0&quot;,&quot;title&quot;:&quot;&quot;,&quot;orientation&quot;:&quot;0&quot;}\" data-image-title=\"DSC_1240-01-960&amp;#215;540\" data-image-description=\"\" data-image-caption=\"\" data-large-file=\"https:\/\/catalinx.ro\/wordpress\/wp-content\/uploads\/2017\/06\/DSC_1240-01-960x540.jpeg\" src=\"http:\/\/catalinx.ro\/wordpress\/wp-content\/uploads\/2017\/06\/DSC_1240-01-960x540.jpeg\" alt=\"\" class=\"wp-image-8820 alignnone size-full\" width=\"960\" height=\"540\" srcset=\"https:\/\/catalinx.ro\/wordpress\/wp-content\/uploads\/2017\/06\/DSC_1240-01-960x540.jpeg 960w, https:\/\/catalinx.ro\/wordpress\/wp-content\/uploads\/2017\/06\/DSC_1240-01-960x540-300x169.jpeg 300w, https:\/\/catalinx.ro\/wordpress\/wp-content\/uploads\/2017\/06\/DSC_1240-01-960x540-768x432.jpeg 768w\" sizes=\"auto, (max-width: 960px) 100vw, 960px\" \/><\/a><\/p>\n<p>Dup\u0103 p\u0103rerea mea singura chestie care merit\u0103 efortul de v\u0103zut pe acolo e Vaticanul. Adic\u0103 muzeele \u0219i Capela Sixtin\u0103 \u0219i, dac\u0103 \u00ee\u021bi plac bisericile, pune \u0219i Catedrala aia Sf. Petru, sau ce dracu&#8217; e, biseric\u0103, schit, nu m\u0103 &nbsp;pricep. Pe mine m\u0103 las\u0103 rece, nu am vizitat-o, dar arat\u0103 bine pe dinafar\u0103.&nbsp;<\/p>\n<p>De altfel, Vaticanul e, &nbsp;\u00een general, cur\u0103\u021bel \u0219i arat\u0103, evident, mai bine dec\u00e2t Roma. Dac\u0103 a\u0219 locui \u00een Roma, cred c\u0103 acolo a\u0219 vrea s\u0103 stau. Nu \u0219tiu c\u00e2t ar costa dar presupun ca imens \u0219i, probabil, nu merit\u0103 banii.<\/p>\n<p>\u0218i aglomerat de mori. \u0218i plin de pulifrici care vor s\u0103 \u00ee\u021bi v\u00e2nd\u0103 chestii la suprapre\u021b. La orice dugheana din Roma v\u00e2nd bilete la muzee \u0219i la Capel\u0103 cu &#8220;skip the line&#8221; la 33 euro bucata.&nbsp;<\/p>\n<p>Mie \u00eemi dau de g\u00e2ndit \u0103\u0219tia care m\u0103 a\u0219teapt\u0103 ei \u00eenainte de punctul de unde pot s\u0103 \u00eemi iau eu bilete s\u0103 \u00eemi fac\u0103, chipurile, un favor. M-am uitat pe net, &nbsp;biletul e 16 euro, skip the line-ul e 20.&nbsp;<\/p>\n<p>Le-am tras la muie din principiu, c\u0103 m\u0103 enerveaz\u0103 comercian\u021bii ambulan\u021bi \u0219i agasanti.&nbsp;<\/p>\n<p>Ajuns \u00een Vatican, am mers la po\u0219t\u0103, &nbsp;am v\u0103zut c\u0103 pot s\u0103 iau de acolo advance tickets ( d-alea skip the line) la 20 de euro. Nu eram sigur c\u0103 ajut\u0103 la ceva. A\u0219a c\u0103 am mers s\u0103 v\u0103d cu ochii mei la ce ajut\u0103, &nbsp;printre zeci de d-astia care voiau s\u0103 v\u00e2nd\u0103 ei bilete \u0219i tururi cu ghid. Acum, tururile cu ghid chiar sunt folositoare dac\u0103 e\u0219ti genul. Dar mie nu \u00eemi place s\u0103 merg ca oaia dup\u0103 un grup. M\u0103 mi\u0219c \u00een ritmul meu, &nbsp;iar pentru info exist\u0103 internet.&nbsp;<\/p>\n<p>\u00cen drum i-am v\u0103zut pe \u0103\u0219tia st\u00e2nd la coad\u0103 la catedrala pizdii, aia la care nu am fost eu.&nbsp;<\/p>\n<p><a href=\"http:\/\/catalinx.ro\/wordpress\/wp-content\/uploads\/2017\/06\/DSC_1208-960x540.jpg\"><img loading=\"lazy\" decoding=\"async\" data-attachment-id=\"8806\" data-permalink=\"https:\/\/catalinx.ro\/wordpress\/?attachment_id=8806\" data-orig-file=\"https:\/\/catalinx.ro\/wordpress\/wp-content\/uploads\/2017\/06\/DSC_1208-960x540.jpg\" data-orig-size=\"960,540\" data-comments-opened=\"1\" data-image-meta=\"{&quot;aperture&quot;:&quot;0&quot;,&quot;credit&quot;:&quot;&quot;,&quot;camera&quot;:&quot;&quot;,&quot;caption&quot;:&quot;&quot;,&quot;created_timestamp&quot;:&quot;0&quot;,&quot;copyright&quot;:&quot;&quot;,&quot;focal_length&quot;:&quot;0&quot;,&quot;iso&quot;:&quot;0&quot;,&quot;shutter_speed&quot;:&quot;0&quot;,&quot;title&quot;:&quot;&quot;,&quot;orientation&quot;:&quot;0&quot;}\" data-image-title=\"DSC_1208-960&amp;#215;540\" data-image-description=\"\" data-image-caption=\"\" data-large-file=\"https:\/\/catalinx.ro\/wordpress\/wp-content\/uploads\/2017\/06\/DSC_1208-960x540.jpg\" src=\"http:\/\/catalinx.ro\/wordpress\/wp-content\/uploads\/2017\/06\/DSC_1208-960x540.jpg\" alt=\"\" class=\"wp-image-8806 alignnone size-full\" width=\"960\" height=\"540\" srcset=\"https:\/\/catalinx.ro\/wordpress\/wp-content\/uploads\/2017\/06\/DSC_1208-960x540.jpg 960w, https:\/\/catalinx.ro\/wordpress\/wp-content\/uploads\/2017\/06\/DSC_1208-960x540-300x169.jpg 300w, https:\/\/catalinx.ro\/wordpress\/wp-content\/uploads\/2017\/06\/DSC_1208-960x540-768x432.jpg 768w\" sizes=\"auto, (max-width: 960px) 100vw, 960px\" \/><\/a><\/p>\n<p>Amuzant? Skip.&nbsp;<\/p>\n<p>Ajuns la intrarea c\u0103tre muzeu \u0219i capel\u0103 am v\u0103zut c\u0103 \u0103ia 4 euro pentru advance tickets chiar fac diferen\u021ba. &nbsp;Erau acolo, lipi\u021bi de gard, \u00een coad\u0103, sute de turi\u0219ti &#8211; &nbsp;probabil a\u0219teptau de c\u00e2teva luni s\u0103 intre. Printre ei, restul spa\u021biului era &nbsp;plin de agen\u021bi care le spuneau ce de c\u0103cat e s\u0103 stai \u0219i s\u0103 a\u0219tep\u021bi \u00een rand cu pulimea (mi-e mi spui, lol) , &nbsp;c\u00e2nd po\u021bi s\u0103 dai 33 &nbsp;de euro \u0219i s\u0103 prinzi vitez\u0103. Eu i-a\u0219 \u00eempu\u0219ca pe \u0103\u0219tia, &nbsp;serios.<\/p>\n<p>Din c\u00e2nd \u00een cand se mai \u00eendupleca c\u00e2te unul \u0219i scotea banii. Caractere slabe, ce s\u0103 le faci. Adic\u0103, &nbsp;coaie, dac\u0103 ai luat o decizie, &nbsp;s\u0103 te zg\u00e2rce\u0219ti la 4 euro, stick to the plan, nu te caca pe tine s\u0103 dai 17 \u00een plus, e\u0219ti prost?&nbsp;<\/p>\n<p>Eu m-am \u00eentors frumos la po\u0219t\u0103, am luat bilete de 20 de Euro \u0219i le-am ar\u0103tat muie combinatotilor care voiau s\u0103 m\u0103 fac\u0103 de \u00eenc\u0103 26 de Euro tax\u0103 de fraieri.&nbsp;<\/p>\n<p><a href=\"http:\/\/catalinx.ro\/wordpress\/wp-content\/uploads\/2017\/06\/DSC_1210-960x540.jpg\"><img loading=\"lazy\" decoding=\"async\" data-attachment-id=\"8807\" data-permalink=\"https:\/\/catalinx.ro\/wordpress\/?attachment_id=8807\" data-orig-file=\"https:\/\/catalinx.ro\/wordpress\/wp-content\/uploads\/2017\/06\/DSC_1210-960x540.jpg\" data-orig-size=\"960,540\" data-comments-opened=\"1\" data-image-meta=\"{&quot;aperture&quot;:&quot;0&quot;,&quot;credit&quot;:&quot;&quot;,&quot;camera&quot;:&quot;&quot;,&quot;caption&quot;:&quot;&quot;,&quot;created_timestamp&quot;:&quot;0&quot;,&quot;copyright&quot;:&quot;&quot;,&quot;focal_length&quot;:&quot;0&quot;,&quot;iso&quot;:&quot;0&quot;,&quot;shutter_speed&quot;:&quot;0&quot;,&quot;title&quot;:&quot;&quot;,&quot;orientation&quot;:&quot;0&quot;}\" data-image-title=\"DSC_1210-960&amp;#215;540\" data-image-description=\"\" data-image-caption=\"\" data-large-file=\"https:\/\/catalinx.ro\/wordpress\/wp-content\/uploads\/2017\/06\/DSC_1210-960x540.jpg\" src=\"http:\/\/catalinx.ro\/wordpress\/wp-content\/uploads\/2017\/06\/DSC_1210-960x540.jpg\" alt=\"\" class=\"wp-image-8807 alignnone size-full\" width=\"960\" height=\"540\" srcset=\"https:\/\/catalinx.ro\/wordpress\/wp-content\/uploads\/2017\/06\/DSC_1210-960x540.jpg 960w, https:\/\/catalinx.ro\/wordpress\/wp-content\/uploads\/2017\/06\/DSC_1210-960x540-300x169.jpg 300w, https:\/\/catalinx.ro\/wordpress\/wp-content\/uploads\/2017\/06\/DSC_1210-960x540-768x432.jpg 768w\" sizes=\"auto, (max-width: 960px) 100vw, 960px\" \/><\/a><\/p>\n<p>\u0218i a\u0219a nu eram confortabil c\u0103 donez 40 de euro bisericii catolice \u0219i brandului lor, da&#8217; p\u00e2n\u0103 la urma urmei istoria e istorie, cultura la fel. &nbsp;Problemele mele cu religiile nu pot nega meritele muncii lu&#8217; Michelangelo, Da Vinci si colaboratorii. &nbsp;<\/p>\n<p>Ok, \u00een zilele noastre c\u00e2nd pe toate astea le g\u0103se\u0219ti gratis pe internet pot s\u0103 spun c\u0103 nu m-au impresionat fantastic sau c\u0103 &#8220;n-ai mai v\u0103zut a\u0219a ceva&#8221;.&nbsp;<\/p>\n<p>Carpeta cu &#8220;Cina cea de tain\u0103&#8221; &nbsp;au v\u0103zut-o to\u021bi \u021b\u0103ranii pe perete \u00eenc\u0103 dinainte de epoca internetului. &nbsp;Pe aia cu &#8220;R\u0103pirea din Serai&#8221; nu o aveau la Vatican, &nbsp;dar cred c\u0103 asta e alt\u0103 franciz\u0103.&nbsp;<\/p>\n<p>Mie mi-a pl\u0103cut fantastic faptul c\u0103 \u0103\u0219tia aveau &#8220;postere&#8221; cu femei dezbr\u0103cate pe tavan. Era tare mod\u0103 chiar \u0219i acum 500 de ani. Bine, nu postere, sculptate, 3D, cum ar veni.&nbsp;<\/p>\n<p>Bine, acu, faptul c\u0103 ori nu sculptau ei chiar a\u0219a bine, or femeile de atunci erau cam ur\u00e2te e alt\u0103 treab\u0103, dar s\u0103 nu ne oprim aici.<\/p>\n<p>Mai au pe tavan \u0219i b\u0103rba\u021bi dezbr\u0103ca\u021bi, ceea ce \u00eentr-o societate rezervat\u0103 b\u0103rba\u021bilor ( m\u0103 refer la clericimea catolic\u0103) &nbsp;e cam ciudat. Sau nu?&nbsp;<\/p>\n<p><a href=\"http:\/\/catalinx.ro\/wordpress\/wp-content\/uploads\/2017\/06\/DSC_1212-01-1222x861-1.jpeg\"><img loading=\"lazy\" decoding=\"async\" data-attachment-id=\"8811\" data-permalink=\"https:\/\/catalinx.ro\/wordpress\/?attachment_id=8811\" data-orig-file=\"https:\/\/catalinx.ro\/wordpress\/wp-content\/uploads\/2017\/06\/DSC_1212-01-1222x861-1.jpeg\" data-orig-size=\"1222,861\" data-comments-opened=\"1\" data-image-meta=\"{&quot;aperture&quot;:&quot;0&quot;,&quot;credit&quot;:&quot;&quot;,&quot;camera&quot;:&quot;&quot;,&quot;caption&quot;:&quot;&quot;,&quot;created_timestamp&quot;:&quot;0&quot;,&quot;copyright&quot;:&quot;&quot;,&quot;focal_length&quot;:&quot;0&quot;,&quot;iso&quot;:&quot;0&quot;,&quot;shutter_speed&quot;:&quot;0&quot;,&quot;title&quot;:&quot;&quot;,&quot;orientation&quot;:&quot;0&quot;}\" data-image-title=\"DSC_1212-01-1222&amp;#215;861\" data-image-description=\"\" data-image-caption=\"\" data-large-file=\"https:\/\/catalinx.ro\/wordpress\/wp-content\/uploads\/2017\/06\/DSC_1212-01-1222x861-1-1024x721.jpeg\" src=\"http:\/\/catalinx.ro\/wordpress\/wp-content\/uploads\/2017\/06\/DSC_1212-01-1222x861-1.jpeg\" alt=\"\" class=\"wp-image-8811 alignnone size-full\" width=\"1222\" height=\"861\" srcset=\"https:\/\/catalinx.ro\/wordpress\/wp-content\/uploads\/2017\/06\/DSC_1212-01-1222x861-1.jpeg 1222w, https:\/\/catalinx.ro\/wordpress\/wp-content\/uploads\/2017\/06\/DSC_1212-01-1222x861-1-300x211.jpeg 300w, https:\/\/catalinx.ro\/wordpress\/wp-content\/uploads\/2017\/06\/DSC_1212-01-1222x861-1-768x541.jpeg 768w, https:\/\/catalinx.ro\/wordpress\/wp-content\/uploads\/2017\/06\/DSC_1212-01-1222x861-1-1024x721.jpeg 1024w\" sizes=\"auto, (max-width: 1222px) 100vw, 1222px\" \/><\/a><\/p>\n<p>Cu siguran\u021b\u0103 s\u0103 ai copii dezbr\u0103ca\u021bi pe tavan e suspect. Dar nu \u00een catolicism, desigur. &nbsp;Sunt \u00eengera\u0219i, \u00eei cam excita sfin\u021bii, ce s\u0103 zic, fiecare cu feti\u0219urile lui.&nbsp;<\/p>\n<p>Trecem mai departe \u0219i nu pot dec\u00e2t s\u0103 apreciez gusturile lui Rafael (cred c\u0103 el e autorul c\u0103 era \u00een &#8220;Stanza di Rafael&#8221;) \u00een materie de femei \u0219i vestimenta\u021bie feminin\u0103. &nbsp;B\u0103, nu \u0219tiu ce bordeluri aveau \u0103ia pe vremea aia, dar cu siguran\u021b\u0103 \u0219tiau joaca. A\u0219a da!<\/p>\n<p><a href=\"http:\/\/catalinx.ro\/wordpress\/wp-content\/uploads\/2017\/06\/DSC_1216-01-1536x864-1.jpeg\"><img loading=\"lazy\" decoding=\"async\" data-attachment-id=\"8810\" data-permalink=\"https:\/\/catalinx.ro\/wordpress\/?attachment_id=8810\" data-orig-file=\"https:\/\/catalinx.ro\/wordpress\/wp-content\/uploads\/2017\/06\/DSC_1216-01-1536x864-1.jpeg\" data-orig-size=\"1536,864\" data-comments-opened=\"1\" data-image-meta=\"{&quot;aperture&quot;:&quot;0&quot;,&quot;credit&quot;:&quot;&quot;,&quot;camera&quot;:&quot;&quot;,&quot;caption&quot;:&quot;&quot;,&quot;created_timestamp&quot;:&quot;0&quot;,&quot;copyright&quot;:&quot;&quot;,&quot;focal_length&quot;:&quot;0&quot;,&quot;iso&quot;:&quot;0&quot;,&quot;shutter_speed&quot;:&quot;0&quot;,&quot;title&quot;:&quot;&quot;,&quot;orientation&quot;:&quot;0&quot;}\" data-image-title=\"DSC_1216-01-1536&amp;#215;864\" data-image-description=\"\" data-image-caption=\"\" data-large-file=\"https:\/\/catalinx.ro\/wordpress\/wp-content\/uploads\/2017\/06\/DSC_1216-01-1536x864-1-1024x576.jpeg\" src=\"http:\/\/catalinx.ro\/wordpress\/wp-content\/uploads\/2017\/06\/DSC_1216-01-1536x864-1.jpeg\" alt=\"\" class=\"wp-image-8810 alignnone size-full\" width=\"1536\" height=\"864\" srcset=\"https:\/\/catalinx.ro\/wordpress\/wp-content\/uploads\/2017\/06\/DSC_1216-01-1536x864-1.jpeg 1536w, https:\/\/catalinx.ro\/wordpress\/wp-content\/uploads\/2017\/06\/DSC_1216-01-1536x864-1-300x169.jpeg 300w, https:\/\/catalinx.ro\/wordpress\/wp-content\/uploads\/2017\/06\/DSC_1216-01-1536x864-1-768x432.jpeg 768w, https:\/\/catalinx.ro\/wordpress\/wp-content\/uploads\/2017\/06\/DSC_1216-01-1536x864-1-1024x576.jpeg 1024w\" sizes=\"auto, (max-width: 1536px) 100vw, 1536px\" \/><\/a><\/p>\n<p>S\u0103 trecem la arta contemporan\u0103, &nbsp;c\u0103 erau ceva piese expuse.&nbsp;<\/p>\n<p>Eu v\u0103 las pe voi s\u0103 judeca\u021bi dac\u0103 v\u0103 place, dar v\u0103 spun doar c\u0103 copilul \u0103l mic a f\u0103cut cu acuarele, &nbsp;pe la 2 ani, ceva abstract mai frumos. C\u00e2nd ajung acas\u0103 am s\u0103 pun dou\u0103 poze comparative. Serios, c\u0103 poate nu \u0219tiu eu \u0219i foaia aia lipit\u0103 pe u\u0219a glisanta de la &#8220;sufragerie&#8221; ( la mi\u0219to, e camer\u0103 de joac\u0103 pentru copii, c\u0103 eu nu \u00eemi permit \u0219i nici nu \u00eemi plac sufragiii) &nbsp;valoreaz\u0103 ni\u0219te milioane de euro \u0219i eu nu \u0219tiu.&nbsp;<\/p>\n<p><a href=\"http:\/\/catalinx.ro\/wordpress\/wp-content\/uploads\/2017\/06\/DSC_1220-01-540x960.jpeg\"><img loading=\"lazy\" decoding=\"async\" data-attachment-id=\"8812\" data-permalink=\"https:\/\/catalinx.ro\/wordpress\/?attachment_id=8812\" data-orig-file=\"https:\/\/catalinx.ro\/wordpress\/wp-content\/uploads\/2017\/06\/DSC_1220-01-540x960.jpeg\" data-orig-size=\"540,960\" data-comments-opened=\"1\" data-image-meta=\"{&quot;aperture&quot;:&quot;0&quot;,&quot;credit&quot;:&quot;&quot;,&quot;camera&quot;:&quot;&quot;,&quot;caption&quot;:&quot;&quot;,&quot;created_timestamp&quot;:&quot;0&quot;,&quot;copyright&quot;:&quot;&quot;,&quot;focal_length&quot;:&quot;0&quot;,&quot;iso&quot;:&quot;0&quot;,&quot;shutter_speed&quot;:&quot;0&quot;,&quot;title&quot;:&quot;&quot;,&quot;orientation&quot;:&quot;0&quot;}\" data-image-title=\"DSC_1220-01-540&amp;#215;960\" data-image-description=\"\" data-image-caption=\"\" data-large-file=\"https:\/\/catalinx.ro\/wordpress\/wp-content\/uploads\/2017\/06\/DSC_1220-01-540x960.jpeg\" src=\"http:\/\/catalinx.ro\/wordpress\/wp-content\/uploads\/2017\/06\/DSC_1220-01-540x960.jpeg\" alt=\"\" class=\"wp-image-8812 alignnone size-full\" width=\"540\" height=\"960\" srcset=\"https:\/\/catalinx.ro\/wordpress\/wp-content\/uploads\/2017\/06\/DSC_1220-01-540x960.jpeg 540w, https:\/\/catalinx.ro\/wordpress\/wp-content\/uploads\/2017\/06\/DSC_1220-01-540x960-169x300.jpeg 169w\" sizes=\"auto, (max-width: 540px) 100vw, 540px\" \/><\/a><\/p>\n<p>Pe de alt\u0103 parte \u0103sta e amuzant.<\/p>\n<p><a href=\"http:\/\/catalinx.ro\/wordpress\/wp-content\/uploads\/2017\/06\/DSC_1222-540x960.jpg\"><img loading=\"lazy\" decoding=\"async\" data-attachment-id=\"8818\" data-permalink=\"https:\/\/catalinx.ro\/wordpress\/?attachment_id=8818\" data-orig-file=\"https:\/\/catalinx.ro\/wordpress\/wp-content\/uploads\/2017\/06\/DSC_1222-540x960.jpg\" data-orig-size=\"540,960\" data-comments-opened=\"1\" data-image-meta=\"{&quot;aperture&quot;:&quot;0&quot;,&quot;credit&quot;:&quot;&quot;,&quot;camera&quot;:&quot;&quot;,&quot;caption&quot;:&quot;&quot;,&quot;created_timestamp&quot;:&quot;0&quot;,&quot;copyright&quot;:&quot;&quot;,&quot;focal_length&quot;:&quot;0&quot;,&quot;iso&quot;:&quot;0&quot;,&quot;shutter_speed&quot;:&quot;0&quot;,&quot;title&quot;:&quot;&quot;,&quot;orientation&quot;:&quot;0&quot;}\" data-image-title=\"DSC_1222-540&amp;#215;960\" data-image-description=\"\" data-image-caption=\"\" data-large-file=\"https:\/\/catalinx.ro\/wordpress\/wp-content\/uploads\/2017\/06\/DSC_1222-540x960.jpg\" src=\"http:\/\/catalinx.ro\/wordpress\/wp-content\/uploads\/2017\/06\/DSC_1222-540x960.jpg\" alt=\"\" class=\"wp-image-8818 alignnone size-full\" width=\"540\" height=\"960\" srcset=\"https:\/\/catalinx.ro\/wordpress\/wp-content\/uploads\/2017\/06\/DSC_1222-540x960.jpg 540w, https:\/\/catalinx.ro\/wordpress\/wp-content\/uploads\/2017\/06\/DSC_1222-540x960-169x300.jpg 169w\" sizes=\"auto, (max-width: 540px) 100vw, 540px\" \/><\/a><\/p>\n<p>Sunt \u0219i dou\u0103 piese ale lui Dali expuse. Nu \u0219tiu ce a &#x1f6ac; tras \u0103la prin insulele \u0103lea exotice pe unde s-a plimbat, c\u0103 se vede clar c\u0103 avea creierul pr\u0103jit, &nbsp;dar picturile lui \u00eemi plac mult. \u0218i culorile \u0219i stilul lichid, sau cum \u00eei spune.&nbsp;<\/p>\n<p><a href=\"http:\/\/catalinx.ro\/wordpress\/wp-content\/uploads\/2017\/06\/DSC_1224-01-1354x817.jpeg\"><img loading=\"lazy\" decoding=\"async\" data-attachment-id=\"8815\" data-permalink=\"https:\/\/catalinx.ro\/wordpress\/?attachment_id=8815\" data-orig-file=\"https:\/\/catalinx.ro\/wordpress\/wp-content\/uploads\/2017\/06\/DSC_1224-01-1354x817.jpeg\" data-orig-size=\"1354,817\" data-comments-opened=\"1\" data-image-meta=\"{&quot;aperture&quot;:&quot;0&quot;,&quot;credit&quot;:&quot;&quot;,&quot;camera&quot;:&quot;&quot;,&quot;caption&quot;:&quot;&quot;,&quot;created_timestamp&quot;:&quot;0&quot;,&quot;copyright&quot;:&quot;&quot;,&quot;focal_length&quot;:&quot;0&quot;,&quot;iso&quot;:&quot;0&quot;,&quot;shutter_speed&quot;:&quot;0&quot;,&quot;title&quot;:&quot;&quot;,&quot;orientation&quot;:&quot;0&quot;}\" data-image-title=\"DSC_1224-01-1354&amp;#215;817\" data-image-description=\"\" data-image-caption=\"\" data-large-file=\"https:\/\/catalinx.ro\/wordpress\/wp-content\/uploads\/2017\/06\/DSC_1224-01-1354x817-1024x618.jpeg\" src=\"http:\/\/catalinx.ro\/wordpress\/wp-content\/uploads\/2017\/06\/DSC_1224-01-1354x817.jpeg\" alt=\"\" class=\"wp-image-8815 alignnone size-full\" width=\"1354\" height=\"817\" srcset=\"https:\/\/catalinx.ro\/wordpress\/wp-content\/uploads\/2017\/06\/DSC_1224-01-1354x817.jpeg 1354w, https:\/\/catalinx.ro\/wordpress\/wp-content\/uploads\/2017\/06\/DSC_1224-01-1354x817-300x181.jpeg 300w, https:\/\/catalinx.ro\/wordpress\/wp-content\/uploads\/2017\/06\/DSC_1224-01-1354x817-768x463.jpeg 768w, https:\/\/catalinx.ro\/wordpress\/wp-content\/uploads\/2017\/06\/DSC_1224-01-1354x817-1024x618.jpeg 1024w\" sizes=\"auto, (max-width: 1354px) 100vw, 1354px\" \/><\/a><\/p>\n<p><a href=\"http:\/\/catalinx.ro\/wordpress\/wp-content\/uploads\/2017\/06\/DSC_1223-01-864x1536.jpeg\"><img loading=\"lazy\" decoding=\"async\" data-attachment-id=\"8816\" data-permalink=\"https:\/\/catalinx.ro\/wordpress\/?attachment_id=8816\" data-orig-file=\"https:\/\/catalinx.ro\/wordpress\/wp-content\/uploads\/2017\/06\/DSC_1223-01-864x1536.jpeg\" data-orig-size=\"864,1536\" data-comments-opened=\"1\" data-image-meta=\"{&quot;aperture&quot;:&quot;0&quot;,&quot;credit&quot;:&quot;&quot;,&quot;camera&quot;:&quot;&quot;,&quot;caption&quot;:&quot;&quot;,&quot;created_timestamp&quot;:&quot;0&quot;,&quot;copyright&quot;:&quot;&quot;,&quot;focal_length&quot;:&quot;0&quot;,&quot;iso&quot;:&quot;0&quot;,&quot;shutter_speed&quot;:&quot;0&quot;,&quot;title&quot;:&quot;&quot;,&quot;orientation&quot;:&quot;0&quot;}\" data-image-title=\"DSC_1223-01-864&amp;#215;1536\" data-image-description=\"\" data-image-caption=\"\" data-large-file=\"https:\/\/catalinx.ro\/wordpress\/wp-content\/uploads\/2017\/06\/DSC_1223-01-864x1536-576x1024.jpeg\" src=\"http:\/\/catalinx.ro\/wordpress\/wp-content\/uploads\/2017\/06\/DSC_1223-01-864x1536.jpeg\" alt=\"\" class=\"wp-image-8816 alignnone size-full\" width=\"864\" height=\"1536\" srcset=\"https:\/\/catalinx.ro\/wordpress\/wp-content\/uploads\/2017\/06\/DSC_1223-01-864x1536.jpeg 864w, https:\/\/catalinx.ro\/wordpress\/wp-content\/uploads\/2017\/06\/DSC_1223-01-864x1536-169x300.jpeg 169w, https:\/\/catalinx.ro\/wordpress\/wp-content\/uploads\/2017\/06\/DSC_1223-01-864x1536-768x1365.jpeg 768w, https:\/\/catalinx.ro\/wordpress\/wp-content\/uploads\/2017\/06\/DSC_1223-01-864x1536-576x1024.jpeg 576w\" sizes=\"auto, (max-width: 864px) 100vw, 864px\" \/><\/a><\/p>\n<p>Dac\u0103 v\u0103 place Dali le-a\u021bi mai v\u0103zut pe \u0103stea pe net. Dac\u0103 nu, nu. Nu sunt a\u0219a celebre ca aia cu ceasurile.&nbsp;<\/p>\n<p>Turul s-a \u00eencheiat cu salonul auto papal, expozi\u021bia &#8220;6 cai frumo\u0219i&#8221;, &nbsp;sau ceva.&nbsp;<\/p>\n<p><a href=\"http:\/\/catalinx.ro\/wordpress\/wp-content\/uploads\/2017\/06\/DSC_1235-01-960x540.jpeg\"><img loading=\"lazy\" decoding=\"async\" data-attachment-id=\"8817\" data-permalink=\"https:\/\/catalinx.ro\/wordpress\/?attachment_id=8817\" data-orig-file=\"https:\/\/catalinx.ro\/wordpress\/wp-content\/uploads\/2017\/06\/DSC_1235-01-960x540.jpeg\" data-orig-size=\"960,540\" data-comments-opened=\"1\" data-image-meta=\"{&quot;aperture&quot;:&quot;0&quot;,&quot;credit&quot;:&quot;&quot;,&quot;camera&quot;:&quot;&quot;,&quot;caption&quot;:&quot;&quot;,&quot;created_timestamp&quot;:&quot;0&quot;,&quot;copyright&quot;:&quot;&quot;,&quot;focal_length&quot;:&quot;0&quot;,&quot;iso&quot;:&quot;0&quot;,&quot;shutter_speed&quot;:&quot;0&quot;,&quot;title&quot;:&quot;&quot;,&quot;orientation&quot;:&quot;0&quot;}\" data-image-title=\"DSC_1235-01-960&amp;#215;540\" data-image-description=\"\" data-image-caption=\"\" data-large-file=\"https:\/\/catalinx.ro\/wordpress\/wp-content\/uploads\/2017\/06\/DSC_1235-01-960x540.jpeg\" src=\"http:\/\/catalinx.ro\/wordpress\/wp-content\/uploads\/2017\/06\/DSC_1235-01-960x540.jpeg\" alt=\"\" class=\"wp-image-8817 alignnone size-full\" width=\"960\" height=\"540\" srcset=\"https:\/\/catalinx.ro\/wordpress\/wp-content\/uploads\/2017\/06\/DSC_1235-01-960x540.jpeg 960w, https:\/\/catalinx.ro\/wordpress\/wp-content\/uploads\/2017\/06\/DSC_1235-01-960x540-300x169.jpeg 300w, https:\/\/catalinx.ro\/wordpress\/wp-content\/uploads\/2017\/06\/DSC_1235-01-960x540-768x432.jpeg 768w\" sizes=\"auto, (max-width: 960px) 100vw, 960px\" \/><\/a><\/p>\n<p><b>M\u00e2ncarea&nbsp;<\/b><\/p>\n<p>B\u0103i, m\u00e2ncarea \u00een Italia e bun\u0103. &nbsp;Pula mea, ce-i al lor e al lor, nu am cu ce s\u0103 \u00eei troleu aici, de asta am \u0219i venit, \u00een &nbsp;parte. M\u00e2ncare \u0219i vin.&nbsp;<\/p>\n<p>Au paste f\u0103cute \u00een cas\u0103, au \u00een Roma, \u00eenghe\u021bat\u0103 superb\u0103 &#8211; mie \u00eemi place aia cu rom. \u00cen general toate-s bune. &nbsp;At\u00e2ta c\u0103 eu aveam o pizd\u0103 \u00een cerul gurii mai mare ca una spart\u0103 de mam\u0103 eroin\u0103 cu 10 copii \u0219i m\u0103 durea orice m\u00e2ncam rece, cald, picant, dulce, sau crocant. \u00cen\u021belege\u021bi voi. Dar nu m-am l\u0103sat. Am m\u00e2ncat ca un masochist \u0219i-am suferit cu pl\u0103cere. &nbsp;<\/p>\n<p>Ar mai fi, dar vreau s\u0103 m\u0103 bucur \u0219i de vacan\u021b\u0103. &nbsp;Apropo, c\u00e2nd m\u0103 \u00eentreab\u0103 lumea de unde sunt le spun c\u0103 din Irlanda. La cum schilodesc \u0103\u0219tia limba englez\u0103 nu au cum s\u0103 \u00ee\u0219i dea seama c\u0103 accentul e de be\u021biv de Rom\u00e2nia, &nbsp;nu de Irlanda. Glumesc, nu am accent de be\u021biv rom\u00e2n. &nbsp;Doar de be\u021biv, &nbsp;a\u0219a ca Johnny Depp, dar mai s\u0103rac \u0219i mai ur\u00e2t, na.&nbsp;<\/p>\n","protected":false},"excerpt":{"rendered":"<p>Probabil c\u0103 am s\u0103 mai scriu c\u00e2teva articole despre Italia. A\u0219a c\u0103 \u00eencerc s\u0103 o iau pe buc\u0103\u021bi. E prima dat\u0103 c\u00e2nd ajung aici, &#8220;la&hellip;<\/p>\n","protected":false},"author":2,"featured_media":8821,"comment_status":"open","ping_status":"open","sticky":false,"template":"","format":"standard","meta":{"jetpack_post_was_ever_published":false,"_jetpack_newsletter_access":"","_jetpack_dont_email_post_to_subs":false,"_jetpack_newsletter_tier_id":0,"_jetpack_memberships_contains_paywalled_content":false,"_jetpack_memberships_contains_paid_content":false,"footnotes":"","jetpack_publicize_message":"","jetpack_publicize_feature_enabled":true,"jetpack_social_post_already_shared":true,"jetpack_social_options":{"image_generator_settings":{"template":"highway","default_image_id":0,"font":"","enabled":false},"version":2}},"categories":[1905,82,359],"tags":[1906,1907],"class_list":["post-8822","post","type-post","status-publish","format-standard","has-post-thumbnail","hentry","category-italia","category-prin-lume","category-de-vacanta","tag-roma","tag-vatican"],"views":3130,"jetpack_publicize_connections":[],"jetpack_featured_media_url":"https:\/\/catalinx.ro\/wordpress\/wp-content\/uploads\/2017\/06\/DSC_1253-01-960x540.jpeg","jetpack_sharing_enabled":true,"jetpack_shortlink":"https:\/\/wp.me\/p4Eq23-2ii","jetpack-related-posts":[],"_links":{"self":[{"href":"https:\/\/catalinx.ro\/wordpress\/index.php?rest_route=\/wp\/v2\/posts\/8822","targetHints":{"allow":["GET"]}}],"collection":[{"href":"https:\/\/catalinx.ro\/wordpress\/index.php?rest_route=\/wp\/v2\/posts"}],"about":[{"href":"https:\/\/catalinx.ro\/wordpress\/index.php?rest_route=\/wp\/v2\/types\/post"}],"author":[{"embeddable":true,"href":"https:\/\/catalinx.ro\/wordpress\/index.php?rest_route=\/wp\/v2\/users\/2"}],"replies":[{"embeddable":true,"href":"https:\/\/catalinx.ro\/wordpress\/index.php?rest_route=%2Fwp%2Fv2%2Fcomments&post=8822"}],"version-history":[{"count":3,"href":"https:\/\/catalinx.ro\/wordpress\/index.php?rest_route=\/wp\/v2\/posts\/8822\/revisions"}],"predecessor-version":[{"id":8825,"href":"https:\/\/catalinx.ro\/wordpress\/index.php?rest_route=\/wp\/v2\/posts\/8822\/revisions\/8825"}],"wp:featuredmedia":[{"embeddable":true,"href":"https:\/\/catalinx.ro\/wordpress\/index.php?rest_route=\/wp\/v2\/media\/8821"}],"wp:attachment":[{"href":"https:\/\/catalinx.ro\/wordpress\/index.php?rest_route=%2Fwp%2Fv2%2Fmedia&parent=8822"}],"wp:term":[{"taxonomy":"category","embeddable":true,"href":"https:\/\/catalinx.ro\/wordpress\/index.php?rest_route=%2Fwp%2Fv2%2Fcategories&post=8822"},{"taxonomy":"post_tag","embeddable":true,"href":"https:\/\/catalinx.ro\/wordpress\/index.php?rest_route=%2Fwp%2Fv2%2Ftags&post=8822"}],"curies":[{"name":"wp","href":"https:\/\/api.w.org\/{rel}","templated":true}]}}