

{"id":8978,"date":"2017-06-17T17:56:21","date_gmt":"2017-06-17T15:56:21","guid":{"rendered":"http:\/\/catalinx.ro\/wordpress\/?p=8978"},"modified":"2017-06-17T18:57:36","modified_gmt":"2017-06-17T16:57:36","slug":"o-vara-ploioasa","status":"publish","type":"post","link":"https:\/\/catalinx.ro\/wordpress\/?p=8978","title":{"rendered":"O var\u0103 ploioas\u0103."},"content":{"rendered":"<div id=\"fb-root\"><\/div>\n<p>Unde te duci, vere, la mare in Mai? Da-n Iunie. Poza \u201dfeatured\u201d e de acum doi ani, de c\u00e2nd\u00a0f\u0103ceam plaj\u0103 umed\u0103, ca s\u0103 zic a\u0219a.<\/p>\n<p>Dup\u0103 ce prognozele anun\u021bau o prim\u0103var\u0103 secetoas\u0103 cu lipsa ploilor \u00een aprilie \u00a0a plouat \u00een a doua jum\u0103tate destul, meteorologii, sau cine \u00a0mai prezint\u0103 prognozele \u00een ziua de azi s-au sucit \u0219i-au zis c\u0103 vara o s\u0103 fie secetoas\u0103. M\u0103&#8230;<\/p>\n<p>Anul \u0103sta \u00a0s-a nimerit s\u0103 fiu liber \u00een a doua jum\u0103tate a lunii mai, \u0219i probabil Iunie. Dar atunci nu \u0219tiam \u0219i c\u0103utam ceva de vacan\u021b\u0103 din scurt \u0219i pentru Mai. \u0218i, nu prea ai unde s\u0103 te duci la o chestie cu plaj\u0103 <strong>\u0219i<\/strong> apa decent de cald\u0103.<\/p>\n<p>Ca s\u0103 nu v\u0103 screme\u021bi voi s\u0103-mi spune\u021bi unde\u00a0<strong>nu plou\u0103\u00a0<\/strong> \u00een mai, v\u0103 spun eu:<\/p>\n<p><strong>Sudul Turciei<\/strong>, da-i apa rece de te cam pi\u0219i pe tine, daca nu vii cumva din Rusia, sau \u021b\u0103rile foarte nordice, sau poate de la pinguini. (19-23 grd C, anul \u0103sta cam 20-21)<\/p>\n<p><strong>Sudul Greciei<\/strong>, dar apa e la fel. ( 19-20 grd. C)<\/p>\n<p><strong>Tenerife<\/strong> (Sud) &#8211; po\u021bi s\u0103-\u021bi r\u0103ce\u0219ti berea \u00een Atlantic. (19-20 grd. C)<\/p>\n<p><strong>Egipt.<\/strong> Aici apa e numai bun\u0103. \u00a0Dar pe la sf\u00e2r\u0219itul lui Mai se face cam prea cald. Si, mna, e Egipt, poate la toamn\u0103. C\u00e2nd fu Tic\u0103&#8230; ( 23-26 grd C)<\/p>\n<p><strong>Dubai.<\/strong> Apa e \u00a0mai cald\u0103, de ceai, perfecta as zice, dar cald de mori \u0219i parc\u0103-parc\u0103 nu-i de mine acolo \u00a0( 27-31 grd. C)<\/p>\n<p><strong>Israel.<\/strong> Plou\u0103 un pic, dar prinzi destul f\u0103r\u0103 ploaie. Apa e a\u0219a \u0219i a\u0219a (20-23 grade).<\/p>\n<p>In rest plou\u0103. Da. In Zanzibar, Caraibe, Indonezia, Malaezia, Pulamezia, Sri Lanka, Vietnam, India, Mexic, precum \u0219i orice tara prin Europa, plou\u0103.<\/p>\n<p>Am zis c\u0103 plm , vacan\u021ba mea \u00a0ca vacan\u021ba mea, o dau mai \u00een plimb\u0103ri \u0219i alte \u0103lea \u0219i de balt\u0103 cu copiii, c\u00e2nd iau vacan\u021b\u0103. Au luat.<\/p>\n<p>\u00cen iunie se mai deschid ni\u0219te destina\u021bii, problema e c\u0103 nu prea am poft\u0103 de trambalat copiii chiar p\u00e2n\u0103 \u00een Tenerife, sau sudul Spaniei, nici g\u00e2nd s\u0103 m\u0103 \u00eentorc \u00een Italia, cu siguran\u021b\u0103 nu a\u0219a repede, \u0219i r\u0103m\u00e2n \u00a0tot chestiile clasice pe care le iubesc rom\u00e2nii. \u00a0O s\u0103 ajung \u0219i acolo, dar nu acum.<\/p>\n<p>Am zis c\u0103-mi bag picioarele, merg la o agen\u021bie, dau 2-3k EUR iau primul charter la un hotel de 5 stele la turci sau la greci ( planificasem pentru azi \u0219i a\u0219 fi preferat grecia pentru c\u0103 roaming :D) \u0219i aia e, vorba aia, \u00eemi fac datoria fa\u021b\u0103 de copii, \u0219i m\u0103 \u00eentorc \u00a0la treaba mea, c\u0103 trebuie s\u0103 mai facem \u0219i bani, zic.<\/p>\n<p>Planificasem eu, dar a\u0219a, \u00een mintea mea. C\u0103 am fost abia fost mar\u021bi- miercuri s\u0103 caut, c\u0103 mai aveam ni\u0219te incertitudini. Evident c\u0103-s toate chartele pline ( de locurile la avion e vorba) \u0219i nu-s cretin s\u0103 zbor \u00een \u021b\u0103rile \u0103stea cu escal\u0103. Las\u0103, taic\u0103.<\/p>\n<p>Zic, bine, atunci din nou Bulgaristan ca anul trecut, e aiurea c\u0103 la \u0103ia mai plou\u0103, dar m\u0103 uit pe prognoz\u0103 \u0219i-mi fac loc.<\/p>\n<p>M-am uitat, cic\u0103 era cam na\u0219pa pe weekend \u0219i-am zis c\u0103 aia e plec de mar\u021bi, dar preventiv am ales un hotel cu piscine acoperite \u0219i \u00eenc\u0103lzite adic\u0103 cu ap\u0103 termal\u0103 \u0219i bine am f\u0103cut, c\u0103 azi se modific\u0103 prognoza, fute-m-a\u0219 \u00een accuweather-ul vie\u021bii.<\/p>\n<p><a href=\"http:\/\/catalinx.ro\/wordpress\/?attachment_id=8979#main\" rel=\"attachment wp-att-8979\"><img loading=\"lazy\" decoding=\"async\" data-attachment-id=\"8979\" data-permalink=\"https:\/\/catalinx.ro\/wordpress\/?attachment_id=8979#main\" data-orig-file=\"https:\/\/catalinx.ro\/wordpress\/wp-content\/uploads\/2017\/06\/accuweatherulpulii.png\" data-orig-size=\"1176,882\" data-comments-opened=\"1\" data-image-meta=\"{&quot;aperture&quot;:&quot;0&quot;,&quot;credit&quot;:&quot;&quot;,&quot;camera&quot;:&quot;&quot;,&quot;caption&quot;:&quot;&quot;,&quot;created_timestamp&quot;:&quot;0&quot;,&quot;copyright&quot;:&quot;&quot;,&quot;focal_length&quot;:&quot;0&quot;,&quot;iso&quot;:&quot;0&quot;,&quot;shutter_speed&quot;:&quot;0&quot;,&quot;title&quot;:&quot;&quot;,&quot;orientation&quot;:&quot;0&quot;}\" data-image-title=\"accuweatherulpulii\" data-image-description=\"\" data-image-caption=\"\" data-large-file=\"https:\/\/catalinx.ro\/wordpress\/wp-content\/uploads\/2017\/06\/accuweatherulpulii-1024x768.png\" class=\"alignnone size-large wp-image-8979\" src=\"http:\/\/catalinx.ro\/wordpress\/wp-content\/uploads\/2017\/06\/accuweatherulpulii-1024x768.png\" alt=\"\" width=\"668\" height=\"501\" srcset=\"https:\/\/catalinx.ro\/wordpress\/wp-content\/uploads\/2017\/06\/accuweatherulpulii-1024x768.png 1024w, https:\/\/catalinx.ro\/wordpress\/wp-content\/uploads\/2017\/06\/accuweatherulpulii-300x225.png 300w, https:\/\/catalinx.ro\/wordpress\/wp-content\/uploads\/2017\/06\/accuweatherulpulii-768x576.png 768w, https:\/\/catalinx.ro\/wordpress\/wp-content\/uploads\/2017\/06\/accuweatherulpulii-334x250.png 334w, https:\/\/catalinx.ro\/wordpress\/wp-content\/uploads\/2017\/06\/accuweatherulpulii.png 1176w\" sizes=\"auto, (max-width: 668px) 100vw, 668px\" \/><\/a><\/p>\n<p>&nbsp;<\/p>\n<p>&nbsp;<\/p>\n<p>&nbsp;<\/p>\n<p>&nbsp;<\/p>\n","protected":false},"excerpt":{"rendered":"<p>Unde te duci, vere, la mare in Mai? Da-n Iunie. Poza \u201dfeatured\u201d e de acum doi ani, de c\u00e2nd\u00a0f\u0103ceam plaj\u0103 umed\u0103, ca s\u0103 zic a\u0219a.&hellip;<\/p>\n","protected":false},"author":2,"featured_media":2248,"comment_status":"open","ping_status":"open","sticky":false,"template":"","format":"standard","meta":{"jetpack_post_was_ever_published":false,"_jetpack_newsletter_access":"","_jetpack_dont_email_post_to_subs":false,"_jetpack_newsletter_tier_id":0,"_jetpack_memberships_contains_paywalled_content":false,"_jetpack_memberships_contains_paid_content":false,"footnotes":"","jetpack_publicize_message":"","jetpack_publicize_feature_enabled":true,"jetpack_social_post_already_shared":true,"jetpack_social_options":{"image_generator_settings":{"template":"highway","default_image_id":0,"font":"","enabled":false},"version":2}},"categories":[1244,359],"tags":[1940,1941],"class_list":["post-8978","post","type-post","status-publish","format-standard","has-post-thumbnail","hentry","category-bucuresti","category-de-vacanta","tag-de-vacanta","tag-plaja-in-mai"],"views":3106,"jetpack_publicize_connections":[],"jetpack_featured_media_url":"https:\/\/catalinx.ro\/wordpress\/wp-content\/uploads\/2015\/06\/DSC_0847.jpg","jetpack_sharing_enabled":true,"jetpack_shortlink":"https:\/\/wp.me\/p4Eq23-2kO","jetpack-related-posts":[],"_links":{"self":[{"href":"https:\/\/catalinx.ro\/wordpress\/index.php?rest_route=\/wp\/v2\/posts\/8978","targetHints":{"allow":["GET"]}}],"collection":[{"href":"https:\/\/catalinx.ro\/wordpress\/index.php?rest_route=\/wp\/v2\/posts"}],"about":[{"href":"https:\/\/catalinx.ro\/wordpress\/index.php?rest_route=\/wp\/v2\/types\/post"}],"author":[{"embeddable":true,"href":"https:\/\/catalinx.ro\/wordpress\/index.php?rest_route=\/wp\/v2\/users\/2"}],"replies":[{"embeddable":true,"href":"https:\/\/catalinx.ro\/wordpress\/index.php?rest_route=%2Fwp%2Fv2%2Fcomments&post=8978"}],"version-history":[{"count":5,"href":"https:\/\/catalinx.ro\/wordpress\/index.php?rest_route=\/wp\/v2\/posts\/8978\/revisions"}],"predecessor-version":[{"id":8988,"href":"https:\/\/catalinx.ro\/wordpress\/index.php?rest_route=\/wp\/v2\/posts\/8978\/revisions\/8988"}],"wp:featuredmedia":[{"embeddable":true,"href":"https:\/\/catalinx.ro\/wordpress\/index.php?rest_route=\/wp\/v2\/media\/2248"}],"wp:attachment":[{"href":"https:\/\/catalinx.ro\/wordpress\/index.php?rest_route=%2Fwp%2Fv2%2Fmedia&parent=8978"}],"wp:term":[{"taxonomy":"category","embeddable":true,"href":"https:\/\/catalinx.ro\/wordpress\/index.php?rest_route=%2Fwp%2Fv2%2Fcategories&post=8978"},{"taxonomy":"post_tag","embeddable":true,"href":"https:\/\/catalinx.ro\/wordpress\/index.php?rest_route=%2Fwp%2Fv2%2Ftags&post=8978"}],"curies":[{"name":"wp","href":"https:\/\/api.w.org\/{rel}","templated":true}]}}