

{"id":9348,"date":"2017-08-24T02:49:13","date_gmt":"2017-08-24T00:49:13","guid":{"rendered":"http:\/\/catalinx.ro\/wordpress\/?p=9348"},"modified":"2017-08-24T11:03:37","modified_gmt":"2017-08-24T09:03:37","slug":"copenhaga-prin-ochii-unui-nebun","status":"publish","type":"post","link":"https:\/\/catalinx.ro\/wordpress\/?p=9348","title":{"rendered":"Copenhaga prin ochii unui nebun"},"content":{"rendered":"<div id=\"fb-root\"><\/div>\n<p>Am ajuns prima dat\u0103 aci in 2015, pe la inceputul toamnei, dar aci p\u0103rea c\u0103-i cel devreme noiembrie.<\/p>\n<p>Am prins o vreme de c\u0103cat \u0219i-am v\u0103zut un ora\u0219 ur\u00e2t, pustiu \u0219i tern, unde nu m-a\u0219 mai fi \u00eentors vreodat\u0103. Sper ca anul \u0103sta s\u0103 nu fie a\u0219a, de fapt, cred ca percep\u021bia mea era puternic \u00a0abuzat\u0103 de privitul prin <a href=\"http:\/\/catalinx.ro\/wordpress\/?p=2994\">sticla de vin<\/a>. Iar impresia e aia pe care mi-a l\u0103sat-o mahmureala crunt\u0103 de a doua zi, nu ora\u0219ul.<\/p>\n<p>Am \u0219i stat \u00eentr-un hotel<a href=\"http:\/\/catalinx.ro\/wordpress\/?p=2983\"> \u00een pul\u0103 cu satelitul<\/a>, nu c\u0103 mi-a\u0219 fi adus acum aminte, dac\u0103 n-aveam asta salvat\u0103 aci, \u00een jurnalul \u0103sta. \u00a0Altfel se vede ora\u0219ul dintr-un hotel de pe falez\u0103, mai\u00a0<em><a href=\"https:\/\/en.wikipedia.org\/wiki\/Dungeon\">dungeon<\/a><\/em><em>os,\u00a0<\/em>a\u0219a, de vine lumea s\u0103 se holbeze \u0219i s\u0103 fac\u0103 poze; de-afar\u0103, c\u0103 e scump \u00een\u0103untru.<\/p>\n<p><a href=\"http:\/\/catalinx.ro\/wordpress\/wp-content\/uploads\/2017\/08\/Hotel-Admiral.jpeg\"><img loading=\"lazy\" decoding=\"async\" data-attachment-id=\"9349\" data-permalink=\"https:\/\/catalinx.ro\/wordpress\/?attachment_id=9349#main\" data-orig-file=\"https:\/\/catalinx.ro\/wordpress\/wp-content\/uploads\/2017\/08\/Hotel-Admiral.jpeg\" data-orig-size=\"1365,768\" data-comments-opened=\"1\" data-image-meta=\"{&quot;aperture&quot;:&quot;0&quot;,&quot;credit&quot;:&quot;&quot;,&quot;camera&quot;:&quot;&quot;,&quot;caption&quot;:&quot;&quot;,&quot;created_timestamp&quot;:&quot;0&quot;,&quot;copyright&quot;:&quot;&quot;,&quot;focal_length&quot;:&quot;0&quot;,&quot;iso&quot;:&quot;0&quot;,&quot;shutter_speed&quot;:&quot;0&quot;,&quot;title&quot;:&quot;&quot;,&quot;orientation&quot;:&quot;0&quot;}\" data-image-title=\"Hotel Admiral\" data-image-description=\"\" data-image-caption=\"\" data-large-file=\"https:\/\/catalinx.ro\/wordpress\/wp-content\/uploads\/2017\/08\/Hotel-Admiral-1024x576.jpeg\" class=\"alignnone wp-image-9349 size-full\" src=\"http:\/\/catalinx.ro\/wordpress\/wp-content\/uploads\/2017\/08\/Hotel-Admiral.jpeg\" alt=\"\" width=\"1365\" height=\"768\" srcset=\"https:\/\/catalinx.ro\/wordpress\/wp-content\/uploads\/2017\/08\/Hotel-Admiral.jpeg 1365w, https:\/\/catalinx.ro\/wordpress\/wp-content\/uploads\/2017\/08\/Hotel-Admiral-300x169.jpeg 300w, https:\/\/catalinx.ro\/wordpress\/wp-content\/uploads\/2017\/08\/Hotel-Admiral-768x432.jpeg 768w, https:\/\/catalinx.ro\/wordpress\/wp-content\/uploads\/2017\/08\/Hotel-Admiral-1024x576.jpeg 1024w\" sizes=\"auto, (max-width: 1365px) 100vw, 1365px\" \/><\/a><\/p>\n<p>Mai bine s\u0103 m\u0103 laud mai pu\u021bin \u0219i s\u0103 a\u0219ez lucrurile \u00een ordine, dup\u0103 cum le-am perceput.<\/p>\n<p>C\u00e2nd am ajuns eu, pe 1 August, era probabil cea mai cald\u0103 zi din an la \u0103\u0219tia, vreo 30 de grade a\u0219a.<\/p>\n<p>Apreciez eu asta, nu c\u0103 \u00a0era cald de te apuca diareea sau c\u0103 \u00eei vedeam le\u0219ina\u021bi pe strad\u0103, da&#8217; cred eu c\u0103 nu prea sunt ei obi\u0219nui\u021bi cu c\u0103ldura; mai mult dup\u0103 mirosul, pardon &#8211; duhoarea din metrou \u0219i din autobuz. N-am idee ce antiperspirante folosesc \u0103\u0219tia, dar cu siguran\u021b\u0103 nu-s d-\u0103lea care dureaz\u0103 48 de ore \u0219i-s pe baz\u0103 de pe\u0219te \u0219i ceap\u0103. \u00a0Sun\u0103 a glum\u0103, da-s serios \u0219i nu-i vorba c\u0103 ar fi fost de la \u021bigani, indieni, pakistanezi \u0219i alte na\u021bii de nesp\u0103la\u021bi \u00a0\u0219i curi\u0219ti ( \u00a0de la curry, nu de la poponari) , cum ar fi rom\u00e2ni. Nu eu, c\u0103 \u00a0&#8211; vorba lui Giovani Becali c\u0103tre Cartianu- \u201dio m-am b\u0103rbierit, m-am parfumat, sa miros frumos, c\u0103 vin la emisiune\u201d. \u0102\u0219tia nu par s\u0103 aibe treab\u0103 cu d-\u0103stea.<\/p>\n<p>Ca s\u0103 continui ideea, am v\u0103zut mai mul\u021bi, \u0219i b\u0103rba\u021bi \u0219i femei &#8211; f\u0103r\u0103 discriminare, care scuip\u0103 pe strad\u0103 , pe trotuar, de la balcon pe strad\u0103, nu-i chiar ca pe axa Ferentari-Giurgiului-Berceni, dar cumva cum n-am prea v\u0103zut prin restul \u021b\u0103rilor civilizate prin care am fost eu.<\/p>\n<p>\u0218i se \u00eembrac\u0103 \u0219i cam ciudat. Ok, n-am preten\u021bii s\u0103 fie to\u021bi victimele <em>fe\u0219onului<\/em>, s\u0103 rup\u0103 trendul \u00een dou\u0103, cu fast fashion \u0219i faddishness, ca-n Londra, de exemplu, dar \u0103\u0219tia prea umbl\u0103-n papuci cu\u00a0<em>de\u0219ti,\u00a0<\/em> \u0219i b\u0103rba\u021bi \u0219i femei. Femeile le spun sandale; da&#8217; din p\u0103r\u021bi, c\u0103 eu \u0219tiu c\u0103 sandalele \u0103stea trebuie s\u0103 fie \u0219i ele prinse cumva la spatele piciorului; \u0219lapi, b\u0103 &#8211; se laud\u0103 c\u00e2nd le zic sandale. Nu numai pe strad\u0103 \u00eei vezi a\u0219a, dar \u0219i la birou. Cumva surprinz\u0103tor, la birou am v\u0103zut doar femei \u00eenc\u0103l\u021bate \u00een \u201dsandale\u201d \u0219i-nf\u0103\u0219urate-n vreun sac de c\u00e2rp\u0103 ieftin\u0103 numit preten\u021bios \u201drochie\u201d, b\u0103rba\u021bii erau cam to\u021bi m\u0103car \u00een pantaloni, pantofi \u0219i c\u0103ma\u0219\u0103.<\/p>\n<p>Chiar am fost pu\u021bin amuzat c\u00e2nd tipa care mi-e \u0219ef direct, \u00eembr\u0103cat\u0103 cum zisei acolea, \u00eemi zice dup\u0103 ce-mi scot cravata &#8211; c\u0103 ma deranja pu\u021bin faptul c\u0103 am v\u0103rsat un pahar \u00eentreg de cafea pe ea :<\/p>\n<blockquote><p>-E, ok, c\u00e2nd nu sunt \u0219efii pe aici, po\u021bi s\u0103 por\u021bi c\u0103ma\u0219a \u0219i f\u0103r\u0103 cravat\u0103, dar ai grij\u0103 c\u0103 \u0103\u0219tia mai batr\u00e2ni se mai iau de tine, vor s\u0103 por\u021bi \u0219i sacoul.<\/p><\/blockquote>\n<p>M\u0103 uitam la modul \u201dfemeie, tu observi c-ai ie\u0219it \u00a0din Narnia \u0219i-ai luat hainele din \u0219ifonier t\u00e2r\u00e2\u0219?\u201d<\/p>\n<p>A\u0219a, despre vreme aberam. M-am s\u0103turat de c\u0103ldur\u0103 \u00een prima zi, asta p\u00e2n\u0103 pe dup\u0103 amiaz\u0103, c\u00e2nd i-a tras o bur\u0103 de ploaie ca s-o mai \u00eenmoaie. \u00a0Dup\u0103 care, \u00een restul zilelor, a \u021binut-o numa-n ploicici. D-\u0103lea de nu se mai termin\u0103. D-\u0103lea \u00a0de trebuie s\u0103 te ad\u0103poste\u0219ti cu umbrel\u0103 cu tot, c\u0103 te ud\u0103 p\u00e2n\u0103 la piele, altfel.<\/p>\n<div style=\"width: 758px;\" class=\"wp-video\"><video class=\"wp-video-shortcode\" id=\"video-9348-1\" width=\"758\" height=\"426\" preload=\"metadata\" controls=\"controls\"><source type=\"video\/mp4\" src=\"http:\/\/catalinx.ro\/wordpress\/wp-content\/uploads\/2017\/08\/ploicicacph-1.mp4?_=1\" \/><a href=\"http:\/\/catalinx.ro\/wordpress\/wp-content\/uploads\/2017\/08\/ploicicacph-1.mp4\">http:\/\/catalinx.ro\/wordpress\/wp-content\/uploads\/2017\/08\/ploicicacph-1.mp4<\/a><\/video><\/div>\n<p>Legat de umbrel\u0103 dou\u0103 lucruri sunt de zis. \u00a0Unu e c\u0103 n-aveam, da, sunt at\u00e2t de dus cu pluta, sau mai avea un pic \u0219i m\u0103 ducea pe valuri, \u00eenc\u00e2t am plecat \u00een Danemarca f\u0103r\u0103 umbrel\u0103.<\/p>\n<p>\u0218i altul e c\u0103 presupun c\u0103-s mul\u021bi ca mine, c\u0103 aveau \u0103ia de la recep\u021bia firmei unde lucrez o stiv\u0103 de umbrele preg\u0103tite. Era la modul, eu nici nu m\u0103 g\u00e2ndeam s\u0103 cer, ie\u0219eam ca vita \u00een ploaie, \u00a0dar m-a luat unul de la paz\u0103 de m\u00e2nec\u0103 gen \u201dun&#8217; te duci, coaie, a\u0219a, c\u0103 te ud\u0103 leoarc\u0103 p\u00e2n\u0103 acas\u0103!\u201d . Umbrelele erau noi, \u021bipl\u0103 cum s-ar zice. Am returnat-o a doua diminea\u021b\u0103, c\u0103 am zis, na, s\u0103 nu fiu \u021bigan, \u0219i r\u00e2deau \u0103ia de mine:<\/p>\n<blockquote><p>&#8211; Ce cool e\u0219ti, de obicei nu le mai aduce nimeni!<\/p><\/blockquote>\n<p>Iar eu, ca s\u0103 m\u0103 scuz, le zic:<\/p>\n<blockquote><p>-P\u0103i da, da&#8217; dac-o \u021bin eu nu-mi prea folose\u0219te, c\u0103 sigur o uit pe undeva \u0219i n-o s-o am la mine data viitoare c\u00e2nd plou\u0103.<\/p>\n<p>-Aaa, e ok, a\u0219a fac to\u021bi, avem mereu altele, s\u0103 le d\u0103m la plecare.<\/p><\/blockquote>\n<p>Le-am l\u0103sat umbrela \u0219i-am plecat, ne\u0219tiind cu siguran\u021b\u0103 dac\u0103-i o convorbire real\u0103 sau m\u0103 aflu \u00eentr-o scenet\u0103 cu camera ascuns\u0103.<\/p>\n<p>Dar \u0103\u0219tia nu-s foarte speria\u021bi c\u0103 plou\u0103. Nativii nici nu au umbrele, merg a\u0219a. Aia nici nu se \u00eentrerup din alergat dac\u0103 plou\u0103. Serios, sunt maniaci cu sportul, revin mai jos, dar a\u0219a sunt, alearg\u0103 \u00een grup, de zici c\u0103-s sportivi la vreun club , dar nu-s to\u021bi, doar alearg\u0103 grupuri-grupuri. \u0218i c\u00e2nd toarn\u0103 pe ei.<\/p>\n<p>Eu st\u0103team cu umbrela \u00eentr-un gang, c\u0103 nu era rost s\u0103 mai merg cu ea, c\u00e2nd i-am v\u0103zut pe unii alerg\u00e2nd. \u00a0\u00cen mintea mea zic c\u0103 \u201di-a prins ploaia, fug spre cas\u0103.\u201d Doar c\u0103 peste 5 minute ( eu eram tot \u00een gang, a\u0219tept\u00e2nd s\u0103 se mai potoleasc\u0103, m\u0103car s\u0103 pot s\u0103 ies cu umbrela) \u00eei v\u0103d c\u0103 mai bag\u0103 o tur\u0103 \u00een sens invers. Nu \u0219tiu dac\u0103 i-a speriat careva \u0219i-i alerga \u00een direc\u021bia opus\u0103, sau sunt doar idio\u021bi.<\/p>\n<div style=\"width: 758px;\" class=\"wp-video\"><video class=\"wp-video-shortcode\" id=\"video-9348-2\" width=\"758\" height=\"426\" preload=\"metadata\" controls=\"controls\"><source type=\"video\/mp4\" src=\"http:\/\/catalinx.ro\/wordpress\/wp-content\/uploads\/2017\/08\/toarna-CPH.mp4?_=2\" \/><a href=\"http:\/\/catalinx.ro\/wordpress\/wp-content\/uploads\/2017\/08\/toarna-CPH.mp4\">http:\/\/catalinx.ro\/wordpress\/wp-content\/uploads\/2017\/08\/toarna-CPH.mp4<\/a><\/video><\/div>\n<p>Ocazie cu care am in\u021beles \u0219i de ce merg to\u021bi \u00een \u0219lapi cu de\u0219ti. C\u0103 am v\u0103zut un nefericit ca mine, la costum, probabil tot \u00a0<a href=\"https:\/\/en.wikipedia.org\/wiki\/Gaijin\">gaijin<\/a>*, \u00a0\u0219i care avea ni\u0219te pantofi superbi, din piele de pula mea &#8211; ceva, d-\u0103ia impleti\u021bi, care erau plini ochi cu ap\u0103. Serios, erau un pic mai largi acolo unde intr\u0103 piciorul \u0219i d\u0103dea apa peste, puteai s\u0103 aruni o undi\u021b\u0103 \u00een ei. \u0218i izvora a\u0219a ap\u0103 \u0219i din \u00eempletituri; o minune, v\u0103 zic.<\/p>\n<p>Plou\u0103 a\u0219a, \u00eentr-un fel unic. Nu ca-n Londra ( Anglia) , unde \u00een general, po\u021bi s\u0103 mergi 2 ore prin ploaie doar cu o geac\u0103 d-aia de poart\u0103 englejii. Nici cum sunt ploile de vara \u00een Rom\u00e2nia, cu pic\u0103turi c\u00e2t cepele, de-\u021bi las\u0103 v\u00e2n\u0103tai \u0219i dac\u0103 mergi cu gura c\u0103scat\u0103 ri\u0219ti s\u0103 mori \u00eenecat. E undeva \u00eentre. Adic\u0103, cu pic\u0103turi mici, dar dese, de te face leoarc\u0103 in 2 minute, \u0219i \u00a0moc\u0103ne\u0219te, adic\u0103 \u021bine cu orele .<\/p>\n<p>\u00cen fine a \u021binut a\u0219a doar \u00een prima s\u0103pt\u0103m\u00e2n\u0103, c\u0103 pe urm\u0103 eu am lucrat una de acas\u0103 \u0219i nu \u0219tiu ce s-a \u00eent\u00e2mplat, dar \u00een urm\u0103toarea era mai bine; ploua doar de dou\u0103 ori pe zi \u0219i a\u0219a doar de prob\u0103. Deci, e ok, mai mult de trei s\u0103pt\u0103m\u00e2ni nu \u021bin ploile &#8211; vara. \u00a0Asta a fost ok, a stropit putin doar luni seara. \u0218i mar\u021bi diminea\u021ba.<\/p>\n<p>Din cele de mai sus v\u0103 g\u00e2ndi\u021bi , poate, c\u0103 m-a cuprins un u\u0219or iz de depresie, dar nu prea, c\u0103-n Rom\u00e2nia erau \u00a0\u00eentre 42 \u0219i 35 de grade, \u00een func\u021bie de zi \u0219i de loc. D-abia a\u0219teptam s\u0103 m\u0103 \u00eentorc.<\/p>\n<p>Despre trafic. Ini\u021bial am zis c\u0103 e ok, c\u0103 na ora\u0219 de bicicli\u0219ti se disipeaz\u0103 aglomera\u021bia. Chiar sunt, am v\u0103zut tot soiul de chestii cu pedale. Iar \u0103\u0219tia abuzeaz\u0103 de pedale \u0219i nu exagerez.<\/p>\n<p>Cei doi tineri din poz\u0103 fac chiar ceea ce pare, nu altceva.<\/p>\n<figure id=\"attachment_9352\" aria-describedby=\"caption-attachment-9352\" style=\"width: 768px\" class=\"wp-caption alignnone\"><a href=\"http:\/\/catalinx.ro\/wordpress\/wp-content\/uploads\/2017\/08\/DSC_1816-01.jpeg\"><img loading=\"lazy\" decoding=\"async\" data-attachment-id=\"9352\" data-permalink=\"https:\/\/catalinx.ro\/wordpress\/?attachment_id=9352#main\" data-orig-file=\"https:\/\/catalinx.ro\/wordpress\/wp-content\/uploads\/2017\/08\/DSC_1816-01.jpeg\" data-orig-size=\"768,1365\" data-comments-opened=\"1\" data-image-meta=\"{&quot;aperture&quot;:&quot;0&quot;,&quot;credit&quot;:&quot;&quot;,&quot;camera&quot;:&quot;&quot;,&quot;caption&quot;:&quot;&quot;,&quot;created_timestamp&quot;:&quot;0&quot;,&quot;copyright&quot;:&quot;&quot;,&quot;focal_length&quot;:&quot;0&quot;,&quot;iso&quot;:&quot;0&quot;,&quot;shutter_speed&quot;:&quot;0&quot;,&quot;title&quot;:&quot;&quot;,&quot;orientation&quot;:&quot;0&quot;}\" data-image-title=\"DSC_1816-01\" data-image-description=\"\" data-image-caption=\"\" data-large-file=\"https:\/\/catalinx.ro\/wordpress\/wp-content\/uploads\/2017\/08\/DSC_1816-01-576x1024.jpeg\" class=\"wp-image-9352 size-full\" src=\"http:\/\/catalinx.ro\/wordpress\/wp-content\/uploads\/2017\/08\/DSC_1816-01.jpeg\" alt=\"masa pe bicicleta\" width=\"768\" height=\"1365\" srcset=\"https:\/\/catalinx.ro\/wordpress\/wp-content\/uploads\/2017\/08\/DSC_1816-01.jpeg 768w, https:\/\/catalinx.ro\/wordpress\/wp-content\/uploads\/2017\/08\/DSC_1816-01-169x300.jpeg 169w, https:\/\/catalinx.ro\/wordpress\/wp-content\/uploads\/2017\/08\/DSC_1816-01-576x1024.jpeg 576w\" sizes=\"auto, (max-width: 768px) 100vw, 768px\" \/><\/a><figcaption id=\"caption-attachment-9352\" class=\"wp-caption-text\">bicicleta<\/figcaption><\/figure>\n<p>N-ar fi de mirare s\u0103 vezi pe undeva vreun camion cu pedale. \u00a0Remorc\u0103 de plimbat copiii am v\u0103zut \u0219i d-aia ata\u0219at\u0103 \u00een spate \u0219i \u00een fa\u021b\u0103, \u00a0Tandem de 2 am v\u0103zut. Biciclet\u0103 de copil legat\u0103 cumva de bicicleta p\u0103rintelui cu o \u021beav\u0103 semimobil\u0103 am v\u0103zut. Carucior prins \u00eentre dou\u0103 biciclete, heavy duty &#8211; lol, am v\u0103zut.<\/p>\n<figure id=\"attachment_9354\" aria-describedby=\"caption-attachment-9354\" style=\"width: 576px\" class=\"wp-caption alignnone\"><a href=\"http:\/\/catalinx.ro\/wordpress\/wp-content\/uploads\/2017\/08\/DSC_1881-01.jpeg\"><img loading=\"lazy\" decoding=\"async\" data-attachment-id=\"9354\" data-permalink=\"https:\/\/catalinx.ro\/wordpress\/?attachment_id=9354#main\" data-orig-file=\"https:\/\/catalinx.ro\/wordpress\/wp-content\/uploads\/2017\/08\/DSC_1881-01.jpeg\" data-orig-size=\"768,1365\" data-comments-opened=\"1\" data-image-meta=\"{&quot;aperture&quot;:&quot;0&quot;,&quot;credit&quot;:&quot;&quot;,&quot;camera&quot;:&quot;&quot;,&quot;caption&quot;:&quot;&quot;,&quot;created_timestamp&quot;:&quot;0&quot;,&quot;copyright&quot;:&quot;&quot;,&quot;focal_length&quot;:&quot;0&quot;,&quot;iso&quot;:&quot;0&quot;,&quot;shutter_speed&quot;:&quot;0&quot;,&quot;title&quot;:&quot;&quot;,&quot;orientation&quot;:&quot;0&quot;}\" data-image-title=\"biciclet\u0103\" data-image-description=\"\" data-image-caption=\"&lt;p&gt;Long Vehicle&lt;\/p&gt;\n\" data-large-file=\"https:\/\/catalinx.ro\/wordpress\/wp-content\/uploads\/2017\/08\/DSC_1881-01-576x1024.jpeg\" class=\"size-large wp-image-9354\" src=\"http:\/\/catalinx.ro\/wordpress\/wp-content\/uploads\/2017\/08\/DSC_1881-01-576x1024.jpeg\" alt=\"\" width=\"576\" height=\"1024\" srcset=\"https:\/\/catalinx.ro\/wordpress\/wp-content\/uploads\/2017\/08\/DSC_1881-01-576x1024.jpeg 576w, https:\/\/catalinx.ro\/wordpress\/wp-content\/uploads\/2017\/08\/DSC_1881-01-169x300.jpeg 169w, https:\/\/catalinx.ro\/wordpress\/wp-content\/uploads\/2017\/08\/DSC_1881-01.jpeg 768w\" sizes=\"auto, (max-width: 576px) 100vw, 576px\" \/><\/a><figcaption id=\"caption-attachment-9354\" class=\"wp-caption-text\">Long Vehicle<\/figcaption><\/figure>\n<p>Iar de mers, merg s\u0103 zicem c\u0103 mai ordonat dec\u00e2t omologii lor hipsteri de Bucure\u0219ti, dar asta doar c\u0103 au band\u0103 de biciclete aproape peste tot, \u00een foarte multe locuri cu diferen\u021b\u0103 de nivel fa\u021b\u0103 de carosabil \u0219i de trotuar. Dar \u00een afar\u0103 de asta sunt la fel de handicapa\u021bi, nu se uit\u0103 ce culori sunt la semafor, nu se uit\u0103 pe unde merg. Ini\u021bial am voit s\u0103 zic c\u0103-s me\u0219teri \u00een ale biciclitului, c\u0103 pe trecerea de pietoni venea unul cu vitez\u0103, cam repede s\u0103 m\u0103 pot \u00eentoarce \u0219i m-a ocolit a\u0219a, milimetric cu col\u021b.<\/p>\n<p>\u0218i \u00een timp ce \u00eei c\u00e2ntam eu ode \u00een mintea mea am ajuns la un alt semafor care s-a f\u0103cut verde pentru mine, m-am uitat s\u0103 v\u0103d dac\u0103 e vreun viteaz, l-am v\u0103zut pe unul care fr\u00e2na s\u0103 opreasc\u0103, am p\u0103\u0219it \u0219i dracu \u0219tie de unde, din spatele lui, \u0219i cum a trecut pe l\u00e2ng\u0103 el, a venit un handicapat cu vitez\u0103, de m-a c\u0103lcat pe picior cu ambele ro\u021bi \u0219i, dac\u0103 nu m\u0103 l\u0103sam pe spate ca Neo, \u00eemi str\u00e2mba \u0219i aparatul dentar cu cotul. Dup\u0103 care am \u00eenceput, \u00een pula mea, s\u0103 m\u0103 uit cu to\u021bi cei 100 de ochi, \u00een toate direc\u021biile, fie verde, fie ro\u0219u. Dar un lucru tot am observat. Sunt ei m\u0103gari cu pietonii, cea mai defavorizat\u0103 specie din ora\u0219ul \u0103sta, dar cu ma\u0219inile nu se poart\u0103 kamicake, nu se bag\u0103 printre ele \u201da la Bucharest\u201d, practic, nu joac\u0103 prinselea cu moartea, sau nu cu a lor.<\/p>\n<p>\u0218i dou\u0103 chestii.<\/p>\n<p>1 e c\u0103 \u0103\u0219tia bicicleaz\u0103 pe distan\u021be scurte. Am \u00eentrebat ni\u0219te domni \u0219i doamne care locuiesc \u00eentr-un sat apropiat, ca la 10-12 km a\u0219a, de ce nu vin cu bicicletele la serviciu, c\u0103 am auzit eu Bucure\u0219teni care fac asta \u0219i se m\u00e2ndresc, ba-mi \u0219i explic\u0103 c\u0103 po\u021bi ajunge in 45-50 de minute pe distan\u021ba asta. \u00a0\u0218i, bine\u00een\u021beles c\u0103 le-am regurgitat imbecilitatea asta. Iar \u0103ia se uitau a\u0219a chior\u00e2\u0219 \u0219i-au zis \u201db\u0103i, la 10 km e de tren, nu de biciclet\u0103, dac\u0103 nu cumva faci asta ca sport. Eu vin la munc\u0103, nu s\u0103 dorm la munc\u0103\u201d<\/p>\n<p>2. Biciclismul e o activitate de s\u0103raci, m-am uitat eu \u00een mai multe circumstan\u021be. Una la m\u00e2n\u0103 e c\u0103 transportul \u00een comun\u0103 e cam scump. De la aeroport la birou, cu metroul, vreo 7-8 km, pl\u0103tesc \u00a02.5 &#8211; 3 EUR, \u201done way\u201d. Pentru 3 sta\u021bii cu autobuzul, \u00a0cam 12 minute de mers pe jos, pl\u0103tesc circa 1.5 EUR.<\/p>\n<p>A doua la m\u00e2n\u0103 e c\u0103 m-am uitat pe la restaurante. Cu toat\u0103 hipstereala, pe cele mai bune domni\u021be ( nu la suflet, c\u0103 nu le cunosc) le aduceau, sau le ridicau, dup\u0103 caz, \u00a0ma\u0219ini care mai de care mai de soi. \u0218i eu care imi imaginam, ca un porc, ca vine hipsterul \u0219i-i zice: \u201dhai, duduie, sui&#8217; pe cadru c\u0103 e cald.\u201d<\/p>\n<p>\u0218i de aglomerat e aglomerat, c\u0103 nu au ei bulevarde a\u0219a largi. De exemplu , o strad\u0103 central\u0103 \u0219i circulat\u0103 are 1 band\u0103 pe sens, cu cate o band\u0103 de bicilete pe fiecare sens, iar \u0103stea-s aproape la fel de largi ca \u0103lea de ma\u0219ini. Dar nu, nu am v\u0103zut vreo ma\u0219in\u0103 parcat\u0103 pe pista de hipsteri. Ce vreau s\u0103 zic e c\u0103 \u00eentr-o zi alergam dup\u0103 autobuz s\u0103 merg la aeroport, dar nu l-am prins. Nu-i bai, c\u0103-ntr-un kilometru l-am \u0219i dep\u0103\u0219it, pe jos.<\/p>\n<p>Iar metroul la rush hour e cam plin, aproape ca-n Bucure\u0219ti, \u00a0nu chiar a\u0219a, dar problema e alta. La \u0103ia u\u0219ile nu a\u0219teapt\u0103 p\u00e2n\u0103 termin\u0103 to\u021bi pasagerii de cobor\u00e2t \u0219i de urcat. Sunt cu timp. \u0102la expir\u0103, \u00eencepe un piuit, iar apoi se inchid u\u0219ile. Sunt dou\u0103 r\u00e2nduri, unele la peron, unele la tren. \u00a0Se \u00eenchid am\u00e2ndou\u0103 \u0219i te lovesc p\u00e2n\u0103 te decizi tu dac\u0103 vrei afar\u0103 sau \u00een\u0103untru. M-am urcat \u00een metrou \u0219i am cobor\u00e2t pu\u021bin la prima, s\u0103 le fac loc unora s\u0103 ias\u0103. Am r\u0103mas pe acolo. Am urcat iar\u0103\u0219i, iar\u0103\u0219i a trebuit s\u0103 cobor o sta\u021bie mai incolo s\u0103 las pe unii s\u0103 coboare. C\u00e2nd a \u00eenceput s\u0103 piune m-am suit printre ei \u00eenapoi, chiar dac\u0103 se uitau la mine cam ur\u00e2t. \u00a0\u0218i mi-am \u0219i luat vreo de vreo 3 ori u\u0219i \u00een cap de m-a l\u0103sat un pic groggy, dar nu la fel ca pe o tanti care c\u0103ra un copil \u0219i-au futut-o p-aia u\u0219ile p\u00e2n\u0103 au dat-o afar\u0103 din tren; ceea ce \u0219i \u00eencerca s\u0103 fac\u0103, dealtfel. Cred c\u0103 e \u0219i-un picior acolo, legat de u\u0219ile \u0103lea, care-\u021bi fute \u0219uturi \u00een cur c\u00e2nd nu te decizi mai repede.<\/p>\n<p>Ma\u0219inile. B\u0103, pentru un ora\u0219 d-\u0103sta eco, sunt cam multe ma\u0219ini. Suspect de multe Porsche-uri 911 am v\u0103zut, mai mute Ferrari-uri dec\u00e2t \u00een Milano, iar Tesle zici c\u0103 se fabric\u0103 acolo. Sunt l\u0103sate gr\u0103mad\u0103 la \u00eenc\u0103rcat. Dar nu sunt toate a\u0219a. \u0102\u0219tia au o pasiune pentru vechituri, serios, ni\u0219te rable odioase, unele arat\u0103 \u00eentr-un fel, altele sunt doar odioase.<\/p>\n<p><a href=\"http:\/\/catalinx.ro\/wordpress\/wp-content\/uploads\/2017\/08\/DSC_1884-01.jpeg\"><img loading=\"lazy\" decoding=\"async\" data-attachment-id=\"9353\" data-permalink=\"https:\/\/catalinx.ro\/wordpress\/?attachment_id=9353#main\" data-orig-file=\"https:\/\/catalinx.ro\/wordpress\/wp-content\/uploads\/2017\/08\/DSC_1884-01.jpeg\" data-orig-size=\"768,1365\" data-comments-opened=\"1\" data-image-meta=\"{&quot;aperture&quot;:&quot;0&quot;,&quot;credit&quot;:&quot;&quot;,&quot;camera&quot;:&quot;&quot;,&quot;caption&quot;:&quot;&quot;,&quot;created_timestamp&quot;:&quot;0&quot;,&quot;copyright&quot;:&quot;&quot;,&quot;focal_length&quot;:&quot;0&quot;,&quot;iso&quot;:&quot;0&quot;,&quot;shutter_speed&quot;:&quot;0&quot;,&quot;title&quot;:&quot;&quot;,&quot;orientation&quot;:&quot;0&quot;}\" data-image-title=\"DSC_1884-01\" data-image-description=\"\" data-image-caption=\"\" data-large-file=\"https:\/\/catalinx.ro\/wordpress\/wp-content\/uploads\/2017\/08\/DSC_1884-01-576x1024.jpeg\" class=\"alignnone size-large wp-image-9353\" src=\"http:\/\/catalinx.ro\/wordpress\/wp-content\/uploads\/2017\/08\/DSC_1884-01-576x1024.jpeg\" alt=\"\" width=\"576\" height=\"1024\" srcset=\"https:\/\/catalinx.ro\/wordpress\/wp-content\/uploads\/2017\/08\/DSC_1884-01-576x1024.jpeg 576w, https:\/\/catalinx.ro\/wordpress\/wp-content\/uploads\/2017\/08\/DSC_1884-01-169x300.jpeg 169w, https:\/\/catalinx.ro\/wordpress\/wp-content\/uploads\/2017\/08\/DSC_1884-01.jpeg 768w\" sizes=\"auto, (max-width: 576px) 100vw, 576px\" \/><\/a><\/p>\n<p>Ora\u0219ul, \u00een sine, e frumos n-am ce s\u0103 zic. Chiar dac\u0103 mai au ei str\u0103zi \u0219i cl\u0103diri \u00een lucru. Cam multe, a\u0219 zice. Merge, se iart\u0103.<\/p>\n<p><a href=\"http:\/\/catalinx.ro\/wordpress\/wp-content\/uploads\/2017\/08\/DSC_1865-01.jpeg\"><img loading=\"lazy\" decoding=\"async\" data-attachment-id=\"9355\" data-permalink=\"https:\/\/catalinx.ro\/wordpress\/?attachment_id=9355#main\" data-orig-file=\"https:\/\/catalinx.ro\/wordpress\/wp-content\/uploads\/2017\/08\/DSC_1865-01.jpeg\" data-orig-size=\"1365,768\" data-comments-opened=\"1\" data-image-meta=\"{&quot;aperture&quot;:&quot;0&quot;,&quot;credit&quot;:&quot;&quot;,&quot;camera&quot;:&quot;&quot;,&quot;caption&quot;:&quot;&quot;,&quot;created_timestamp&quot;:&quot;0&quot;,&quot;copyright&quot;:&quot;&quot;,&quot;focal_length&quot;:&quot;0&quot;,&quot;iso&quot;:&quot;0&quot;,&quot;shutter_speed&quot;:&quot;0&quot;,&quot;title&quot;:&quot;&quot;,&quot;orientation&quot;:&quot;0&quot;}\" data-image-title=\"DSC_1865-01\" data-image-description=\"\" data-image-caption=\"\" data-large-file=\"https:\/\/catalinx.ro\/wordpress\/wp-content\/uploads\/2017\/08\/DSC_1865-01-1024x576.jpeg\" class=\"alignnone size-large wp-image-9355\" src=\"http:\/\/catalinx.ro\/wordpress\/wp-content\/uploads\/2017\/08\/DSC_1865-01-1024x576.jpeg\" alt=\"\" width=\"668\" height=\"376\" srcset=\"https:\/\/catalinx.ro\/wordpress\/wp-content\/uploads\/2017\/08\/DSC_1865-01-1024x576.jpeg 1024w, https:\/\/catalinx.ro\/wordpress\/wp-content\/uploads\/2017\/08\/DSC_1865-01-300x169.jpeg 300w, https:\/\/catalinx.ro\/wordpress\/wp-content\/uploads\/2017\/08\/DSC_1865-01-768x432.jpeg 768w, https:\/\/catalinx.ro\/wordpress\/wp-content\/uploads\/2017\/08\/DSC_1865-01.jpeg 1365w\" sizes=\"auto, (max-width: 668px) 100vw, 668px\" \/><\/a><\/p>\n<p>Asta-i, de exemplu, priveli\u0219tea de la terasa hotelului. \u0218i meerg a\u0219a pe falez\u0103, circa jum\u0103tate de kilometru p\u00e2n\u0103 la birou, care-i tot pe falez\u0103. Nu-i r\u0103u.<\/p>\n<p><a href=\"http:\/\/catalinx.ro\/wordpress\/wp-content\/uploads\/2017\/08\/DSC_1875-01.jpeg\"><img loading=\"lazy\" decoding=\"async\" data-attachment-id=\"9356\" data-permalink=\"https:\/\/catalinx.ro\/wordpress\/?attachment_id=9356#main\" data-orig-file=\"https:\/\/catalinx.ro\/wordpress\/wp-content\/uploads\/2017\/08\/DSC_1875-01.jpeg\" data-orig-size=\"768,1365\" data-comments-opened=\"1\" data-image-meta=\"{&quot;aperture&quot;:&quot;0&quot;,&quot;credit&quot;:&quot;&quot;,&quot;camera&quot;:&quot;&quot;,&quot;caption&quot;:&quot;&quot;,&quot;created_timestamp&quot;:&quot;0&quot;,&quot;copyright&quot;:&quot;&quot;,&quot;focal_length&quot;:&quot;0&quot;,&quot;iso&quot;:&quot;0&quot;,&quot;shutter_speed&quot;:&quot;0&quot;,&quot;title&quot;:&quot;&quot;,&quot;orientation&quot;:&quot;0&quot;}\" data-image-title=\"Velier Copenhaga\" data-image-description=\"\" data-image-caption=\"\" data-large-file=\"https:\/\/catalinx.ro\/wordpress\/wp-content\/uploads\/2017\/08\/DSC_1875-01-576x1024.jpeg\" class=\"alignnone size-large wp-image-9356\" src=\"http:\/\/catalinx.ro\/wordpress\/wp-content\/uploads\/2017\/08\/DSC_1875-01-576x1024.jpeg\" alt=\"\" width=\"576\" height=\"1024\" srcset=\"https:\/\/catalinx.ro\/wordpress\/wp-content\/uploads\/2017\/08\/DSC_1875-01-576x1024.jpeg 576w, https:\/\/catalinx.ro\/wordpress\/wp-content\/uploads\/2017\/08\/DSC_1875-01-169x300.jpeg 169w, https:\/\/catalinx.ro\/wordpress\/wp-content\/uploads\/2017\/08\/DSC_1875-01.jpeg 768w\" sizes=\"auto, (max-width: 576px) 100vw, 576px\" \/><\/a><\/p>\n<p>&nbsp;<\/p>\n<p>Au niste str\u0103du\u021be \u0219i ganguri de te r\u0103t\u0103ce\u0219ti cu GPS-ul \u00een m\u00e2n\u0103. Bine, eu m\u0103 r\u0103t\u0103cesc \u0219i-ntr-un sat, nu m\u0103 lua\u021bi ca model, dar zic a\u0219a, frumu\u0219el.<\/p>\n<p><iframe loading=\"lazy\" src=\"https:\/\/www.youtube.com\/embed\/Dd2jOFSVZ4k\" width=\"560\" height=\"315\" frameborder=\"0\" allowfullscreen=\"allowfullscreen\"><\/iframe><br \/>\nRealitatea e ca m-a\u0219 vedea locuind p-aci o vreme, dar hai s\u0103 v\u0103d cum se prezint\u0103 la iarn\u0103, pardon , la noapte.<\/p>\n<p>\u0218i e cam scump. Scump de s\u0103-\u021bi tai venele \u0219i alta nu. Am dat, la supermarket, echivalentul a 3 euro pe o ap\u0103. A\u0219tia-s cu coroane ( cca 7.5\/ EUR), dar nu v\u0103 mai \u00eempuiez capul cu alea , e mai simplu s\u0103 fac eu conversiile.<\/p>\n<p>Am m\u00e2ncat la un restaurant fran\u021buzesc, deun\u0103zi, \u00a0un iepure bun cu vreo 35 de EUR cu tot cu un pahar de \u201dvin du tractorist\u201d &#8211; nu r\u00e2de\u021bi, era un vin de ferm\u0103, d-\u0103la de se serve\u0219te ca \u201dvinul casei\u201d, dar la cca 9 EUR paharul, turnale-a\u0219 smoal\u0103-n cur, \u00a0dar a fost mai bun dec\u00e2t mai multe Bordeaux-uri cu ceva preten\u021bii.<\/p>\n<p>Asear\u0103 \u00a0am pl\u0103tit circa 19 EUR pe un hotdog, oarecum banal, \u0219i-un p\u0103h\u0103rel de bere &#8211; c\u0103 voiam s\u0103 v\u0103d be\u021bivii \u0103\u0219tia ce bere au, cam de c\u0103cat, ca toate berile, de altfel. Dar scump\u0103 b\u0103utura, nu c\u0103 le-ar p\u0103sa. Pe l\u00e2ng\u0103 unele cl\u0103diri mai miroase a pi\u0219at, cam b\u0103nuiesc de ce. Pentru c\u0103 au suspect de mult\u0103 b\u0103utur\u0103 \u00een magazine, iar faptul c\u0103-i scump\u0103 de mori nu pare s\u0103-i sperie. \u0218i cam le place vinul, v\u0103d, iar suspect, pentru o na\u021bie de vikingi. Eu am v\u0103zut \u00een Asterisk \u0219i Obelisk c\u0103 \u0103\u0219tia beau bere.<\/p>\n<p>Femeile &#8211; tre&#8217; s\u0103 zic ceva \u0219i despre asta, c\u0103 tot am auzit de nordice blonde bune \u0219i pula mea.<\/p>\n<p>B\u0103, ce s\u0103 zic, una e c\u0103 n-ar fi a\u0219a multe blonde. Poate mai la nord, dracu&#8217; \u0219tie. \u00a0A doua c\u0103-s na\u0219pa. \u00cen sensul c\u0103 nevasta poa&#8217; s\u0103 stea lini\u0219tit\u0103, nu se d\u0103 niciuna la mine ca aproape toate m\u0103 pot al\u0103pta din picioare. Asta e din ciclul strugurilor acri, lol. Serios, bine c\u0103 am apucat de m-am \u00eensurat c-aici nu-i de mine, muream virgin.<\/p>\n<p>Bine, \u0219i-s tatuate, presupun ca la ei e cool. Plm , vikingi.<\/p>\n<p>\u0218i \u00eenc\u0103 una cu oameni. Am amintit c\u0103 sunt sportivi, alerg\u0103tori, bicicletori, de toate. B\u0103i nene, pe de-o parte aici am g\u0103sit cea mai mic\u0103 rat\u0103 de obezi, zic a\u0219a la ochi, nu am date statistice, dar e vizibil. \u00a0Jos p\u0103laria, cei mai mul\u021bi sunt atletici, n-au gram de gr\u0103sime pe ei \u0219i cam slim a\u0219a. Numa&#8217; fibr\u0103 , cum e vorba.<\/p>\n<p>Dar am v\u0103zut cei mai mul\u021bi anorexici de pe oriunde m-am plimbat eu p\u00e2n\u0103 acum toat\u0103 via\u021ba mea. N-am fost \u00een Somalia, a\u0219a c\u0103 poate-s prea aspru, da-s mul\u021bi, repet &#8211; mul\u021bi, care dup\u0103 p\u0103rerea mea sunt prea piele \u0219i os, prea ciol\u0103no\u0219i, prea n-au cum s\u0103 fie s\u0103n\u0103to\u0219i at\u00e2t de slabi. Iar eu sunt un om mai degrab\u0103 s\u0103 apreciez oamenii mai skino\u0219i a\u0219a.<\/p>\n<p>Uite ce zic, ca asta, dar am v\u0103zut \u0219i mai slabi, destui. Deja nu mai cred ca e treab\u0103 de sport. Ori e m\u00e2ncarea prea scump\u0103 &#8211; \u0219i e, c\u0103 am v\u0103zut \u0219i eu, dac\u0103 m\u0103 la\u0219i jum\u0103tate de an aci a\u0219a cred c\u0103 ajung \u0219i eu, ori au probleme cu bibilica.<\/p>\n<p>Pe mine m\u0103 apuc\u0103 foamea instant c\u00e2nd \u00eei v\u0103d p-\u0103\u0219tia, mi se face r\u0103u la inim\u0103.<\/p>\n<p>Mai revin eu \u0219i alt\u0103 dat\u0103 c\u0103 mi-e somn.<\/p>\n<p><a href=\"http:\/\/catalinx.ro\/wordpress\/wp-content\/uploads\/2017\/08\/DSC_1869-01.jpeg\"><img loading=\"lazy\" decoding=\"async\" data-attachment-id=\"9357\" data-permalink=\"https:\/\/catalinx.ro\/wordpress\/?attachment_id=9357#main\" data-orig-file=\"https:\/\/catalinx.ro\/wordpress\/wp-content\/uploads\/2017\/08\/DSC_1869-01.jpeg\" data-orig-size=\"1180,1366\" data-comments-opened=\"1\" data-image-meta=\"{&quot;aperture&quot;:&quot;0&quot;,&quot;credit&quot;:&quot;&quot;,&quot;camera&quot;:&quot;&quot;,&quot;caption&quot;:&quot;&quot;,&quot;created_timestamp&quot;:&quot;0&quot;,&quot;copyright&quot;:&quot;&quot;,&quot;focal_length&quot;:&quot;0&quot;,&quot;iso&quot;:&quot;0&quot;,&quot;shutter_speed&quot;:&quot;0&quot;,&quot;title&quot;:&quot;&quot;,&quot;orientation&quot;:&quot;0&quot;}\" data-image-title=\"DSC_1869-01\" data-image-description=\"\" data-image-caption=\"\" data-large-file=\"https:\/\/catalinx.ro\/wordpress\/wp-content\/uploads\/2017\/08\/DSC_1869-01-885x1024.jpeg\" class=\"alignnone size-large wp-image-9357\" src=\"http:\/\/catalinx.ro\/wordpress\/wp-content\/uploads\/2017\/08\/DSC_1869-01-885x1024.jpeg\" alt=\"\" width=\"668\" height=\"773\" srcset=\"https:\/\/catalinx.ro\/wordpress\/wp-content\/uploads\/2017\/08\/DSC_1869-01-885x1024.jpeg 885w, https:\/\/catalinx.ro\/wordpress\/wp-content\/uploads\/2017\/08\/DSC_1869-01-259x300.jpeg 259w, https:\/\/catalinx.ro\/wordpress\/wp-content\/uploads\/2017\/08\/DSC_1869-01-768x889.jpeg 768w, https:\/\/catalinx.ro\/wordpress\/wp-content\/uploads\/2017\/08\/DSC_1869-01.jpeg 1180w\" sizes=\"auto, (max-width: 668px) 100vw, 668px\" \/><\/a><\/p>\n<p>*Undeva mai sus m-am folosit de un cuvant japonez cu o inten\u021bie anume: limba \u0103stora. C\u00e2nd te ui\u021bi la ea scris\u0103, aduc unele cuvinte ba a german\u0103, \u00a0ba a englez\u0103, ba a altceva ce \u0219tii. Dar c\u00e2nd se apuc\u0103 de vorbesc e japonez\u0103 curat\u0103.<\/p>\n<p>M\u0103 \u00eentreba colega, \u00een prima zi, c\u0103 la ce sta\u021bie am cobor\u00e2t. Zic \u201db\u0103, nu mai \u0219tiu, pe aici pe aproape\u201d.<\/p>\n<p>Zice ceva din care-n\u021beleg \u201d\u3044\u3044\u3048\u571f\u5730\u306a\u3057\u201d. \u0218i \u00eei spun clar c\u0103 nu acolo.<\/p>\n<p>M\u0103 \u00eentreab\u0103 dac\u0103 cumva la Osterport. Aia \u00een\u021beleg \u0219i zic c\u0103 nu. La care ea zice c\u0103 altundeva nu am unde.<\/p>\n<p>M\u0103 uit pe google maps \u0219i \u00eei spun c\u0103 nu e a\u0219a, c\u0103 \u00a0la <a href=\"https:\/\/www.google.ro\/maps\/place\/Kongens+Nytorv,+K%C3%B8benhavn+K,+Danemarca\/@55.6801901,12.5829131,17z\/data=!3m1!4b1!4m5!3m4!1s0x46525317f4629fab:0xd747efaf0c843108!8m2!3d55.6801871!4d12.5851071\">Kogens Nytorv , pronun\u021b\u00e2nd cam cum cred eu c\u0103 s-ar zice \u00een englez\u0103.<\/a><\/p>\n<p>Nu \u00een\u021belege nimic \u0219i-i ar\u0103t.<\/p>\n<blockquote><p>-Aaa, pai cum spuneam , la\u00a0\u3044\u3044\u3048\u571f\u5730\u306a\u3057.<\/p>\n<p>-Super, da, acolo.<\/p><\/blockquote>\n<p>&nbsp;<\/p>\n<p>&nbsp;<\/p>\n","protected":false},"excerpt":{"rendered":"<p>Am ajuns prima dat\u0103 aci in 2015, pe la inceputul toamnei, dar aci p\u0103rea c\u0103-i cel devreme noiembrie. Am prins o vreme de c\u0103cat \u0219i-am&hellip;<\/p>\n","protected":false},"author":2,"featured_media":9354,"comment_status":"open","ping_status":"open","sticky":false,"template":"","format":"standard","meta":{"jetpack_post_was_ever_published":false,"_jetpack_newsletter_access":"","_jetpack_dont_email_post_to_subs":false,"_jetpack_newsletter_tier_id":0,"_jetpack_memberships_contains_paywalled_content":false,"_jetpack_memberships_contains_paid_content":false,"footnotes":"","jetpack_publicize_message":"","jetpack_publicize_feature_enabled":true,"jetpack_social_post_already_shared":true,"jetpack_social_options":{"image_generator_settings":{"template":"highway","default_image_id":0,"font":"","enabled":false},"version":2}},"categories":[2011,434,82],"tags":[594],"class_list":["post-9348","post","type-post","status-publish","format-standard","has-post-thumbnail","hentry","category-danemarca","category-despre-munca","category-prin-lume","tag-copenhaga"],"views":3966,"jetpack_publicize_connections":[],"jetpack_featured_media_url":"https:\/\/catalinx.ro\/wordpress\/wp-content\/uploads\/2017\/08\/DSC_1881-01.jpeg","jetpack_sharing_enabled":true,"jetpack_shortlink":"https:\/\/wp.me\/p4Eq23-2qM","jetpack-related-posts":[],"_links":{"self":[{"href":"https:\/\/catalinx.ro\/wordpress\/index.php?rest_route=\/wp\/v2\/posts\/9348","targetHints":{"allow":["GET"]}}],"collection":[{"href":"https:\/\/catalinx.ro\/wordpress\/index.php?rest_route=\/wp\/v2\/posts"}],"about":[{"href":"https:\/\/catalinx.ro\/wordpress\/index.php?rest_route=\/wp\/v2\/types\/post"}],"author":[{"embeddable":true,"href":"https:\/\/catalinx.ro\/wordpress\/index.php?rest_route=\/wp\/v2\/users\/2"}],"replies":[{"embeddable":true,"href":"https:\/\/catalinx.ro\/wordpress\/index.php?rest_route=%2Fwp%2Fv2%2Fcomments&post=9348"}],"version-history":[{"count":7,"href":"https:\/\/catalinx.ro\/wordpress\/index.php?rest_route=\/wp\/v2\/posts\/9348\/revisions"}],"predecessor-version":[{"id":9364,"href":"https:\/\/catalinx.ro\/wordpress\/index.php?rest_route=\/wp\/v2\/posts\/9348\/revisions\/9364"}],"wp:featuredmedia":[{"embeddable":true,"href":"https:\/\/catalinx.ro\/wordpress\/index.php?rest_route=\/wp\/v2\/media\/9354"}],"wp:attachment":[{"href":"https:\/\/catalinx.ro\/wordpress\/index.php?rest_route=%2Fwp%2Fv2%2Fmedia&parent=9348"}],"wp:term":[{"taxonomy":"category","embeddable":true,"href":"https:\/\/catalinx.ro\/wordpress\/index.php?rest_route=%2Fwp%2Fv2%2Fcategories&post=9348"},{"taxonomy":"post_tag","embeddable":true,"href":"https:\/\/catalinx.ro\/wordpress\/index.php?rest_route=%2Fwp%2Fv2%2Ftags&post=9348"}],"curies":[{"name":"wp","href":"https:\/\/api.w.org\/{rel}","templated":true}]}}